{"id":1093,"date":"2017-03-15T20:29:21","date_gmt":"2017-03-15T20:29:21","guid":{"rendered":"https:\/\/ecobnb.fr\/blog\/?p=1093"},"modified":"2024-09-03T14:36:03","modified_gmt":"2024-09-03T14:36:03","slug":"itineraires-velo-europe","status":"publish","type":"post","link":"https:\/\/ecobnb.fr\/blog\/2017\/03\/itineraires-velo-europe\/","title":{"rendered":"10 itin\u00e9raires en v\u00e9lo en Europe"},"content":{"rendered":"<p style=\"text-align: left;\"><em>Quand ton moral est bas , quand le jour te para\u00eet sombre, quand le travail devient monotone, quand l\u2019espoir n\u2019 y est pas, \u00a0grimpe sur un v\u00e9lo et roule sans penser \u00e0 autre chose que le chemin que tu empruntes.<\/em><\/p>\n<p style=\"text-align: right;\"><em>Sir Arthur Conan Doyle<\/em><\/p>\n<p style=\"text-align: left;\">Si cette ann\u00e9e vous avez promis \u00e0 vous-m\u00eames de <strong>voyager plus<\/strong>, de profiter de la libert\u00e9, de d\u00e9couvrir la nature et de nouveaux pays et de le faire d&rsquo;une <strong>mani\u00e8re respectueuse de l&rsquo;environnement<\/strong>, il n&rsquo;y a pas de meilleur moyen que de <strong>monter sur le v\u00e9lo<\/strong> et commencer \u00e0\u00a0p\u00e9daler.\u00a0L&rsquo;<strong>Europe<\/strong> a beaucoup \u00e0 offrir et le v\u00e9lo vous permet de d\u00e9couvrir les endroits peu connus, les lieux secrets et enchant\u00e9s. Mais quels sont les meilleurs<strong> voyages en v\u00e9lo en 2016<\/strong>? D\u00e9couvrons-les ensemble!<\/p>\n<h2 style=\"text-align: left;\">1. De Manciano \u00e0 Saturnia en v\u00e9lo<\/h2>\n<p><img class=\"alignnone wp-image-1101 size-full\" src=\"https:\/\/ecobnb.fr\/blog\/app\/uploads\/sites\/7\/2016\/10\/Panorama-MancianoMaremma-Toscana-870x490.jpg\" alt=\"10 itin\u00e9raires en v\u00e9lo en Europe - Toscana\" width=\"870\" height=\"490\" srcset=\"https:\/\/ecobnb.fr\/blog\/app\/uploads\/sites\/7\/2016\/10\/Panorama-MancianoMaremma-Toscana-870x490.jpg 870w, https:\/\/ecobnb.fr\/blog\/app\/uploads\/sites\/7\/2016\/10\/Panorama-MancianoMaremma-Toscana-870x490-536x302.jpg 536w, https:\/\/ecobnb.fr\/blog\/app\/uploads\/sites\/7\/2016\/10\/Panorama-MancianoMaremma-Toscana-870x490-570x320.jpg 570w, https:\/\/ecobnb.fr\/blog\/app\/uploads\/sites\/7\/2016\/10\/Panorama-MancianoMaremma-Toscana-870x490-344x194.jpg 344w\" sizes=\"(max-width: 870px) 100vw, 870px\" \/><\/p>\n<p style=\"text-align: left;\">Nous partons de l&rsquo;Italie, dans le c\u0153ur de la belle <strong>Maremma, en Toscane.<\/strong> On part de <strong>Manciano<\/strong>, une ville charmante et on p\u00e9dale \u00e0 travers une succession de collines et de parfums des vignobles.\u00a0On passe le village m\u00e9di\u00e9val de <strong>Montemerano<\/strong> et on arrive aux c\u00e9l\u00e8bres <strong>Terme de Saturnia<\/strong>: une oasis de paix, o\u00f9 vous pourrez vous d\u00e9tendre dans les belles piscines naturelles.<br \/>\n<span style=\"text-decoration: underline;\"><strong>Pourquoi nous l&rsquo;aimons:<\/strong><\/span> parce que la Maremma est l&rsquo;un des plus <strong>beaux endroits d&rsquo;Italie<\/strong> o\u00f9 vous pouvez facilement passer de la mer \u00e0 la montagne, de belles villes historiques \u00e0 la lagune.<br \/>\n<span style=\"text-decoration: underline;\"><strong>O\u00f9 dormir:<\/strong><\/span> A Manciano vous attend la <strong><a href=\"https:\/\/ecobnb.com\/IT-grosseto\/farm-house\/podere-santa-croce\/Dqm8C\" target=\"_blank\" rel=\"noopener\">ferme biologique Podere Santa Croce<\/a><\/strong> qui combine la saveur de l&rsquo;ancien avec le confort moderne.<\/p>\n<h2 style=\"text-align: left;\">2. Le long du Lac de Walenstadt<\/h2>\n<p><img class=\"alignnone wp-image-1102 size-full\" src=\"https:\/\/ecobnb.fr\/blog\/app\/uploads\/sites\/7\/2016\/10\/Walensee_Unterterzen-2-870x490.jpg\" alt=\"Le long du Lac de Walenstadt\" width=\"870\" height=\"490\" srcset=\"https:\/\/ecobnb.fr\/blog\/app\/uploads\/sites\/7\/2016\/10\/Walensee_Unterterzen-2-870x490.jpg 870w, https:\/\/ecobnb.fr\/blog\/app\/uploads\/sites\/7\/2016\/10\/Walensee_Unterterzen-2-870x490-536x302.jpg 536w, https:\/\/ecobnb.fr\/blog\/app\/uploads\/sites\/7\/2016\/10\/Walensee_Unterterzen-2-870x490-570x320.jpg 570w, https:\/\/ecobnb.fr\/blog\/app\/uploads\/sites\/7\/2016\/10\/Walensee_Unterterzen-2-870x490-344x194.jpg 344w\" sizes=\"(max-width: 870px) 100vw, 870px\" \/><\/p>\n<p style=\"text-align: left;\">Nous passons \u00e0 la <strong>Suisse<\/strong> pour cet <strong>incroyable tour autour du lac de Walenstadt<\/strong>, qui rappelle un fjord. C&rsquo;est une <strong>excursion parfaite pour la famille<\/strong>, entre de belles chutes d&rsquo;eau, de beaux paysages et de ports pittoresques des villages.<br \/>\n<span style=\"text-decoration: underline;\"><strong>Pourquoi nous l&rsquo;aimons:<\/strong><\/span> le long du lac ne manquent pas des attractions \u00e9tonnantes telles que les <strong>cascades de Seerenbach<\/strong> ou la ville de Weesen.<br \/>\n<span style=\"text-decoration: underline;\"><strong>O\u00f9 dormir:<\/strong><\/span> en t\u00e9l\u00e9ph\u00e9rique, vous pouvez rejoindre un <a href=\"https:\/\/aescher.ch\/en\/\" target=\"_blank\" rel=\"noopener\">refuge unique au monde<\/a>, situ\u00e9 dans la roche.<\/p>\n<h2 style=\"text-align: left;\">3. En v\u00e9lo \u00e0 la d\u00e9couverte de Porquerolles<\/h2>\n<p><img class=\"alignnone wp-image-1103 size-full\" src=\"https:\/\/ecobnb.fr\/blog\/app\/uploads\/sites\/7\/2016\/10\/La-plage-de-Notre-Dame-3-2-km-1h-a-pied-20-mn-en-velo-2-870x490.jpg\" alt=\"En v\u00e9lo \u00e0 la d\u00e9couverte de Porquerolles\" width=\"870\" height=\"490\" srcset=\"https:\/\/ecobnb.fr\/blog\/app\/uploads\/sites\/7\/2016\/10\/La-plage-de-Notre-Dame-3-2-km-1h-a-pied-20-mn-en-velo-2-870x490.jpg 870w, https:\/\/ecobnb.fr\/blog\/app\/uploads\/sites\/7\/2016\/10\/La-plage-de-Notre-Dame-3-2-km-1h-a-pied-20-mn-en-velo-2-870x490-536x302.jpg 536w, https:\/\/ecobnb.fr\/blog\/app\/uploads\/sites\/7\/2016\/10\/La-plage-de-Notre-Dame-3-2-km-1h-a-pied-20-mn-en-velo-2-870x490-570x320.jpg 570w, https:\/\/ecobnb.fr\/blog\/app\/uploads\/sites\/7\/2016\/10\/La-plage-de-Notre-Dame-3-2-km-1h-a-pied-20-mn-en-velo-2-870x490-344x194.jpg 344w\" sizes=\"(max-width: 870px) 100vw, 870px\" \/><\/p>\n<p style=\"text-align: left;\">De plages des <strong>Cara\u00efbes<\/strong>, l&rsquo;odeur de l&rsquo;air salin, des <strong>champs de lavande<\/strong> et une nature intacte: tout cela et plus encore, vous attend \u00e0<strong> Porquerolles<\/strong>, <strong>petite \u00eele de la France<\/strong>, le long de <a href=\"https:\/\/ecobnb.com\/itinerary\/to-the-discovery-of-porquerolles-by-bike\" target=\"_blank\" rel=\"noopener\">cette belle piste cyclable<\/a>, entre terre et mer.<br \/>\n<span style=\"text-decoration: underline;\"><strong>Pourquoi nous l&rsquo;aimons:<\/strong><\/span> pour le phare entour\u00e9 par la mer et par une incroyable nature sauvage.<br \/>\n<span style=\"text-decoration: underline;\"><strong>O\u00f9 dormir:<\/strong><\/span> dans une \u00eele voisine, vous trouverez le <strong>magnifique <a href=\"https:\/\/ecobnb.com\/FR-hyeres\/hotel\/le-provencal\/cHG9C\" target=\"_blank\" rel=\"noopener\">H\u00f4tel Le Proven\u00e7a<\/a>l<\/strong>, avec l&rsquo;atmosph\u00e8re typique de la Provence, une plage priv\u00e9e et un jardin de deux acres.<\/p>\n<h2 style=\"text-align: left;\">4. Faaker See<\/h2>\n<p><img class=\"alignnone wp-image-1104 size-full\" src=\"https:\/\/ecobnb.fr\/blog\/app\/uploads\/sites\/7\/2016\/10\/Faaker_See_-_Blick_nach_Norden-870x490.jpg\" alt=\"Faaker See\" width=\"870\" height=\"490\" srcset=\"https:\/\/ecobnb.fr\/blog\/app\/uploads\/sites\/7\/2016\/10\/Faaker_See_-_Blick_nach_Norden-870x490.jpg 870w, https:\/\/ecobnb.fr\/blog\/app\/uploads\/sites\/7\/2016\/10\/Faaker_See_-_Blick_nach_Norden-870x490-536x302.jpg 536w, https:\/\/ecobnb.fr\/blog\/app\/uploads\/sites\/7\/2016\/10\/Faaker_See_-_Blick_nach_Norden-870x490-570x320.jpg 570w, https:\/\/ecobnb.fr\/blog\/app\/uploads\/sites\/7\/2016\/10\/Faaker_See_-_Blick_nach_Norden-870x490-344x194.jpg 344w\" sizes=\"(max-width: 870px) 100vw, 870px\" \/><\/p>\n<p style=\"text-align: left;\">Ici, nous sommes en <strong>Carinthie<\/strong>, l&rsquo;une des plus belles r\u00e9gions d&rsquo;<strong>Autriche<\/strong>. Cet <a href=\"https:\/\/ecobnb.com\/itinerary\/lake-faak\" target=\"_blank\" rel=\"noopener\">itin\u00e9raire circulaire<\/a> vous emm\u00e8nera \u00e0 la d\u00e9couverte de l&rsquo;un des plus beaux lacs de la r\u00e9gion, un v\u00e9ritable paradis.<br \/>\n<span style=\"text-decoration: underline;\"><strong>Pourquoi nous l&rsquo;aimons:<\/strong><\/span> parce que vous pourrez d\u00e9couvrir le <strong>magnifique ch\u00e2teau de Finkenstein<\/strong>, son ar\u00e8ne et \u00e0 proximit\u00e9, vous pourrez essayer l&rsquo;escalade!<br \/>\n<span style=\"text-decoration: underline;\"><strong>O\u00f9 dormir:<\/strong><\/span> directement sur le lac, vous trouverez\u00a0le <a href=\"https:\/\/ecobnb.de\/AT-villach\/hotel\/natur-faakersee\/s3ptd\" target=\"_blank\" rel=\"noopener\"><strong>Naturel Fakersee<\/strong><\/a>, une oasis de tranquillit\u00e9 offrant de belles chambres et un excellent restaurant proposant des produits biologiques.<\/p>\n<h2 style=\"text-align: left;\">5. La piste cyclable de la Valsugana<\/h2>\n<p><img class=\"alignnone wp-image-1105 size-full\" src=\"https:\/\/ecobnb.fr\/blog\/app\/uploads\/sites\/7\/2016\/10\/Monelli-ciclabile-3-960X644-870x490.jpg\" alt=\"La piste cyclable de la Valsugana\" width=\"870\" height=\"490\" srcset=\"https:\/\/ecobnb.fr\/blog\/app\/uploads\/sites\/7\/2016\/10\/Monelli-ciclabile-3-960X644-870x490.jpg 870w, https:\/\/ecobnb.fr\/blog\/app\/uploads\/sites\/7\/2016\/10\/Monelli-ciclabile-3-960X644-870x490-536x302.jpg 536w, https:\/\/ecobnb.fr\/blog\/app\/uploads\/sites\/7\/2016\/10\/Monelli-ciclabile-3-960X644-870x490-570x320.jpg 570w, https:\/\/ecobnb.fr\/blog\/app\/uploads\/sites\/7\/2016\/10\/Monelli-ciclabile-3-960X644-870x490-344x194.jpg 344w\" sizes=\"(max-width: 870px) 100vw, 870px\" \/><\/p>\n<p style=\"text-align: left;\">Revenons \u00e0 l&rsquo;Italie, cette fois-ci vers le Nord. La <a href=\"https:\/\/ecobnb.com\/itinerary\/the-cycle-path-of-valsugana\" target=\"_blank\" rel=\"noopener\">route est encore peu connue<\/a>, mais elle donne des<strong> \u00e9motions et des points de vue \u00e0 ne pas manquer<\/strong>. La <strong>Valsugana<\/strong> est un territoire riche et le v\u00e9lo est le meilleur moyen de d\u00e9couvrir ses for\u00eats, son verger de pommes et ses petits villages.<br \/>\n<span style=\"text-decoration: underline;\"><strong>Pourquoi nous l&rsquo;aimons:<\/strong><\/span> pour la <strong>rivi\u00e8re Brenta<\/strong> qui nous emm\u00e8ne tout le chemin vers la plaine de Marcesina, autrement dite <em>&laquo;&nbsp;la Finlande de l&rsquo;Italie&nbsp;&raquo;<\/em> et <strong>Bassano del Grappa<\/strong>, point d&rsquo;arriv\u00e9e de l&rsquo;itin\u00e9raire et la charmante ville o\u00f9 vous trouverez le Pont des Alpini, con\u00e7u par Palladio.<br \/>\n<span style=\"text-decoration: underline;\"><strong>O\u00f9 dormir:<\/strong><\/span> pas loin de la piste cyclable, \u00e0 Paderno del Grappa, vous trouverez <strong><a href=\"https:\/\/ecobnb.com\/IT-treviso\/hotel\/san-giacomo-sport-relax\/bfNcf\" target=\"_blank\" rel=\"noopener\">l&rsquo;\u00e9co-h\u00f4tel San Giacomo Sport &amp; Relax<\/a><\/strong>.<\/p>\n<h2 style=\"text-align: left;\">6. La piste cyclable autour du lac de Constance<\/h2>\n<div id=\"attachment_2059\" class=\"thumbnail alignnone\"><img class=\"wp-image-2059 size-large\" src=\"https:\/\/ecobnb.fr\/blog\/app\/uploads\/sites\/7\/2017\/03\/costance-870x490.jpeg\" alt=\"La piste cyclable autour du lac de Constance\" width=\"870\" height=\"490\" srcset=\"https:\/\/ecobnb.fr\/blog\/app\/uploads\/sites\/7\/2017\/03\/costance-870x490.jpeg 870w, https:\/\/ecobnb.fr\/blog\/app\/uploads\/sites\/7\/2017\/03\/costance-570x320.jpeg 570w\" sizes=\"(max-width: 870px) 100vw, 870px\" \/><div class=\"caption\">Lac de Constance, photo via pexels<\/div><\/div>\n<p style=\"text-align: left;\">Cette fois, le voyage est long. Pour passer de <strong>vacances actives<\/strong> d&rsquo;une semaine, il n&rsquo;y a rien de mieux que le <strong><a href=\"https:\/\/ecobnb.com\/itinerary\/cycle-path-costance-lake\" target=\"_blank\" rel=\"noopener\">lac de Constance<\/a><\/strong>, une perle situ\u00e9e dans <strong>trois Etats (Allemagne, Autriche et Suisse)<\/strong>. Malgr\u00e9 la longueur de la route, cet itin\u00e9raire est adapt\u00e9 pour tout le monde et compl\u00e8tement personnalisable gr\u00e2ce aux bateaux qui relient les rives du lac.<br \/>\n<span style=\"text-decoration: underline;\"><strong>Pourquoi nous l&rsquo;aimons:<\/strong><\/span> pendant la route, vous pourrez d\u00e9couvrir des coins du monde inoubliable comme la dynamique Constance, l&rsquo;\u00eele paradisiaque des fleurs de <strong>Mainau<\/strong> ou la pittoresque <strong>Lindau<\/strong>.<br \/>\n<span style=\"text-decoration: underline;\"><strong>O\u00f9 dormir:<\/strong><\/span> A quelques kilom\u00e8tres de Constance, vous trouverez une sympathique auberge de jeunesse <strong><a href=\"https:\/\/ecobnb.com\/CH-kreuzlingen\/hostel\/jugendherberge-kreuzlingen\/NHgJX\" target=\"_blank\" rel=\"noopener\">Jugendherberge Kreuzlingen<\/a><\/strong> dans une belle maison historique.<\/p>\n<h2 style=\"text-align: left;\">7. Tour en VTT dans le Parc National de Tara<\/h2>\n<p><img class=\"alignnone wp-image-1107 size-full\" src=\"https:\/\/ecobnb.fr\/blog\/app\/uploads\/sites\/7\/2016\/10\/40943213-870x490.jpg\" alt=\"Tour en VTT dans le Parc National de Tara\" width=\"870\" height=\"490\" srcset=\"https:\/\/ecobnb.fr\/blog\/app\/uploads\/sites\/7\/2016\/10\/40943213-870x490.jpg 870w, https:\/\/ecobnb.fr\/blog\/app\/uploads\/sites\/7\/2016\/10\/40943213-870x490-536x302.jpg 536w, https:\/\/ecobnb.fr\/blog\/app\/uploads\/sites\/7\/2016\/10\/40943213-870x490-570x320.jpg 570w, https:\/\/ecobnb.fr\/blog\/app\/uploads\/sites\/7\/2016\/10\/40943213-870x490-344x194.jpg 344w\" sizes=\"(max-width: 870px) 100vw, 870px\" \/><\/p>\n<p style=\"text-align: left;\">La <strong>Serbie<\/strong>: si loin du tourisme de masse qu&rsquo; incroyable. Le <strong>Parc National de Tara<\/strong>, dans l&rsquo;ouest de la Serbie, offre aux voyageurs un itin\u00e9raire passionnant \u00e0 travers des altitudes consid\u00e9rables.<br \/>\n<span style=\"text-decoration: underline;\"><strong>Pourquoi nous l&rsquo;aimons:<\/strong><\/span> pour la riche flore du <strong>Mont Tara<\/strong>, de ses environs et pour les vues \u00e0 couper le souffle que vous pourrez voir pendant le trajet.<br \/>\n<span style=\"text-decoration: underline;\"><strong>O\u00f9 dormir:<\/strong><\/span> A proximit\u00e9 du Parc National de Tara, vous trouverez un certain nombre de structures respectueuses de l&rsquo;environnement et \u00e9conomiques, y compris l&rsquo;<strong>appartement caract\u00e9ristique <a href=\"https:\/\/ecobnb.com\/RS-zlatibor\/apartment\/zaovljanska-lakes-tara\/F0lTb\" target=\"_blank\" rel=\"noopener\">Zaovljanska Lakes Tara<\/a><\/strong>.<\/p>\n<h2 style=\"text-align: left;\">8. De Trieste \u00e0 Parenzo, la piste cyclable de la Sant\u00e9 et de l&rsquo;Amiti\u00e9<\/h2>\n<p><img class=\"alignnone wp-image-1108 size-full\" src=\"https:\/\/ecobnb.fr\/blog\/app\/uploads\/sites\/7\/2016\/10\/SetWidth1700-Destination-picture2-870x490.jpg\" alt=\"De Trieste \u00e0 Parenzo, la piste cyclable de la Sant\u00e9 et de l'Amiti\u00e9\" width=\"870\" height=\"490\" srcset=\"https:\/\/ecobnb.fr\/blog\/app\/uploads\/sites\/7\/2016\/10\/SetWidth1700-Destination-picture2-870x490.jpg 870w, https:\/\/ecobnb.fr\/blog\/app\/uploads\/sites\/7\/2016\/10\/SetWidth1700-Destination-picture2-870x490-536x302.jpg 536w, https:\/\/ecobnb.fr\/blog\/app\/uploads\/sites\/7\/2016\/10\/SetWidth1700-Destination-picture2-870x490-570x320.jpg 570w, https:\/\/ecobnb.fr\/blog\/app\/uploads\/sites\/7\/2016\/10\/SetWidth1700-Destination-picture2-870x490-344x194.jpg 344w\" sizes=\"(max-width: 870px) 100vw, 870px\" \/><\/p>\n<p style=\"text-align: left;\">Pour un weekend inoubliable, nous vous proposons un <strong>voyage en Istrie<\/strong>, un <a href=\"https:\/\/ecobnb.com\/itinerary\/from-trieste-to-porec-the-route-of-health-and-friendship\" target=\"_blank\" rel=\"noopener\">itin\u00e9raire tr\u00e8s sp\u00e9cial<\/a>. On part de Trieste et on continue sur une <strong>ancienne ligne de chemin de fer<\/strong> d\u00e9saffect\u00e9e et reconvertie en une piste cyclable. La piste poursuit \u00e0 travers la Slov\u00e9nie et ses villages pittoresques jusqu&rsquo;\u00e0 arriver en <strong>Croatie<\/strong>, entre la garrigue, les champs de sel et le bleu de la Mer Adriatique.<br \/>\n<span style=\"text-decoration: underline;\"><strong>Pourquoi nous l&rsquo;aimons:<\/strong><\/span> la Parenzana est une belle et passionnante piste cyclable, \u00e0 faire au moins une fois dans la vie, pour d\u00e9couvrir trois \u00e9tonnants pays.<br \/>\n<span style=\"text-decoration: underline;\"><strong>O\u00f9 dormir:<\/strong><\/span> Avant de partir, vous pouvez rester au <strong><a href=\"https:\/\/ecobnb.com\/IT-trieste\/bed-breakfast\/b-b-al-ferdinandeo\/7nXlt\" target=\"_blank\" rel=\"noopener\">B&amp;B Ferdinandeo<\/a><\/strong>. Le long de la route (avec un petit \u00e9cart) vous attend le plus ancien phare de l&rsquo;Adriatique pour un s\u00e9jour encore plus sp\u00e9cial!<\/p>\n<h2 style=\"text-align: left;\">9. La piste cyclable de l&rsquo;Aare, d&rsquo;Interlaken \u00e0 Berne<\/h2>\n<p><img class=\"alignnone wp-image-1109 size-full\" src=\"https:\/\/ecobnb.fr\/blog\/app\/uploads\/sites\/7\/2016\/10\/8berna-svizzera-870x490.jpg\" alt=\"La piste cyclable de l'Aare, d'Interlaken \u00e0 Berne\" width=\"870\" height=\"490\" srcset=\"https:\/\/ecobnb.fr\/blog\/app\/uploads\/sites\/7\/2016\/10\/8berna-svizzera-870x490.jpg 870w, https:\/\/ecobnb.fr\/blog\/app\/uploads\/sites\/7\/2016\/10\/8berna-svizzera-870x490-536x302.jpg 536w, https:\/\/ecobnb.fr\/blog\/app\/uploads\/sites\/7\/2016\/10\/8berna-svizzera-870x490-570x320.jpg 570w, https:\/\/ecobnb.fr\/blog\/app\/uploads\/sites\/7\/2016\/10\/8berna-svizzera-870x490-344x194.jpg 344w\" sizes=\"(max-width: 870px) 100vw, 870px\" \/><\/p>\n<p style=\"text-align: left;\">Maintenant, il est temps de parcourir une section d&rsquo;un long chemin en Suisse. <a href=\"https:\/\/ecobnb.com\/itinerary\/the-aare-cycle-path-from-interlake-to-bern\" target=\"_blank\" rel=\"noopener\">L&rsquo;itin\u00e9raire en v\u00e9lo suit la <strong>rivi\u00e8re Aare<\/strong><\/a> entre des chalets de montagne, des lacs turquoise et des villes magiques.<br \/>\n<span style=\"text-decoration: underline;\"><strong>Pourquoi nous l&rsquo;aimons:<\/strong><\/span> pour les hauts trottoirs de <strong>Thun<\/strong>, unique en Europe, pour <strong>Berne<\/strong>, patrimoine mondial de l&rsquo;UNESCO et pour les <strong>vues de la vall\u00e9e de l&rsquo;Aar<\/strong>.<br \/>\n<span style=\"text-decoration: underline;\"><strong>O\u00f9 dormir:<\/strong><\/span> A Spiez, vous pourrez trouver un <strong>h\u00f4tel respectueux de l&rsquo;environnement<\/strong> qui produit l&rsquo;\u00e9lectricit\u00e9 \u00e0 partir de sources renouvelables 100%: <strong><a href=\"https:\/\/ecobnb.com\/CH-frutigen-niedersimmental\/hotel\/gastehaus-seeblick\/1Z5tX\" target=\"_blank\" rel=\"noopener\">le G\u00e4stehaus Seeblick<\/a>.<\/strong><\/p>\n<h2 style=\"text-align: left;\">10. Tour de l&rsquo;\u00eele de Poel<\/h2>\n<p><img class=\"alignnone wp-image-1110 size-full\" src=\"https:\/\/ecobnb.fr\/blog\/app\/uploads\/sites\/7\/2016\/10\/Poel_Island_Baltic_Sea_in_winter_2-870x490.jpg\" alt=\"Tour de l'\u00eele de Poel\" width=\"870\" height=\"490\" srcset=\"https:\/\/ecobnb.fr\/blog\/app\/uploads\/sites\/7\/2016\/10\/Poel_Island_Baltic_Sea_in_winter_2-870x490.jpg 870w, https:\/\/ecobnb.fr\/blog\/app\/uploads\/sites\/7\/2016\/10\/Poel_Island_Baltic_Sea_in_winter_2-870x490-536x302.jpg 536w, https:\/\/ecobnb.fr\/blog\/app\/uploads\/sites\/7\/2016\/10\/Poel_Island_Baltic_Sea_in_winter_2-870x490-570x320.jpg 570w, https:\/\/ecobnb.fr\/blog\/app\/uploads\/sites\/7\/2016\/10\/Poel_Island_Baltic_Sea_in_winter_2-870x490-344x194.jpg 344w\" sizes=\"(max-width: 870px) 100vw, 870px\" \/><\/p>\n<p style=\"text-align: left;\">Voici notre destination finale, un <strong>coin de l&rsquo;Allemagne peu connu<\/strong>. Loin de la ville et de l&rsquo;imaginaire collectif, voici l<strong>&lsquo;<a href=\"https:\/\/ecobnb.com\/itinerary\/around-the-island-of-poel\" target=\"_blank\" rel=\"noopener\">\u00eele de Poel<\/a><\/strong>. L&rsquo;itin\u00e9raire vous permet de d\u00e9couvrir l&rsquo;arri\u00e8re-pays et les grandes plages avec de belles falaises. La <strong>mer Baltique<\/strong> vous attend!<br \/>\n<span style=\"text-decoration: underline;\"><strong>Pourquoi nous l&rsquo;aimons:<\/strong><\/span> pour les nombreux oiseaux qui volent au-dessus de la mer; ne pas oubliez vos jumelles!<br \/>\n<span style=\"text-decoration: underline;\"><strong>O\u00f9 dormir:<\/strong><\/span> pas loin de l&rsquo;\u00eele, vous attend <strong><a href=\"https:\/\/ecobnb.com\/DE-ostholstein\/hotel\/gutshaus-parin\/GJpHH\" target=\"_blank\" rel=\"noopener\">Gutshaus Parin<\/a><\/strong> avec un petit d\u00e9jeuner biologique 100% et de belles chambres meubl\u00e9es avec du bois.<\/p>\n<p style=\"text-align: left;\">Avez-vous d\u00e9j\u00e0 parcouru un de ces routes? Avez vous d&rsquo;autres \u00e0 recommander? Ecrivez ci dessous dans les commentaires.<\/p>\n","protected":false},"excerpt":{"rendered":"<p>Quand ton moral est bas , quand le jour te para\u00eet sombre, quand le travail devient monotone, quand l\u2019espoir n\u2019 y est pas, \u00a0grimpe sur un v\u00e9lo et roule sans penser \u00e0 autre chose que le chemin que tu empruntes. Sir Arthur Conan Doyle Si cette ann\u00e9e vous avez promis \u00e0 vous-m\u00eames de voyager plus, [&hellip;]<\/p>\n","protected":false},"author":45,"featured_media":1098,"comment_status":"closed","ping_status":"open","sticky":false,"template":"","format":"standard","meta":[],"categories":[199],"tags":[177,175,174,173,176,178],"acf":[],"yoast_head":"<!-- This site is optimized with the Yoast SEO plugin v19.9 - https:\/\/yoast.com\/wordpress\/plugins\/seo\/ -->\n<title>Top 10 itin\u00e9raires en v\u00e9lo en Europe<\/title>\n<meta name=\"description\" content=\"L&#039;Europe a beaucoup \u00e0 offrir et le v\u00e9lo vous permet de d\u00e9couvrir les endroits peu connus, les lieux secrets et enchant\u00e9s. Ici les meilleurs voyages en v\u00e9lo\" \/>\n<meta name=\"robots\" content=\"index, follow, max-snippet:-1, max-image-preview:large, max-video-preview:-1\" \/>\n<link rel=\"canonical\" href=\"https:\/\/ecobnb.fr\/blog\/2017\/03\/itineraires-velo-europe\/\" \/>\n<meta property=\"og:locale\" content=\"fr_FR\" \/>\n<meta property=\"og:type\" content=\"article\" \/>\n<meta property=\"og:title\" content=\"Top 10 itin\u00e9raires en v\u00e9lo en Europe\" \/>\n<meta property=\"og:description\" content=\"L&#039;Europe a beaucoup \u00e0 offrir et le v\u00e9lo vous permet de d\u00e9couvrir les endroits peu connus, les lieux secrets et enchant\u00e9s. Ici les meilleurs voyages en v\u00e9lo\" \/>\n<meta property=\"og:url\" content=\"https:\/\/ecobnb.fr\/blog\/2017\/03\/itineraires-velo-europe\/\" \/>\n<meta property=\"og:site_name\" content=\"Ecobnb\" \/>\n<meta property=\"article:published_time\" content=\"2017-03-15T20:29:21+00:00\" \/>\n<meta property=\"article:modified_time\" content=\"2024-09-03T14:36:03+00:00\" \/>\n<meta property=\"og:image\" content=\"https:\/\/ecobnb.fr\/blog\/app\/uploads\/sites\/7\/2016\/10\/photo-1452864982845-a252432b5d73.jpeg\" \/>\n\t<meta property=\"og:image:width\" content=\"1170\" \/>\n\t<meta property=\"og:image:height\" content=\"490\" \/>\n\t<meta property=\"og:image:type\" content=\"image\/jpeg\" \/>\n<meta name=\"author\" content=\"Lucia Violi\" \/>\n<meta name=\"twitter:card\" content=\"summary_large_image\" \/>\n<meta name=\"twitter:label1\" content=\"Written by\" \/>\n\t<meta name=\"twitter:data1\" content=\"Lucia Violi\" \/>\n\t<meta name=\"twitter:label2\" content=\"Est. reading time\" \/>\n\t<meta name=\"twitter:data2\" content=\"9 minutes\" \/>\n<!-- \/ Yoast SEO plugin. -->","yoast_head_json":{"title":"Top 10 itin\u00e9raires en v\u00e9lo en Europe","description":"L'Europe a beaucoup \u00e0 offrir et le v\u00e9lo vous permet de d\u00e9couvrir les endroits peu connus, les lieux secrets et enchant\u00e9s. Ici les meilleurs voyages en v\u00e9lo","robots":{"index":"index","follow":"follow","max-snippet":"max-snippet:-1","max-image-preview":"max-image-preview:large","max-video-preview":"max-video-preview:-1"},"canonical":"https:\/\/ecobnb.fr\/blog\/2017\/03\/itineraires-velo-europe\/","og_locale":"fr_FR","og_type":"article","og_title":"Top 10 itin\u00e9raires en v\u00e9lo en Europe","og_description":"L'Europe a beaucoup \u00e0 offrir et le v\u00e9lo vous permet de d\u00e9couvrir les endroits peu connus, les lieux secrets et enchant\u00e9s. Ici les meilleurs voyages en v\u00e9lo","og_url":"https:\/\/ecobnb.fr\/blog\/2017\/03\/itineraires-velo-europe\/","og_site_name":"Ecobnb","article_published_time":"2017-03-15T20:29:21+00:00","article_modified_time":"2024-09-03T14:36:03+00:00","og_image":[{"width":1170,"height":490,"url":"https:\/\/ecobnb.fr\/blog\/app\/uploads\/sites\/7\/2016\/10\/photo-1452864982845-a252432b5d73.jpeg","type":"image\/jpeg"}],"author":"Lucia Violi","twitter_card":"summary_large_image","twitter_misc":{"Written by":"Lucia Violi","Est. reading time":"9 minutes"},"schema":{"@context":"https:\/\/schema.org","@graph":[{"@type":"WebPage","@id":"https:\/\/ecobnb.fr\/blog\/2017\/03\/itineraires-velo-europe\/","url":"https:\/\/ecobnb.fr\/blog\/2017\/03\/itineraires-velo-europe\/","name":"Top 10 itin\u00e9raires en v\u00e9lo en Europe","isPartOf":{"@id":"https:\/\/ecobnb.fr\/blog\/#website"},"datePublished":"2017-03-15T20:29:21+00:00","dateModified":"2024-09-03T14:36:03+00:00","author":{"@id":"https:\/\/ecobnb.fr\/blog\/#\/schema\/person\/11d6023fb7305d806b5425d5100d35ce"},"description":"L'Europe a beaucoup \u00e0 offrir et le v\u00e9lo vous permet de d\u00e9couvrir les endroits peu connus, les lieux secrets et enchant\u00e9s. Ici les meilleurs voyages en v\u00e9lo","breadcrumb":{"@id":"https:\/\/ecobnb.fr\/blog\/2017\/03\/itineraires-velo-europe\/#breadcrumb"},"inLanguage":"fr-FR","potentialAction":[{"@type":"ReadAction","target":["https:\/\/ecobnb.fr\/blog\/2017\/03\/itineraires-velo-europe\/"]}]},{"@type":"BreadcrumbList","@id":"https:\/\/ecobnb.fr\/blog\/2017\/03\/itineraires-velo-europe\/#breadcrumb","itemListElement":[{"@type":"ListItem","position":1,"name":"Home","item":"https:\/\/ecobnb.fr\/blog\/"},{"@type":"ListItem","position":2,"name":"10 itin\u00e9raires en v\u00e9lo en Europe"}]},{"@type":"WebSite","@id":"https:\/\/ecobnb.fr\/blog\/#website","url":"https:\/\/ecobnb.fr\/blog\/","name":"Ecobnb","description":"Find sustainable accommodation","potentialAction":[{"@type":"SearchAction","target":{"@type":"EntryPoint","urlTemplate":"https:\/\/ecobnb.fr\/blog\/?s={search_term_string}"},"query-input":"required name=search_term_string"}],"inLanguage":"fr-FR"},{"@type":"Person","@id":"https:\/\/ecobnb.fr\/blog\/#\/schema\/person\/11d6023fb7305d806b5425d5100d35ce","name":"Lucia Violi","image":{"@type":"ImageObject","inLanguage":"fr-FR","@id":"https:\/\/ecobnb.fr\/blog\/#\/schema\/person\/image\/","url":"https:\/\/secure.gravatar.com\/avatar\/021337ef2223019fa81bf70de2e118ee?s=96&d=monsterid&r=g","contentUrl":"https:\/\/secure.gravatar.com\/avatar\/021337ef2223019fa81bf70de2e118ee?s=96&d=monsterid&r=g","caption":"Lucia Violi"},"description":"Parmigiana di origine, ma trentina di adozione, sono una grande sognatrice; in qualunque viaggio, amo portare con me uno zaino capiente, dove raccogliere e portare a casa emozioni, avventure e nuove conoscenze; adoro la montagna e la natura. Affascinata da tutto ci\u00f2 che \u00e8 \u201caltro\u201d dopo aver trascorso alcuni periodi all\u2019estero, tra cui Scozia e Francia, mi appassiono al turismo laureandomi in International Tourism in Svizzera. Tra le mie passioni, adoro provare diversi tipi di te, nel tempo libero salgo in sella alla mia TREK e pedalo e quando non pedalo... amo stare con la mia family e i miei amici.","url":"https:\/\/ecobnb.fr\/blog\/author\/violilucia\/"}]}},"_links":{"self":[{"href":"https:\/\/ecobnb.fr\/blog\/wp-json\/wp\/v2\/posts\/1093"}],"collection":[{"href":"https:\/\/ecobnb.fr\/blog\/wp-json\/wp\/v2\/posts"}],"about":[{"href":"https:\/\/ecobnb.fr\/blog\/wp-json\/wp\/v2\/types\/post"}],"author":[{"embeddable":true,"href":"https:\/\/ecobnb.fr\/blog\/wp-json\/wp\/v2\/users\/45"}],"replies":[{"embeddable":true,"href":"https:\/\/ecobnb.fr\/blog\/wp-json\/wp\/v2\/comments?post=1093"}],"version-history":[{"count":18,"href":"https:\/\/ecobnb.fr\/blog\/wp-json\/wp\/v2\/posts\/1093\/revisions"}],"predecessor-version":[{"id":5718,"href":"https:\/\/ecobnb.fr\/blog\/wp-json\/wp\/v2\/posts\/1093\/revisions\/5718"}],"wp:featuredmedia":[{"embeddable":true,"href":"https:\/\/ecobnb.fr\/blog\/wp-json\/wp\/v2\/media\/1098"}],"wp:attachment":[{"href":"https:\/\/ecobnb.fr\/blog\/wp-json\/wp\/v2\/media?parent=1093"}],"wp:term":[{"taxonomy":"category","embeddable":true,"href":"https:\/\/ecobnb.fr\/blog\/wp-json\/wp\/v2\/categories?post=1093"},{"taxonomy":"post_tag","embeddable":true,"href":"https:\/\/ecobnb.fr\/blog\/wp-json\/wp\/v2\/tags?post=1093"}],"curies":[{"name":"wp","href":"https:\/\/api.w.org\/{rel}","templated":true}]}}