{"id":1619,"date":"2018-08-29T11:08:48","date_gmt":"2018-08-29T11:08:48","guid":{"rendered":"https:\/\/ecobnb.fr\/blog\/?p=1619"},"modified":"2024-04-22T14:37:18","modified_gmt":"2024-04-22T14:37:18","slug":"eco-glamping-europe","status":"publish","type":"post","link":"https:\/\/ecobnb.fr\/blog\/2018\/08\/eco-glamping-europe\/","title":{"rendered":"Envie d\u2019eco-glamping? Voici les 10 plus beaux d\u2019Europe!"},"content":{"rendered":"<h3>Quand le glamour rencontre le camping, voil\u00e0 l\u2019eco-glamping: tentes et logements de luxe avec tout le confort n\u00e9cessaire. Un nouveau moyen de voyager qui est en train de s\u00e9duire l\u2019Europe enti\u00e8re.<b><i><span class=\"Apple-converted-space\">\u00a0<\/span><\/i><\/b><\/h3>\n<p>On avait d\u00e9j\u00e0 parl\u00e9 des eco-glamping\u00a0<a href=\"https:\/\/ecobnb.com\/blog\/2016\/09\/eco-friendly-glamping-world\/\" target=\"_blank\" rel=\"noopener\">les plus beaux au monde<\/a>\u00a0(link en anglais)\u00a0et des eco-glamping\u00a0<a href=\"https:\/\/ecobnb.com\/blog\/2015\/08\/eco-friendly-glamping-italy\/\" target=\"_blank\" rel=\"noopener\">les plus fascinants d\u2019Italie<\/a>\u00a0(link en anglais). Maintenant il faut parler des plus beaux d\u2019Europe! Voici notre top 10:<span class=\"Apple-converted-space\">\u00a0<\/span><\/p>\n<h2>1. En \u00e9cosse, pour dormir comme les Am\u00e9ricains natifs<\/h2>\n\n\t\t<style type=\"text\/css\">\n\t\t\t#gallery-1 {\n\t\t\t\tmargin: auto;\n\t\t\t}\n\t\t\t#gallery-1 .gallery-item {\n\t\t\t\tfloat: left;\n\t\t\t\tmargin-top: 10px;\n\t\t\t\ttext-align: center;\n\t\t\t\twidth: 33%;\n\t\t\t}\n\t\t\t#gallery-1 img {\n\t\t\t\tborder: 2px solid #cfcfcf;\n\t\t\t}\n\t\t\t#gallery-1 .gallery-caption {\n\t\t\t\tmargin-left: 0;\n\t\t\t}\n\t\t\t\/* see gallery_shortcode() in wp-includes\/media.php *\/\n\t\t<\/style>\n\t\t<div id='gallery-1' class='gallery galleryid-1619 gallery-columns-3 gallery-size-thumbnail'><dl class='gallery-item'>\n\t\t\t<dt class='gallery-icon landscape'>\n\t\t\t\t<img width=\"270\" height=\"200\" src=\"https:\/\/ecobnb.fr\/blog\/app\/uploads\/sites\/7\/2018\/08\/scozia1.jpg\" class=\"attachment-thumbnail size-thumbnail\" alt=\"Mains Farms int\u00e9rieur\" \/>\n\t\t\t<\/dt><\/dl><dl class='gallery-item'>\n\t\t\t<dt class='gallery-icon landscape'>\n\t\t\t\t<img width=\"270\" height=\"200\" src=\"https:\/\/ecobnb.fr\/blog\/app\/uploads\/sites\/7\/2018\/08\/scozia2.jpg\" class=\"attachment-thumbnail size-thumbnail\" alt=\"Mains Farms ext\u00e9rieur\" \/>\n\t\t\t<\/dt><\/dl><dl class='gallery-item'>\n\t\t\t<dt class='gallery-icon landscape'>\n\t\t\t\t<img width=\"270\" height=\"200\" src=\"https:\/\/ecobnb.fr\/blog\/app\/uploads\/sites\/7\/2018\/08\/scozia3.jpg\" class=\"attachment-thumbnail size-thumbnail\" alt=\"Mains Farms int\u00e9rieur\" \/>\n\t\t\t<\/dt><\/dl><br style=\"clear: both\" \/>\n\t\t<\/div>\n\n<p>Sur les verts collines \u00e9cossaises il y a un eco-glamping unique en son genre: le <a href=\"https:\/\/ecobnb.fr\/GB-stirling\/camping\/mains-farm-wigwams\/02vWQ\" target=\"_blank\" rel=\"noopener\">Mains-Farms Wigwams<\/a> vous accueillera dans ces structures en <strong>bois<\/strong> avec la forme \u00e0 coupole qui rappelle celles utilis\u00e9es une fois par les Am\u00e9ricains natifs (appel\u00e9s wigwams). Elles peuvent h\u00e9berger jusqu\u2019au 5 personnes et sont fournies avec tout le confort.<span class=\"Apple-converted-space\">\u00a0<\/span><\/p>\n<p><b>Pourquoi on l\u2019aime<\/b>: parce qu\u2019il s\u2019agit d\u2019un plongeon dans le monde des Am\u00e9ricains natifs, avec aussi des cuisines en th\u00e8me.<span class=\"Apple-converted-space\">\u00a0<\/span><\/p>\n<p><b>Pourquoi c\u2019est green<\/b>: au-del\u00e0 de l\u2019architecture en bois, vous allez retrouver la nourriture biologique \u00e0 kilom\u00e8tres 0, des produits \u00e9cologiques et la collecte s\u00e9lective des ordures pour plus de 80%.<span class=\"Apple-converted-space\">\u00a0<\/span><\/p>\n<p><b>\u00c0 ne pas rater<\/b>: dans les environs on trouve le Trossachs National Park, avec les lacs, les villages et les \u00e9tendues de vegetation parfaites \u00e0 d\u00e9couvrir en v\u00e9lo ou \u00e0 pied.<span class=\"Apple-converted-space\">\u00a0<\/span><\/p>\n<p><b>\u00c0 partir de<\/b>: 46 \u00a3 pour 2 personnes ( environ 53 \u20ac) par nuit.<span class=\"Apple-converted-space\">\u00a0<\/span><\/p>\n<h2>2. Au Pays Bas, un s\u00e9jour deluxe <span class=\"Apple-converted-space\">\u00a0<\/span><\/h2>\n\n\t\t<style type=\"text\/css\">\n\t\t\t#gallery-2 {\n\t\t\t\tmargin: auto;\n\t\t\t}\n\t\t\t#gallery-2 .gallery-item {\n\t\t\t\tfloat: left;\n\t\t\t\tmargin-top: 10px;\n\t\t\t\ttext-align: center;\n\t\t\t\twidth: 33%;\n\t\t\t}\n\t\t\t#gallery-2 img {\n\t\t\t\tborder: 2px solid #cfcfcf;\n\t\t\t}\n\t\t\t#gallery-2 .gallery-caption {\n\t\t\t\tmargin-left: 0;\n\t\t\t}\n\t\t\t\/* see gallery_shortcode() in wp-includes\/media.php *\/\n\t\t<\/style>\n\t\t<div id='gallery-2' class='gallery galleryid-1619 gallery-columns-3 gallery-size-thumbnail'><dl class='gallery-item'>\n\t\t\t<dt class='gallery-icon landscape'>\n\t\t\t\t<img width=\"270\" height=\"200\" src=\"https:\/\/ecobnb.fr\/blog\/app\/uploads\/sites\/7\/2018\/08\/PB1.jpg\" class=\"attachment-thumbnail size-thumbnail\" alt=\"Pays Bas\" \/>\n\t\t\t<\/dt><\/dl><dl class='gallery-item'>\n\t\t\t<dt class='gallery-icon landscape'>\n\t\t\t\t<img width=\"270\" height=\"200\" src=\"https:\/\/ecobnb.fr\/blog\/app\/uploads\/sites\/7\/2018\/08\/PB2.jpg\" class=\"attachment-thumbnail size-thumbnail\" alt=\"Pays Bas\" \/>\n\t\t\t<\/dt><\/dl><dl class='gallery-item'>\n\t\t\t<dt class='gallery-icon landscape'>\n\t\t\t\t<img width=\"270\" height=\"200\" src=\"https:\/\/ecobnb.fr\/blog\/app\/uploads\/sites\/7\/2018\/08\/PB3.jpg\" class=\"attachment-thumbnail size-thumbnail\" alt=\"Pays Bas\" \/>\n\t\t\t<\/dt><\/dl><br style=\"clear: both\" \/>\n\t\t<\/div>\n\n<p><a href=\"https:\/\/ecobnb.fr\/NL-veere\/camping\/ons-buiten\/MRt2r\" target=\"_blank\" rel=\"noopener\">Ons Buiten<\/a> signifie \u201cNous \u00e0 l\u2019ext\u00e9rieur\u201d, l\u00e0 o\u00f9 vous allez loger dans ce <strong>luxueux eco-glamping<\/strong> aux Pays Bas. \u00c0 deux pas de la plage, ici vous allez trouver beaucoup de services extras pour un s\u00e9jour de vrai luxe: piscine, saune, area wellness, un restaurant et beaucoup d\u2019espace de plein air pour jouer en compagnie.<span class=\"Apple-converted-space\">\u00a0<\/span><\/p>\n<p><b>Pourquoi on l\u2019aime<\/b>: un grand et unique glamping o\u00f9 on peut pratiquer des activit\u00e9s diff\u00e9rentes comme nager ou se relaxer, ou, si on voyage en famille et avec les enfants, on a la possibilit\u00e9 de passer beaucoup de temps en plein air pour jouer.<span class=\"Apple-converted-space\">\u00a0<\/span><\/p>\n<p><b>Porquoi c\u2019est green<\/b>: on peut le rejoindre sans voiture, il dispose de r\u00e9ducteurs pour le flux d\u2019eau et il est certifi\u00e9 <a href=\"https:\/\/ecobnb.com\/blog\/2017\/04\/green-key-partner\/\" target=\"_blank\" rel=\"noopener\">Green Key<\/a>\u00a0(link en anglais)!<span class=\"Apple-converted-space\">\u00a0<\/span><\/p>\n<p><b>\u00c0 ne pas rater:<\/b> \u00e0 cot\u00e9 des activit\u00e9s propos\u00e9es du camping, vous allez d\u00e9couvrir les alentours avec des itin\u00e9raires plats diff\u00e9rents, mais aussi la mer qui se trouve jusqu\u2019\u00e0 cot\u00e9.<span class=\"Apple-converted-space\">\u00a0<\/span><\/p>\n<p><b>\u00c0 partir de<\/b>: 24\u20ac par nuit pour 2 personnes.<\/p>\n<h2>3. En Italie, pour admirer la mer et les \u00e9toiles\u2026<\/h2>\n\n\t\t<style type=\"text\/css\">\n\t\t\t#gallery-3 {\n\t\t\t\tmargin: auto;\n\t\t\t}\n\t\t\t#gallery-3 .gallery-item {\n\t\t\t\tfloat: left;\n\t\t\t\tmargin-top: 10px;\n\t\t\t\ttext-align: center;\n\t\t\t\twidth: 33%;\n\t\t\t}\n\t\t\t#gallery-3 img {\n\t\t\t\tborder: 2px solid #cfcfcf;\n\t\t\t}\n\t\t\t#gallery-3 .gallery-caption {\n\t\t\t\tmargin-left: 0;\n\t\t\t}\n\t\t\t\/* see gallery_shortcode() in wp-includes\/media.php *\/\n\t\t<\/style>\n\t\t<div id='gallery-3' class='gallery galleryid-1619 gallery-columns-3 gallery-size-thumbnail'><dl class='gallery-item'>\n\t\t\t<dt class='gallery-icon landscape'>\n\t\t\t\t<img width=\"270\" height=\"200\" src=\"https:\/\/ecobnb.fr\/blog\/app\/uploads\/sites\/7\/2018\/10\/64ac20d51d98d.jpeg-270x200.webp\" class=\"attachment-thumbnail size-thumbnail\" alt=\"\" \/>\n\t\t\t<\/dt><\/dl><dl class='gallery-item'>\n\t\t\t<dt class='gallery-icon landscape'>\n\t\t\t\t<img width=\"270\" height=\"200\" src=\"https:\/\/ecobnb.fr\/blog\/app\/uploads\/sites\/7\/2018\/10\/64ac20d4bd371.jpeg-270x200.webp\" class=\"attachment-thumbnail size-thumbnail\" alt=\"\" \/>\n\t\t\t<\/dt><\/dl><dl class='gallery-item'>\n\t\t\t<dt class='gallery-icon landscape'>\n\t\t\t\t<img width=\"270\" height=\"200\" src=\"https:\/\/ecobnb.fr\/blog\/app\/uploads\/sites\/7\/2018\/10\/64ac20d555866.jpeg-270x200.webp\" class=\"attachment-thumbnail size-thumbnail\" alt=\"\" \/>\n\t\t\t<\/dt><\/dl><br style=\"clear: both\" \/>\n\t\t<\/div>\n\n<p>Surplombant la mer, pr\u00e8s de Trani, <a href=\"https:\/\/ecobnb.fr\/IT-province-of-barletta-andria-trani\/experience\/el-buen-ritiro-al-mar\/fQSNp\" target=\"_blank\" rel=\"noopener\"><strong>cette tente glamping<\/strong><\/a> r\u00e9alis\u00e9e avec des mat\u00e9riaux naturels offre une exp\u00e9rience unique. Dans le jardin et le potager environnants vous pourrez r\u00e9cup\u00e9rer des produits locaux pour votre petit-d\u00e9jeuner. A l&rsquo;ext\u00e9rieur de la tente, dans une maison en brique se trouve la salle de bain, un petit espace avec r\u00e9frig\u00e9rateur et machine \u00e0 caf\u00e9. Sous une pergola se trouve la table du d\u00e9jeuner avec une magnifique vue sur la mer.<\/p>\n<p><strong>Pourquoi nous l&rsquo;aimons<\/strong> : parfait pour se r\u00e9veiller lorsque le soleil appara\u00eet \u00e0 l&rsquo;aube, inondant de lumi\u00e8re la campagne et la mer des Pouilles.<\/p>\n<p><strong>Pourquoi c&rsquo;est vert<\/strong> : ici, on trouve des aliments biologiques et des ampoules basse consommation, un soutien \u00e0 l&rsquo;\u00e9conomie locale et une attention particuli\u00e8re au tri s\u00e9lectif des d\u00e9chets.<\/p>\n<p><strong>A ne pas manquer<\/strong> : en plus des magnifiques Trani, Andria, Castel del Monte et Barletta, \u00e0 d\u00e9couvrir avec <a href=\"https:\/\/ecobnb.com\/itinerary\/from-barletta-to-castel-del-monte-by-bike\" target=\"_blank\" rel=\"noopener\">ce bel itin\u00e9raire \u00e0 v\u00e9lo<\/a>.<\/p>\n<p><strong>\u00c0 partir de<\/strong> : 180 \u20ac pour 2 personnes par nuit.<\/p>\n<h2>4. En Espagne, vous allez vous r\u00e9veillez dans yourte faites \u00e0 la main<\/h2>\n\n\t\t<style type=\"text\/css\">\n\t\t\t#gallery-4 {\n\t\t\t\tmargin: auto;\n\t\t\t}\n\t\t\t#gallery-4 .gallery-item {\n\t\t\t\tfloat: left;\n\t\t\t\tmargin-top: 10px;\n\t\t\t\ttext-align: center;\n\t\t\t\twidth: 33%;\n\t\t\t}\n\t\t\t#gallery-4 img {\n\t\t\t\tborder: 2px solid #cfcfcf;\n\t\t\t}\n\t\t\t#gallery-4 .gallery-caption {\n\t\t\t\tmargin-left: 0;\n\t\t\t}\n\t\t\t\/* see gallery_shortcode() in wp-includes\/media.php *\/\n\t\t<\/style>\n\t\t<div id='gallery-4' class='gallery galleryid-1619 gallery-columns-3 gallery-size-thumbnail'><dl class='gallery-item'>\n\t\t\t<dt class='gallery-icon landscape'>\n\t\t\t\t<img width=\"270\" height=\"200\" src=\"https:\/\/ecobnb.fr\/blog\/app\/uploads\/sites\/7\/2018\/08\/SP1.jpg\" class=\"attachment-thumbnail size-thumbnail\" alt=\"Yurte faites \u00e0 la main\" \/>\n\t\t\t<\/dt><\/dl><dl class='gallery-item'>\n\t\t\t<dt class='gallery-icon landscape'>\n\t\t\t\t<img width=\"270\" height=\"200\" src=\"https:\/\/ecobnb.fr\/blog\/app\/uploads\/sites\/7\/2018\/08\/SP2.jpg\" class=\"attachment-thumbnail size-thumbnail\" alt=\"Yurte faites \u00e0 la main\" \/>\n\t\t\t<\/dt><\/dl><dl class='gallery-item'>\n\t\t\t<dt class='gallery-icon landscape'>\n\t\t\t\t<img width=\"270\" height=\"200\" src=\"https:\/\/ecobnb.fr\/blog\/app\/uploads\/sites\/7\/2018\/08\/SP3.jpg\" class=\"attachment-thumbnail size-thumbnail\" alt=\"Yurte faites \u00e0 la main\" \/>\n\t\t\t<\/dt><\/dl><br style=\"clear: both\" \/>\n\t\t<\/div>\n\n<p>Le d\u00e9veloppement durable est la premi\u00e8re r\u00e8gle dans les yourte de <a href=\"https:\/\/ecobnb.fr\/ES-malaga\/ecovillage\/cloud-house-farm-yurt-holidays\/LHvTg\" target=\"_blank\" rel=\"noopener\">Cloud House Farm Yurt<\/a>, o\u00f9 vous serez accueillis dans ces merveilleuses tentes <strong>faites rigoureusement \u00e0 la main <\/strong>et\u00a0plong\u00e9es dans 17 \u00e2cres de ch\u00eanes. Ici, pr\u00e8s de Malaga, en Andalusia, vous allez retrouvez une terrasse ext\u00e9rieure priv\u00e9e en bois, une cuisine seulement pour vous et une douche priv\u00e9e.<span class=\"Apple-converted-space\">\u00a0<\/span><\/p>\n<p><b>Pourquoi on l\u2019aime<\/b>: les tentes faites \u00e0 la main, le soin des d\u00e9tails et des espaces priv\u00e9s transformeront votre s\u00e9jour dans un r\u00eave \u00e9veill\u00e9. En plus, on peut admirer un paysage formidable.<span class=\"Apple-converted-space\">\u00a0<\/span><\/p>\n<p><b>Pourquoi c\u2019est green<\/b>: certainement pour la bio architecture, les panneaux solaires pour l\u2019eau chaude, les r\u00e9ducteurs du flux d\u2019eau, les produits \u00e9cologiques etc.<\/p>\n<p><b>\u00c0 ne pas rater<\/b>: l\u2019Andalousie est riche de surprises, ici on peut explorer le parc national Los Real de Sierra Bermeja (avec beaucoup de coins aux alentours), mais aussi la ville de Genalguacil, Ronda e <strong>Marbella<\/strong>.<span class=\"Apple-converted-space\">\u00a0<\/span><\/p>\n<p><b>\u00c0 partir de<\/b>: 70\u20ac pour 2 personnes par nuit.<\/p>\n<h2>5. En Slov\u00e9nie, dans les eco-chalet et les mobil-home<\/h2>\n\n\t\t<style type=\"text\/css\">\n\t\t\t#gallery-5 {\n\t\t\t\tmargin: auto;\n\t\t\t}\n\t\t\t#gallery-5 .gallery-item {\n\t\t\t\tfloat: left;\n\t\t\t\tmargin-top: 10px;\n\t\t\t\ttext-align: center;\n\t\t\t\twidth: 33%;\n\t\t\t}\n\t\t\t#gallery-5 img {\n\t\t\t\tborder: 2px solid #cfcfcf;\n\t\t\t}\n\t\t\t#gallery-5 .gallery-caption {\n\t\t\t\tmargin-left: 0;\n\t\t\t}\n\t\t\t\/* see gallery_shortcode() in wp-includes\/media.php *\/\n\t\t<\/style>\n\t\t<div id='gallery-5' class='gallery galleryid-1619 gallery-columns-3 gallery-size-thumbnail'><dl class='gallery-item'>\n\t\t\t<dt class='gallery-icon landscape'>\n\t\t\t\t<img width=\"270\" height=\"200\" src=\"https:\/\/ecobnb.fr\/blog\/app\/uploads\/sites\/7\/2018\/08\/SL1.jpg\" class=\"attachment-thumbnail size-thumbnail\" alt=\"eco-chalet avec baignoire\" \/>\n\t\t\t<\/dt><\/dl><dl class='gallery-item'>\n\t\t\t<dt class='gallery-icon landscape'>\n\t\t\t\t<img width=\"270\" height=\"200\" src=\"https:\/\/ecobnb.fr\/blog\/app\/uploads\/sites\/7\/2018\/08\/SL2.jpg\" class=\"attachment-thumbnail size-thumbnail\" alt=\"eco-chalet int\u00e9rieur\" \/>\n\t\t\t<\/dt><\/dl><dl class='gallery-item'>\n\t\t\t<dt class='gallery-icon landscape'>\n\t\t\t\t<img width=\"270\" height=\"200\" src=\"https:\/\/ecobnb.fr\/blog\/app\/uploads\/sites\/7\/2018\/08\/SL3.jpg\" class=\"attachment-thumbnail size-thumbnail\" alt=\"Eco-chalet\" \/>\n\t\t\t<\/dt><\/dl><br style=\"clear: both\" \/>\n\t\t<\/div>\n\n<p>Le <a href=\"https:\/\/ecobnb.fr\/SI-bled\/camping\/glamping-gozdne-vile\/63f4Q\" target=\"_blank\" rel=\"noopener\">Glamping Gozdne Ville<\/a> est situ\u00e9 \u00e0 deux pas du <strong>magique lac de Bled<\/strong> et de ses campagnes. Une hospitalit\u00e9 green, o\u00f9 tout est construit en bois de m\u00e9l\u00e8ze: les <strong>eco-chalets<\/strong> comme les <b>mobil-home<\/b>. Les eco-chalets peuvent h\u00e9berger deux lits et sur une terrasse ext\u00e9rieure vous allez trouver une baignoire r\u00e9chauff\u00e9e.<span class=\"Apple-converted-space\">\u00a0<\/span><\/p>\n<p>Dans les mobil-home par contre, il y a une large verri\u00e8re qui donne sur la vegetation des alentours et l\u2019espace \u00e0 l\u2019int\u00e9rieur ne manque pas: deux chambres, un s\u00e9jour, une salle de bain, une cuisine at aussi la salle \u00e0 manger.<span class=\"Apple-converted-space\">\u00a0<\/span><\/p>\n<p><b>Pourquoi on l\u2019aime:<span class=\"Apple-converted-space\">\u00a0 <\/span><\/b>pour la modernit\u00e9 et durabilit\u00e9, parfait pour un couple ou une famille qui aiment rester en plein air ( et les excursion sur le lac, \u00e9videmment)<\/p>\n<p><b>Pourquoi c\u2019est green<\/b>: l\u2019eco-glamping est enti\u00e8rement construit en bois, en plus vous trouverez les r\u00e9ducteurs pour le flux d\u2019eau, les produits \u00e9cologiques pour le nettoyage, les ampoules \u00e0 basse consommation (et on le rejoint sans voiture).<span class=\"Apple-converted-space\">\u00a0<\/span><\/p>\n<p><b>\u00c0 ne pas rater<\/b>: le Lac de Bled continue \u00e0 \u00eatre toujours une destination parfaite pour la mobilit\u00e9 durable, d\u00e9couvrez <a href=\"https:\/\/ecobnb.com\/blog\/2017\/12\/bled-slovenia\/\" target=\"_blank\" rel=\"noopener\">notre activit\u00e9s \u00e0 d\u00e9velopper <\/a><span style=\"color: #000000;\"><a href=\"https:\/\/ecobnb.com\/blog\/2017\/12\/bled-slovenia\/\" target=\"_blank\" rel=\"noopener\">pendant notre s\u00e9jour ici<\/a>\u00a0(link en anglais),<\/span> \u00e0 Bled.<span class=\"Apple-converted-space\">\u00a0<\/span><\/p>\n<p><b>\u00c0 partir de<\/b>: 51\u20ac pour 2 personnes par nuit dans la petite maison en bois, 61\u20ac pour celle avec la baignoire, 80\u20ac pour le mobil-home.<span class=\"Apple-converted-space\">\u00a0<\/span><\/p>\n<h2>6. En Hongrie, pour vivre dans le coeur de la for\u00eat<span class=\"Apple-converted-space\">\u00a0<\/span><\/h2>\n\n\t\t<style type=\"text\/css\">\n\t\t\t#gallery-6 {\n\t\t\t\tmargin: auto;\n\t\t\t}\n\t\t\t#gallery-6 .gallery-item {\n\t\t\t\tfloat: left;\n\t\t\t\tmargin-top: 10px;\n\t\t\t\ttext-align: center;\n\t\t\t\twidth: 33%;\n\t\t\t}\n\t\t\t#gallery-6 img {\n\t\t\t\tborder: 2px solid #cfcfcf;\n\t\t\t}\n\t\t\t#gallery-6 .gallery-caption {\n\t\t\t\tmargin-left: 0;\n\t\t\t}\n\t\t\t\/* see gallery_shortcode() in wp-includes\/media.php *\/\n\t\t<\/style>\n\t\t<div id='gallery-6' class='gallery galleryid-1619 gallery-columns-3 gallery-size-thumbnail'><dl class='gallery-item'>\n\t\t\t<dt class='gallery-icon landscape'>\n\t\t\t\t<img width=\"270\" height=\"200\" src=\"https:\/\/ecobnb.fr\/blog\/app\/uploads\/sites\/7\/2018\/08\/UN1.jpg\" class=\"attachment-thumbnail size-thumbnail\" alt=\"Maison dans les arbres\" \/>\n\t\t\t<\/dt><\/dl><dl class='gallery-item'>\n\t\t\t<dt class='gallery-icon landscape'>\n\t\t\t\t<img width=\"270\" height=\"200\" src=\"https:\/\/ecobnb.fr\/blog\/app\/uploads\/sites\/7\/2018\/08\/UN2.jpg\" class=\"attachment-thumbnail size-thumbnail\" alt=\"tente\" \/>\n\t\t\t<\/dt><\/dl><dl class='gallery-item'>\n\t\t\t<dt class='gallery-icon landscape'>\n\t\t\t\t<img width=\"270\" height=\"200\" src=\"https:\/\/ecobnb.fr\/blog\/app\/uploads\/sites\/7\/2018\/08\/UN3.jpg\" class=\"attachment-thumbnail size-thumbnail\" alt=\"Maison dans les arbres\" \/>\n\t\t\t<\/dt><\/dl><br style=\"clear: both\" \/>\n\t\t<\/div>\n\n<p>Dans le <a href=\"https:\/\/ecobnb.fr\/HU-baranya\/glamping\/hunza-ecolodge\/vCNHT\" target=\"_blank\" rel=\"noopener\">Hunza Ecolodge<\/a>, dans le sud de l\u2019Hongrie, il y a la possibilit\u00e9 de choisir entre diff\u00e9rentes logements: une tente majestueuse et intime, une maison dans les arbres (appel\u00e9e <strong>Korowai<\/strong>, comme la population indon\u00e9sienne qui vit sur les arbres) ou dans des endroits pr\u00e9vus et parfaits pour votre tente ou camping-car.<span class=\"Apple-converted-space\">\u00a0<\/span><\/p>\n<p><strong>Pourquoi on l\u2019aime<\/strong>: parce que vous aurez la chance d\u2019\u00eatre plong\u00e9 dans une<strong> for\u00eat<\/strong> tout en savourant la paix, les sons et les parfums, en dormant dans la maison sur l\u2019arbre ou dans la tente.<span class=\"Apple-converted-space\">\u00a0<\/span><\/p>\n<p><strong>Pourquoi c\u2019est green<\/strong>: ici on utilise les panneaux solaires et un syst\u00e8me pour r\u00e9utiliser les eaux, et puis la nourriture est \u00e0 kilom\u00e8tre 0 et \u00e9cologique.<span class=\"Apple-converted-space\">\u00a0<\/span><\/p>\n<p><strong>\u00c0 ne pas rater<\/strong>: les rives du Danube, la ville de P\u00e9cs avec ses vignes, les monuments historiques et les centres thermales.<span class=\"Apple-converted-space\">\u00a0<\/span><\/p>\n<p><strong>\u00c0 partir de<\/strong>: 42\u20ac pour 2 personnes avec le petit d\u00e9jeuner inclus, 55\u20ac sans petit d\u00e9jeuner pour la maison dans les arbres.<span class=\"Apple-converted-space\">\u00a0<\/span><\/p>\n<h2>7. En Portugal, pour un s\u00e9jour romantique<span class=\"Apple-converted-space\">\u00a0<\/span><\/h2>\n\n\t\t<style type=\"text\/css\">\n\t\t\t#gallery-7 {\n\t\t\t\tmargin: auto;\n\t\t\t}\n\t\t\t#gallery-7 .gallery-item {\n\t\t\t\tfloat: left;\n\t\t\t\tmargin-top: 10px;\n\t\t\t\ttext-align: center;\n\t\t\t\twidth: 33%;\n\t\t\t}\n\t\t\t#gallery-7 img {\n\t\t\t\tborder: 2px solid #cfcfcf;\n\t\t\t}\n\t\t\t#gallery-7 .gallery-caption {\n\t\t\t\tmargin-left: 0;\n\t\t\t}\n\t\t\t\/* see gallery_shortcode() in wp-includes\/media.php *\/\n\t\t<\/style>\n\t\t<div id='gallery-7' class='gallery galleryid-1619 gallery-columns-3 gallery-size-thumbnail'><dl class='gallery-item'>\n\t\t\t<dt class='gallery-icon landscape'>\n\t\t\t\t<img width=\"270\" height=\"200\" src=\"https:\/\/ecobnb.fr\/blog\/app\/uploads\/sites\/7\/2018\/08\/PG1.jpg\" class=\"attachment-thumbnail size-thumbnail\" alt=\"Little Nature\" \/>\n\t\t\t<\/dt><\/dl><dl class='gallery-item'>\n\t\t\t<dt class='gallery-icon landscape'>\n\t\t\t\t<img width=\"270\" height=\"200\" src=\"https:\/\/ecobnb.fr\/blog\/app\/uploads\/sites\/7\/2018\/08\/PG2.jpg\" class=\"attachment-thumbnail size-thumbnail\" alt=\"Little Nature\" \/>\n\t\t\t<\/dt><\/dl><dl class='gallery-item'>\n\t\t\t<dt class='gallery-icon landscape'>\n\t\t\t\t<img width=\"270\" height=\"200\" src=\"https:\/\/ecobnb.fr\/blog\/app\/uploads\/sites\/7\/2018\/08\/PG3.jpg\" class=\"attachment-thumbnail size-thumbnail\" alt=\"Little Nature\" \/>\n\t\t\t<\/dt><\/dl><br style=\"clear: both\" \/>\n\t\t<\/div>\n\n<p><a href=\"https:\/\/ecobnb.fr\/PT-evora\/glamping\/little-nature-romantic\/sJwpN\" target=\"_blank\" rel=\"noopener\">Little Nature<\/a> est un eco-glamping exactement comme on le d\u00e9finie: petit et plong\u00e9 dans la nature portugaise. Un lieu romantique et tout \u00e0 d\u00e9couvrir. Vous allez trouver une petite maison <strong>intime<\/strong> et <strong>silencieuse<\/strong>, avec des espaces int\u00e9rieurs simples et une piscine ( avec des coucher de soleil formidables).<\/p>\n<p><b>Pourquoi on l\u2019aime<\/b>: petit mais vraiment eco-durable, parfait pour un couple qui cherche le relax et la paix.<span class=\"Apple-converted-space\">\u00a0<\/span><\/p>\n<p><b>Pourquoi c\u2019est green<\/b>: m\u00eame ici on peut trover la nourriture biologique et l\u2019architecture \u00e9cologique, beaucoup d\u2019attention au recyclage et \u00e0 la consommation d\u2019\u00e9nergie et d&rsquo;eau.<span class=\"Apple-converted-space\">\u00a0<\/span><\/p>\n<p><b>\u00c0 ne pas rater<\/b>: certainement la region enti\u00e8re de Aletejo, en voyageant green in MTB. Ici les paysages vont de campagnes infinies aux plages, avec beaucoup de villes qui vous surprendront, comme les villes de <strong>Elvas<\/strong> et <strong>Evora<\/strong>, patrimoine de l\u2019UNESCO.<span class=\"Apple-converted-space\">\u00a0<\/span><\/p>\n<p><b>\u00c0 partir de<\/b>: 47\u20ac pour 2 personnes par nuit.<\/p>\n<h2>8. En Italie, pour dormir dans les tentes boho<\/h2>\n\n\t\t<style type=\"text\/css\">\n\t\t\t#gallery-8 {\n\t\t\t\tmargin: auto;\n\t\t\t}\n\t\t\t#gallery-8 .gallery-item {\n\t\t\t\tfloat: left;\n\t\t\t\tmargin-top: 10px;\n\t\t\t\ttext-align: center;\n\t\t\t\twidth: 33%;\n\t\t\t}\n\t\t\t#gallery-8 img {\n\t\t\t\tborder: 2px solid #cfcfcf;\n\t\t\t}\n\t\t\t#gallery-8 .gallery-caption {\n\t\t\t\tmargin-left: 0;\n\t\t\t}\n\t\t\t\/* see gallery_shortcode() in wp-includes\/media.php *\/\n\t\t<\/style>\n\t\t<div id='gallery-8' class='gallery galleryid-1619 gallery-columns-3 gallery-size-thumbnail'><dl class='gallery-item'>\n\t\t\t<dt class='gallery-icon landscape'>\n\t\t\t\t<img width=\"270\" height=\"200\" src=\"https:\/\/ecobnb.fr\/blog\/app\/uploads\/sites\/7\/2018\/08\/SIENA1.jpg\" class=\"attachment-thumbnail size-thumbnail\" alt=\"Lazy Olive Glamping\" \/>\n\t\t\t<\/dt><\/dl><dl class='gallery-item'>\n\t\t\t<dt class='gallery-icon landscape'>\n\t\t\t\t<img width=\"270\" height=\"200\" src=\"https:\/\/ecobnb.fr\/blog\/app\/uploads\/sites\/7\/2018\/08\/SIENA2.jpg\" class=\"attachment-thumbnail size-thumbnail\" alt=\"Lazy Olive Glamping\" \/>\n\t\t\t<\/dt><\/dl><dl class='gallery-item'>\n\t\t\t<dt class='gallery-icon landscape'>\n\t\t\t\t<img width=\"270\" height=\"200\" src=\"https:\/\/ecobnb.fr\/blog\/app\/uploads\/sites\/7\/2018\/08\/SIENA3.jpg\" class=\"attachment-thumbnail size-thumbnail\" alt=\"Lazy Olive Glamping\" \/>\n\t\t\t<\/dt><\/dl><br style=\"clear: both\" \/>\n\t\t<\/div>\n\n<p>Pr\u00e8s de Sienne, il y a <a href=\"https:\/\/ecobnb.fr\/IT-siena\/glamping\/the-lazy-olive\/nzt23\" target=\"_blank\" rel=\"noopener\">The Lazy Olive<\/a>, un espace magique avec 10 tentes r\u00e9alis\u00e9es dans les moindres d\u00e9tails, avec la salle de bain priv\u00e9e et l\u2019air conditionn\u00e9. Les tentes forment un petit village entre les arbres, tellement plong\u00e9 dans la nature que, quand il faut cueillir les olives, les tentes doivent \u00eatre d\u00e9mont\u00e9es pour donner tout l\u2019espace n\u00e9cessaire\u2026il s&rsquo;agit d&rsquo;un <strong>eco-glamping pop-up<\/strong>. Ici vous allez vraiment dormir dans le coeur de la nature et pendant le jour vous aurez la possibilit\u00e9 de d\u00e9couvrir la\u00a0flore et faune qui habitent aux alentours.<span class=\"Apple-converted-space\">\u00a0<\/span><\/p>\n<p><strong>Pourquoi on l\u2019aime<\/strong>: parce que dans les oliveraies tout devient plus rustique et authentique, en plus vous aurez la chance de d\u00e9guster les saveurs de la vraie Toscane et passer un s\u00e9jour eco et super raffin\u00e9.<span class=\"Apple-converted-space\">\u00a0<\/span><\/p>\n<p><strong>Pourquoi c\u2019est green<\/strong>: ici il y a les panneaux solaires et les r\u00e9ducteurs du flux d\u2019eau, mais aussi les ampoules \u00e0 basse consommation et les produits biologiques.<\/p>\n<p><strong>\u00c0 ne pas rater<\/strong>: une visite \u00e0 Montepulciano ou \u00e0 Sienne, mais aussi une excursion sur le lac Trasimeno avec un merveilleux <span style=\"color: #000000;\"><a href=\"https:\/\/ecobnb.com\/itinerary\/ring-cycle-of-trasimeno\" target=\"_blank\" rel=\"noopener\">itin\u00e9raire en forme d\u2019anneau en v\u00e9lo<\/a>\u00a0(link en anglais)<\/span>.<\/p>\n<p><span class=\"Apple-converted-space\">\u00a0<\/span><strong>\u00c0 partir de<\/strong>: 100\u20ac pour 2 personnes par nuit.<span class=\"Apple-converted-space\">\u00a0<\/span><\/p>\n<h2>9. En Slovenie ( \u00e0 haute altitude)<b><span class=\"Apple-converted-space\">\u00a0<\/span><\/b><\/h2>\n\n\t\t<style type=\"text\/css\">\n\t\t\t#gallery-9 {\n\t\t\t\tmargin: auto;\n\t\t\t}\n\t\t\t#gallery-9 .gallery-item {\n\t\t\t\tfloat: left;\n\t\t\t\tmargin-top: 10px;\n\t\t\t\ttext-align: center;\n\t\t\t\twidth: 33%;\n\t\t\t}\n\t\t\t#gallery-9 img {\n\t\t\t\tborder: 2px solid #cfcfcf;\n\t\t\t}\n\t\t\t#gallery-9 .gallery-caption {\n\t\t\t\tmargin-left: 0;\n\t\t\t}\n\t\t\t\/* see gallery_shortcode() in wp-includes\/media.php *\/\n\t\t<\/style>\n\t\t<div id='gallery-9' class='gallery galleryid-1619 gallery-columns-3 gallery-size-thumbnail'><dl class='gallery-item'>\n\t\t\t<dt class='gallery-icon landscape'>\n\t\t\t\t<img width=\"270\" height=\"200\" src=\"https:\/\/ecobnb.fr\/blog\/app\/uploads\/sites\/7\/2018\/08\/SLO1.jpg\" class=\"attachment-thumbnail size-thumbnail\" alt=\"Makek\" \/>\n\t\t\t<\/dt><\/dl><dl class='gallery-item'>\n\t\t\t<dt class='gallery-icon landscape'>\n\t\t\t\t<img width=\"270\" height=\"200\" src=\"https:\/\/ecobnb.fr\/blog\/app\/uploads\/sites\/7\/2018\/08\/SLO2.jpg\" class=\"attachment-thumbnail size-thumbnail\" alt=\"Makek\" \/>\n\t\t\t<\/dt><\/dl><dl class='gallery-item'>\n\t\t\t<dt class='gallery-icon landscape'>\n\t\t\t\t<img width=\"270\" height=\"200\" src=\"https:\/\/ecobnb.fr\/blog\/app\/uploads\/sites\/7\/2018\/08\/SLO3.jpg\" class=\"attachment-thumbnail size-thumbnail\" alt=\"Makek\" \/>\n\t\t\t<\/dt><\/dl><br style=\"clear: both\" \/>\n\t\t<\/div>\n\n<p>Le large jardin de l\u2019<a href=\"https:\/\/ecobnb.fr\/SI-jezersko\/ferme\/makek\/c9T8l\" target=\"_blank\" rel=\"noopener\">exploitation agricole slov\u00e8ne Makek<\/a> est enti\u00e8rement d\u00e9di\u00e9 \u00e0 l\u2019eco-glampimg: six tentes merveilleuses pour dormir dans un <strong>endroit vert<\/strong> dans la paix et la calme. Parfait pour les amateurs des adventures en montagne, d\u2019ici on peut parcourir les itin\u00e9raires \u00e0 haute altitude.<span class=\"Apple-converted-space\">\u00a0<\/span><\/p>\n<p><b>Pourquoi on l\u2019aime<\/b>: \u00e0 presque 100 kilom\u00e8tres d\u2019altitude qui ne r\u00eaverait pas de recharger les \u00e9nergies et s\u2019enfuir de la vie en ville?<\/p>\n<p><b>Pourquoi c\u2019est green<\/b>: pas seulement de la nourriture biologique, mais aussi des produits \u00e9cologiques, des ampoules \u00e0 basse consommation et la possibilit\u00e9 d\u2019y arriver sans voiture.<span class=\"Apple-converted-space\">\u00a0<\/span><\/p>\n<p><b>\u00c0 ne pas rater<\/b>: la cascade glaciale Cedca et les montagnes environnants constituent un must pour les visiteurs de cette ferme.<\/p>\n<p><b>\u00c0 partir de<\/b>: 88 \u20ac pour 2 personnes par nuit.<\/p>\n<h2>10. En Portugal, pour pratiquer le yoga<\/h2>\n\n\t\t<style type=\"text\/css\">\n\t\t\t#gallery-10 {\n\t\t\t\tmargin: auto;\n\t\t\t}\n\t\t\t#gallery-10 .gallery-item {\n\t\t\t\tfloat: left;\n\t\t\t\tmargin-top: 10px;\n\t\t\t\ttext-align: center;\n\t\t\t\twidth: 33%;\n\t\t\t}\n\t\t\t#gallery-10 img {\n\t\t\t\tborder: 2px solid #cfcfcf;\n\t\t\t}\n\t\t\t#gallery-10 .gallery-caption {\n\t\t\t\tmargin-left: 0;\n\t\t\t}\n\t\t\t\/* see gallery_shortcode() in wp-includes\/media.php *\/\n\t\t<\/style>\n\t\t<div id='gallery-10' class='gallery galleryid-1619 gallery-columns-3 gallery-size-thumbnail'><dl class='gallery-item'>\n\t\t\t<dt class='gallery-icon landscape'>\n\t\t\t\t<img width=\"270\" height=\"200\" src=\"https:\/\/ecobnb.fr\/blog\/app\/uploads\/sites\/7\/2018\/08\/POR1.jpg\" class=\"attachment-thumbnail size-thumbnail\" alt=\"Portugal Yurt Retreat\" \/>\n\t\t\t<\/dt><\/dl><dl class='gallery-item'>\n\t\t\t<dt class='gallery-icon landscape'>\n\t\t\t\t<img width=\"270\" height=\"200\" src=\"https:\/\/ecobnb.fr\/blog\/app\/uploads\/sites\/7\/2018\/08\/PORT2.jpg\" class=\"attachment-thumbnail size-thumbnail\" alt=\"Portugal Yurt Retreat\" \/>\n\t\t\t<\/dt><\/dl><dl class='gallery-item'>\n\t\t\t<dt class='gallery-icon landscape'>\n\t\t\t\t<img width=\"270\" height=\"200\" src=\"https:\/\/ecobnb.fr\/blog\/app\/uploads\/sites\/7\/2018\/08\/PORT3.jpg\" class=\"attachment-thumbnail size-thumbnail\" alt=\"Portugal Yurt Retreat\" \/>\n\t\t\t<\/dt><\/dl><br style=\"clear: both\" \/>\n\t\t<\/div>\n\n<p>Pour trouver l\u2019\u00e9quilibre psycho-physique, le <a href=\"https:\/\/ecobnb.fr\/PT-castelo-branco\/bed-breakfast\/portugal-yurt-retreat\/vMdt5\" target=\"_blank\" rel=\"noopener\">Portugal Yurt Retreat<\/a> offre beaucoup de cours et s\u00e9minaires de yoga. Encore plus beaux en \u00e9t\u00e9 avec comme arri\u00e8re-plan la merveilleuse campagne portugaise. Ici vous allez dormir dans tr\u00e8s belles et large yourte en bois: parfait pour un eco-glamping <em>green<\/em>!<span class=\"Apple-converted-space\">\u00a0<\/span><\/p>\n<p><strong>Pourquoi on l\u2019aime<\/strong>: parce qu\u2019il s\u2019agit d\u2019un lieu parfait o\u00f9 se r\u00e9fugier pour retrouver la calme, surtout si vous aimez l\u2019art du yoga et de la meditation.<span class=\"Apple-converted-space\">\u00a0<\/span><\/p>\n<p><strong>Pourquoi c\u2019est green<\/strong>: au-del\u00e0 des mat\u00e9riaux bio, ici on recycle, on utilise les panneaux solaires et l\u2019\u00e9nergie est 100% pure.<span class=\"Apple-converted-space\">\u00a0<\/span><\/p>\n<p><strong>\u00c0 ne pas rater<\/strong>: surtout les itin\u00e9raires en MTB ou \u00e0 pied le long du deuxi\u00e8me fleuve le plus long du Portugal, lo Zezere. Et avec une pause dans les villages plus caract\u00e9ristiques (comme Pedrogao Pequeno).<span class=\"Apple-converted-space\">\u00a0<\/span><\/p>\n<p><strong>\u00c0 partir de<\/strong>: 50 \u20ac pour 2 personnes par nuit<span class=\"Apple-converted-space\">\u00a0<\/span><\/p>\n<p>Il y a donc quelque chose de mieux d\u2019un s\u00e9jour dans ces eco-glamping?<\/p>\n","protected":false},"excerpt":{"rendered":"<p>Quand le glamour rencontre le camping, voil\u00e0 l\u2019eco-glamping: tentes et logements de luxe avec tout le confort n\u00e9cessaire. Un nouveau moyen de voyager qui est en train de s\u00e9duire l\u2019Europe enti\u00e8re.\u00a0 On avait d\u00e9j\u00e0 parl\u00e9 des eco-glamping\u00a0les plus beaux au monde\u00a0(link en anglais)\u00a0et des eco-glamping\u00a0les plus fascinants d\u2019Italie\u00a0(link en anglais). Maintenant il faut parler des [&hellip;]<\/p>\n","protected":false},"author":84,"featured_media":1654,"comment_status":"closed","ping_status":"open","sticky":false,"template":"","format":"standard","meta":[],"categories":[197],"tags":[220,222,221,142],"acf":[],"yoast_head":"<!-- This site is optimized with the Yoast SEO plugin v19.9 - https:\/\/yoast.com\/wordpress\/plugins\/seo\/ -->\n<title>Envie d\u2019eco-glamping? Les 10 plus beaux d\u2019Europe! - Ecobnb<\/title>\n<meta name=\"description\" content=\"Eco-glamping: tentes et logements de luxe avec tout le confort n\u00e9cessaire. Un nouveau moyen de voyager qui est en train de s\u00e9duire l\u2019Europe\" \/>\n<meta name=\"robots\" content=\"index, follow, max-snippet:-1, max-image-preview:large, max-video-preview:-1\" \/>\n<link rel=\"canonical\" href=\"https:\/\/ecobnb.fr\/blog\/2018\/08\/eco-glamping-europe\/\" \/>\n<meta property=\"og:locale\" content=\"fr_FR\" \/>\n<meta property=\"og:type\" content=\"article\" \/>\n<meta property=\"og:title\" content=\"Envie d\u2019eco-glamping? Les 10 plus beaux d\u2019Europe! - Ecobnb\" \/>\n<meta property=\"og:description\" content=\"Eco-glamping: tentes et logements de luxe avec tout le confort n\u00e9cessaire. Un nouveau moyen de voyager qui est en train de s\u00e9duire l\u2019Europe\" \/>\n<meta property=\"og:url\" content=\"https:\/\/ecobnb.fr\/blog\/2018\/08\/eco-glamping-europe\/\" \/>\n<meta property=\"og:site_name\" content=\"Ecobnb\" \/>\n<meta property=\"article:published_time\" content=\"2018-08-29T11:08:48+00:00\" \/>\n<meta property=\"article:modified_time\" content=\"2024-04-22T14:37:18+00:00\" \/>\n<meta property=\"og:image\" content=\"https:\/\/ecobnb.fr\/blog\/app\/uploads\/sites\/7\/2018\/08\/eco4.jpg\" \/>\n\t<meta property=\"og:image:width\" content=\"1170\" \/>\n\t<meta property=\"og:image:height\" content=\"490\" \/>\n\t<meta property=\"og:image:type\" content=\"image\/jpeg\" \/>\n<meta name=\"author\" content=\"Elena Bragantini\" \/>\n<meta name=\"twitter:card\" content=\"summary_large_image\" \/>\n<meta name=\"twitter:label1\" content=\"Written by\" \/>\n\t<meta name=\"twitter:data1\" content=\"Elena Bragantini\" \/>\n\t<meta name=\"twitter:label2\" content=\"Est. reading time\" \/>\n\t<meta name=\"twitter:data2\" content=\"10 minutes\" \/>\n<!-- \/ Yoast SEO plugin. -->","yoast_head_json":{"title":"Envie d\u2019eco-glamping? Les 10 plus beaux d\u2019Europe! - Ecobnb","description":"Eco-glamping: tentes et logements de luxe avec tout le confort n\u00e9cessaire. Un nouveau moyen de voyager qui est en train de s\u00e9duire l\u2019Europe","robots":{"index":"index","follow":"follow","max-snippet":"max-snippet:-1","max-image-preview":"max-image-preview:large","max-video-preview":"max-video-preview:-1"},"canonical":"https:\/\/ecobnb.fr\/blog\/2018\/08\/eco-glamping-europe\/","og_locale":"fr_FR","og_type":"article","og_title":"Envie d\u2019eco-glamping? Les 10 plus beaux d\u2019Europe! - Ecobnb","og_description":"Eco-glamping: tentes et logements de luxe avec tout le confort n\u00e9cessaire. Un nouveau moyen de voyager qui est en train de s\u00e9duire l\u2019Europe","og_url":"https:\/\/ecobnb.fr\/blog\/2018\/08\/eco-glamping-europe\/","og_site_name":"Ecobnb","article_published_time":"2018-08-29T11:08:48+00:00","article_modified_time":"2024-04-22T14:37:18+00:00","og_image":[{"width":1170,"height":490,"url":"https:\/\/ecobnb.fr\/blog\/app\/uploads\/sites\/7\/2018\/08\/eco4.jpg","type":"image\/jpeg"}],"author":"Elena Bragantini","twitter_card":"summary_large_image","twitter_misc":{"Written by":"Elena Bragantini","Est. reading time":"10 minutes"},"schema":{"@context":"https:\/\/schema.org","@graph":[{"@type":"WebPage","@id":"https:\/\/ecobnb.fr\/blog\/2018\/08\/eco-glamping-europe\/","url":"https:\/\/ecobnb.fr\/blog\/2018\/08\/eco-glamping-europe\/","name":"Envie d\u2019eco-glamping? Les 10 plus beaux d\u2019Europe! - Ecobnb","isPartOf":{"@id":"https:\/\/ecobnb.fr\/blog\/#website"},"datePublished":"2018-08-29T11:08:48+00:00","dateModified":"2024-04-22T14:37:18+00:00","author":{"@id":"https:\/\/ecobnb.fr\/blog\/#\/schema\/person\/08e1b0db3ea3e39721fd3a405900c9c0"},"description":"Eco-glamping: tentes et logements de luxe avec tout le confort n\u00e9cessaire. Un nouveau moyen de voyager qui est en train de s\u00e9duire l\u2019Europe","breadcrumb":{"@id":"https:\/\/ecobnb.fr\/blog\/2018\/08\/eco-glamping-europe\/#breadcrumb"},"inLanguage":"fr-FR","potentialAction":[{"@type":"ReadAction","target":["https:\/\/ecobnb.fr\/blog\/2018\/08\/eco-glamping-europe\/"]}]},{"@type":"BreadcrumbList","@id":"https:\/\/ecobnb.fr\/blog\/2018\/08\/eco-glamping-europe\/#breadcrumb","itemListElement":[{"@type":"ListItem","position":1,"name":"Home","item":"https:\/\/ecobnb.fr\/blog\/"},{"@type":"ListItem","position":2,"name":"Envie d\u2019eco-glamping? Voici les 10 plus beaux d\u2019Europe!"}]},{"@type":"WebSite","@id":"https:\/\/ecobnb.fr\/blog\/#website","url":"https:\/\/ecobnb.fr\/blog\/","name":"Ecobnb","description":"Find sustainable accommodation","potentialAction":[{"@type":"SearchAction","target":{"@type":"EntryPoint","urlTemplate":"https:\/\/ecobnb.fr\/blog\/?s={search_term_string}"},"query-input":"required name=search_term_string"}],"inLanguage":"fr-FR"},{"@type":"Person","@id":"https:\/\/ecobnb.fr\/blog\/#\/schema\/person\/08e1b0db3ea3e39721fd3a405900c9c0","name":"Elena Bragantini","image":{"@type":"ImageObject","inLanguage":"fr-FR","@id":"https:\/\/ecobnb.fr\/blog\/#\/schema\/person\/image\/","url":"https:\/\/secure.gravatar.com\/avatar\/75517956f6560525f8817261000f4179?s=96&d=monsterid&r=g","contentUrl":"https:\/\/secure.gravatar.com\/avatar\/75517956f6560525f8817261000f4179?s=96&d=monsterid&r=g","caption":"Elena Bragantini"},"description":"I am Elena, a 25 years old curious and optimistic student with the passion for travel. My studies and my travels helped me to understand the importance of social entrepreneurship for improving the life of people and protecting our planet.","url":"https:\/\/ecobnb.fr\/blog\/author\/elenabragantini\/"}]}},"_links":{"self":[{"href":"https:\/\/ecobnb.fr\/blog\/wp-json\/wp\/v2\/posts\/1619"}],"collection":[{"href":"https:\/\/ecobnb.fr\/blog\/wp-json\/wp\/v2\/posts"}],"about":[{"href":"https:\/\/ecobnb.fr\/blog\/wp-json\/wp\/v2\/types\/post"}],"author":[{"embeddable":true,"href":"https:\/\/ecobnb.fr\/blog\/wp-json\/wp\/v2\/users\/84"}],"replies":[{"embeddable":true,"href":"https:\/\/ecobnb.fr\/blog\/wp-json\/wp\/v2\/comments?post=1619"}],"version-history":[{"count":11,"href":"https:\/\/ecobnb.fr\/blog\/wp-json\/wp\/v2\/posts\/1619\/revisions"}],"predecessor-version":[{"id":4868,"href":"https:\/\/ecobnb.fr\/blog\/wp-json\/wp\/v2\/posts\/1619\/revisions\/4868"}],"wp:featuredmedia":[{"embeddable":true,"href":"https:\/\/ecobnb.fr\/blog\/wp-json\/wp\/v2\/media\/1654"}],"wp:attachment":[{"href":"https:\/\/ecobnb.fr\/blog\/wp-json\/wp\/v2\/media?parent=1619"}],"wp:term":[{"taxonomy":"category","embeddable":true,"href":"https:\/\/ecobnb.fr\/blog\/wp-json\/wp\/v2\/categories?post=1619"},{"taxonomy":"post_tag","embeddable":true,"href":"https:\/\/ecobnb.fr\/blog\/wp-json\/wp\/v2\/tags?post=1619"}],"curies":[{"name":"wp","href":"https:\/\/api.w.org\/{rel}","templated":true}]}}