{"id":286,"date":"2016-01-28T20:10:40","date_gmt":"2016-01-28T20:10:40","guid":{"rendered":"https:\/\/ecobnb.fr\/blog\/?p=286"},"modified":"2017-11-21T11:45:16","modified_gmt":"2017-11-21T11:45:16","slug":"chemins-itineraires-italien","status":"publish","type":"post","link":"https:\/\/ecobnb.fr\/blog\/2016\/01\/chemins-itineraires-italien\/","title":{"rendered":"2016, ann\u00e9e des chemins: 10 itin\u00e8raires \u00e0 pied \u00e0 ne pas manquer"},"content":{"rendered":"<p>Le <strong>tourisme italien<\/strong> repart et il le fait <strong>\u00e0 pied<\/strong>: ce ci c&rsquo;est ce qu&rsquo;il esp\u00e8re Dario Franceschini, Ministre du patrimoine culturel, en d\u00e9clarant 2016 <strong>l&rsquo;Ann\u00e9e Nationale de la marche.<\/strong><\/p>\n<p>2016 repr\u00e9sentera un tournant\u00a0pour le tourisme italien: pas plus de vacances &laquo;&nbsp;rapides&nbsp;&raquo; concentr\u00e9es seulement dans les villes d&rsquo;art, mais une promotion de l&rsquo;ensemble du territoire de la p\u00e9ninsule, qui englobe <strong>des perles de beaut\u00e9 encore peu connues.<\/strong><\/p>\n<p>Le tourisme international est en forte croissance et l&rsquo;Italie doit n\u00e9cessairement \u00eatre l&rsquo;une des destinations les plus populaires, \u00e9tant donn\u00e9 son paysage diversifi\u00e9, son histoire, ses villes; mais le but du projet est de se concentrer sur le<strong> tourisme durable<\/strong>, pas comme l&rsquo;un des domaines, mais tout comme la<strong> vocation du Pays.<\/strong><\/p>\n<p>L&rsquo;Etat, les r\u00e9gions, les municipalit\u00e9s, les autorit\u00e9s locales, les secteurs publics et priv\u00e9s, se r\u00e9unissent pour la premi\u00e8re fois pour am\u00e9liorer <strong>ces 6.600 kilom\u00e8tres<\/strong> (qui peuvent facilement devenir beaucoup plus!) de <strong>chemins naturalistes, religieux, culturels et spirituels<\/strong> qui traversent tout le Pays. Toujours plus de gens partent en voyage \u00e0 la recherche de quelque chose de plus que de &laquo;&nbsp;simples vacances&nbsp;&raquo;; ils veulent faire l&rsquo;exp\u00e9rience, ils veulent voyager lents pour comprendre plus, d\u00e9couvrir de nouveaux endroits et apprendre l&rsquo;autre.<\/p>\n<p><img class=\"alignnone wp-image-293\" src=\"https:\/\/ecobnb.fr\/blog\/app\/uploads\/sites\/7\/2016\/01\/photo-1445207966278-0a0a65a2047b-870x490.jpeg\" alt=\"itin\u00e8raires \u00e0 pied en Italie\" width=\"870\" height=\"490\" srcset=\"https:\/\/ecobnb.fr\/blog\/app\/uploads\/sites\/7\/2016\/01\/photo-1445207966278-0a0a65a2047b-870x490.jpeg 870w, https:\/\/ecobnb.fr\/blog\/app\/uploads\/sites\/7\/2016\/01\/photo-1445207966278-0a0a65a2047b-870x490-536x302.jpeg 536w, https:\/\/ecobnb.fr\/blog\/app\/uploads\/sites\/7\/2016\/01\/photo-1445207966278-0a0a65a2047b-870x490-570x320.jpeg 570w, https:\/\/ecobnb.fr\/blog\/app\/uploads\/sites\/7\/2016\/01\/photo-1445207966278-0a0a65a2047b-870x490-344x194.jpeg 344w\" sizes=\"(max-width: 870px) 100vw, 870px\" \/><\/p>\n<p>A la suite de <strong>l&rsquo;ann\u00e9e du Jubil\u00e9<\/strong>, consacr\u00e9 \u00e0 la pauvret\u00e9 et au p\u00e8lerinage, l&rsquo;Italie doit red\u00e9couvrir avec les voyageurs, ses chemins. La <strong>Via Francigena<\/strong> et le <strong>Chemin de San Francesco<\/strong> sont quelques exemples d&rsquo;un r\u00e9seau infini de routes qui, suivant l&rsquo;exemple de la route de Saint <strong>Jacques de Compostelle<\/strong>, peuvent repr\u00e9senter l&rsquo;occasion id\u00e9ale pour r\u00e9\u00e9valuer des zones enti\u00e8res d&rsquo;Italie. Selon nous, ce ci c&rsquo;est une excellente intention pour le Nouvel An!<\/p>\n<h3>Mais quelles sont les routes \u00e0 ne pas manquer en 2016? Voici nos 10 pr\u00e9f\u00e9r\u00e9s!<\/h3>\n<p><strong>1.<\/strong> A la d\u00e9couverte du <strong>Monte Nerone<\/strong> et de la nature des <strong>Marches<\/strong>, entre le silence de la for\u00eat, l&rsquo;eau courante des ruisseaux et les villages charmants. C&rsquo;est <strong><a href=\"https:\/\/ecobnb.com\/itinerary\/from-piobbico-to-bacciardi\" target=\"_blank\">l&rsquo;itin\u00e8raire de Piobbicco \u00e0 Bacciardi.<\/a><\/strong><\/p>\n\n\t\t<style type=\"text\/css\">\n\t\t\t#gallery-1 {\n\t\t\t\tmargin: auto;\n\t\t\t}\n\t\t\t#gallery-1 .gallery-item {\n\t\t\t\tfloat: left;\n\t\t\t\tmargin-top: 10px;\n\t\t\t\ttext-align: center;\n\t\t\t\twidth: 33%;\n\t\t\t}\n\t\t\t#gallery-1 img {\n\t\t\t\tborder: 2px solid #cfcfcf;\n\t\t\t}\n\t\t\t#gallery-1 .gallery-caption {\n\t\t\t\tmargin-left: 0;\n\t\t\t}\n\t\t\t\/* see gallery_shortcode() in wp-includes\/media.php *\/\n\t\t<\/style>\n\t\t<div id='gallery-1' class='gallery galleryid-286 gallery-columns-3 gallery-size-thumbnail'><dl class='gallery-item'>\n\t\t\t<dt class='gallery-icon landscape'>\n\t\t\t\t<img width=\"270\" height=\"200\" src=\"https:\/\/ecobnb.fr\/blog\/app\/uploads\/sites\/7\/2016\/01\/piobbico-270x200.jpg\" class=\"attachment-thumbnail size-thumbnail\" alt=\"Paysage de Piobicco\" aria-describedby=\"gallery-1-296\" \/>\n\t\t\t<\/dt>\n\t\t\t\t<dd class='wp-caption-text gallery-caption' id='gallery-1-296'>\n\t\t\t\tPiobbico\n\t\t\t\t<\/dd><\/dl><dl class='gallery-item'>\n\t\t\t<dt class='gallery-icon landscape'>\n\t\t\t\t<img width=\"270\" height=\"200\" src=\"https:\/\/ecobnb.fr\/blog\/app\/uploads\/sites\/7\/2016\/01\/2748056410_8158341599_o-270x200.jpg\" class=\"attachment-thumbnail size-thumbnail\" alt=\"itin\u00e8raire de Piobbicco \u00e0 Bacciardi\" aria-describedby=\"gallery-1-295\" \/>\n\t\t\t<\/dt>\n\t\t\t\t<dd class='wp-caption-text gallery-caption' id='gallery-1-295'>\n\t\t\t\tPhotos cL0d via Flickr\n\t\t\t\t<\/dd><\/dl><dl class='gallery-item'>\n\t\t\t<dt class='gallery-icon landscape'>\n\t\t\t\t<img width=\"270\" height=\"200\" src=\"https:\/\/ecobnb.fr\/blog\/app\/uploads\/sites\/7\/2016\/01\/14012941716_5dc7d53509_b-270x200.jpg\" class=\"attachment-thumbnail size-thumbnail\" alt=\"nature des Marches\" aria-describedby=\"gallery-1-298\" \/>\n\t\t\t<\/dt>\n\t\t\t\t<dd class='wp-caption-text gallery-caption' id='gallery-1-298'>\n\t\t\t\tFoss\u00e9 del\u2019hermitage\n\t\t\t\t<\/dd><\/dl><br style=\"clear: both\" \/>\n\t\t<\/div>\n\n<p><strong>2.<\/strong> 14 kilom\u00e8tres le long de la rivi\u00e8re glac\u00e9e Orfento, au coeur du <strong>Parc National de la Majella<\/strong>. Arr\u00eatez-vous un instant sur le Pont de pierre et vous serez vraiment enchant\u00e9s par la beaut\u00e9 de <strong><a href=\"https:\/\/ecobnb.com\/itinerary\/in-the-majella-national-park\" target=\"_blank\">cet incroyable itin\u00e8raire.<\/a><\/strong><\/p>\n\n\t\t<style type=\"text\/css\">\n\t\t\t#gallery-2 {\n\t\t\t\tmargin: auto;\n\t\t\t}\n\t\t\t#gallery-2 .gallery-item {\n\t\t\t\tfloat: left;\n\t\t\t\tmargin-top: 10px;\n\t\t\t\ttext-align: center;\n\t\t\t\twidth: 33%;\n\t\t\t}\n\t\t\t#gallery-2 img {\n\t\t\t\tborder: 2px solid #cfcfcf;\n\t\t\t}\n\t\t\t#gallery-2 .gallery-caption {\n\t\t\t\tmargin-left: 0;\n\t\t\t}\n\t\t\t\/* see gallery_shortcode() in wp-includes\/media.php *\/\n\t\t<\/style>\n\t\t<div id='gallery-2' class='gallery galleryid-286 gallery-columns-3 gallery-size-thumbnail'><dl class='gallery-item'>\n\t\t\t<dt class='gallery-icon landscape'>\n\t\t\t\t<img width=\"270\" height=\"200\" src=\"https:\/\/ecobnb.fr\/blog\/app\/uploads\/sites\/7\/2016\/01\/4546353565_c84a51ae67_z-270x200.jpg\" class=\"attachment-thumbnail size-thumbnail\" alt=\"Parc National de la Majella\" aria-describedby=\"gallery-2-301\" \/>\n\t\t\t<\/dt>\n\t\t\t\t<dd class='wp-caption-text gallery-caption' id='gallery-2-301'>\n\t\t\t\tPhoto par Francesco Moscone via Flickr\n\t\t\t\t<\/dd><\/dl><dl class='gallery-item'>\n\t\t\t<dt class='gallery-icon landscape'>\n\t\t\t\t<img width=\"270\" height=\"200\" src=\"https:\/\/ecobnb.fr\/blog\/app\/uploads\/sites\/7\/2016\/01\/16456531207_05feec2502_o-270x200.jpg\" class=\"attachment-thumbnail size-thumbnail\" alt=\"Pont de pierre Majella\" aria-describedby=\"gallery-2-302\" \/>\n\t\t\t<\/dt>\n\t\t\t\t<dd class='wp-caption-text gallery-caption' id='gallery-2-302'>\n\t\t\t\tPhotos Fiore S. Barbato via Flickr\n\t\t\t\t<\/dd><\/dl><dl class='gallery-item'>\n\t\t\t<dt class='gallery-icon landscape'>\n\t\t\t\t<img width=\"270\" height=\"200\" src=\"https:\/\/ecobnb.fr\/blog\/app\/uploads\/sites\/7\/2016\/01\/16044106053_0fe8353600_o-270x200.jpg\" class=\"attachment-thumbnail size-thumbnail\" alt=\"itin\u00e8raire dans la Majella\" aria-describedby=\"gallery-2-303\" \/>\n\t\t\t<\/dt>\n\t\t\t\t<dd class='wp-caption-text gallery-caption' id='gallery-2-303'>\n\t\t\t\tPhotos Fiore S. Barbato via Flickr\n\t\t\t\t<\/dd><\/dl><br style=\"clear: both\" \/>\n\t\t<\/div>\n\n<p><strong>3.<\/strong> <strong><a href=\"https:\/\/ecobnb.com\/itinerary\/via-francigena-from-pont-saint-martin-to-ivrea\" target=\"_blank\">Via Francigena de Pont Saint Martin \u00e0 Ivrea:<\/a><\/strong> l&rsquo;une de la premi\u00e8re \u00e9tape italienne du p\u00e8lerinage de la Via Francigena, entre bois et ch\u00e2teaux m\u00e9di\u00e9vaux.<\/p>\n\n\t\t<style type=\"text\/css\">\n\t\t\t#gallery-3 {\n\t\t\t\tmargin: auto;\n\t\t\t}\n\t\t\t#gallery-3 .gallery-item {\n\t\t\t\tfloat: left;\n\t\t\t\tmargin-top: 10px;\n\t\t\t\ttext-align: center;\n\t\t\t\twidth: 33%;\n\t\t\t}\n\t\t\t#gallery-3 img {\n\t\t\t\tborder: 2px solid #cfcfcf;\n\t\t\t}\n\t\t\t#gallery-3 .gallery-caption {\n\t\t\t\tmargin-left: 0;\n\t\t\t}\n\t\t\t\/* see gallery_shortcode() in wp-includes\/media.php *\/\n\t\t<\/style>\n\t\t<div id='gallery-3' class='gallery galleryid-286 gallery-columns-3 gallery-size-thumbnail'><dl class='gallery-item'>\n\t\t\t<dt class='gallery-icon landscape'>\n\t\t\t\t<img width=\"270\" height=\"200\" src=\"https:\/\/ecobnb.fr\/blog\/app\/uploads\/sites\/7\/2016\/01\/440733216_aa12712264_z-270x200.jpg\" class=\"attachment-thumbnail size-thumbnail\" alt=\"Ivrea en Italie\" aria-describedby=\"gallery-3-307\" \/>\n\t\t\t<\/dt>\n\t\t\t\t<dd class='wp-caption-text gallery-caption' id='gallery-3-307'>\n\t\t\t\tIvrea, photo de bass_nroll via Flickr\n\t\t\t\t<\/dd><\/dl><dl class='gallery-item'>\n\t\t\t<dt class='gallery-icon landscape'>\n\t\t\t\t<img width=\"270\" height=\"200\" src=\"https:\/\/ecobnb.fr\/blog\/app\/uploads\/sites\/7\/2016\/01\/2739202400_4815761681_b-e1447243046837-270x200.jpg\" class=\"attachment-thumbnail size-thumbnail\" alt=\"route Via Francigena\" aria-describedby=\"gallery-3-306\" \/>\n\t\t\t<\/dt>\n\t\t\t\t<dd class='wp-caption-text gallery-caption' id='gallery-3-306'>\n\t\t\t\tPhoto de Philip Foin via Flickr\n\t\t\t\t<\/dd><\/dl><dl class='gallery-item'>\n\t\t\t<dt class='gallery-icon landscape'>\n\t\t\t\t<img width=\"270\" height=\"200\" src=\"https:\/\/ecobnb.fr\/blog\/app\/uploads\/sites\/7\/2016\/01\/133370377_e2300a081b_z-270x200.jpg\" class=\"attachment-thumbnail size-thumbnail\" alt=\"Pont Saint Martin via Francigena\" aria-describedby=\"gallery-3-305\" \/>\n\t\t\t<\/dt>\n\t\t\t\t<dd class='wp-caption-text gallery-caption' id='gallery-3-305'>\n\t\t\t\tPont Saint Martin, photo de Pascal Pizzol via Flickr\n\t\t\t\t<\/dd><\/dl><br style=\"clear: both\" \/>\n\t\t<\/div>\n\n<p><strong>4.<\/strong> D\u00e9couvrez les tr\u00e9sors historiques et culturels de l&rsquo;<strong>Ombrie<\/strong> dans le vert des ses douces collines en <strong><a href=\"https:\/\/ecobnb.com\/itinerary\/from-assisi-to-bevagna\" target=\"_blank\">ce chemin d&rsquo;Assise \u00e0 Bevagna.<\/a><\/strong><\/p>\n\n\t\t<style type=\"text\/css\">\n\t\t\t#gallery-4 {\n\t\t\t\tmargin: auto;\n\t\t\t}\n\t\t\t#gallery-4 .gallery-item {\n\t\t\t\tfloat: left;\n\t\t\t\tmargin-top: 10px;\n\t\t\t\ttext-align: center;\n\t\t\t\twidth: 33%;\n\t\t\t}\n\t\t\t#gallery-4 img {\n\t\t\t\tborder: 2px solid #cfcfcf;\n\t\t\t}\n\t\t\t#gallery-4 .gallery-caption {\n\t\t\t\tmargin-left: 0;\n\t\t\t}\n\t\t\t\/* see gallery_shortcode() in wp-includes\/media.php *\/\n\t\t<\/style>\n\t\t<div id='gallery-4' class='gallery galleryid-286 gallery-columns-3 gallery-size-thumbnail'><dl class='gallery-item'>\n\t\t\t<dt class='gallery-icon landscape'>\n\t\t\t\t<img width=\"270\" height=\"200\" src=\"https:\/\/ecobnb.fr\/blog\/app\/uploads\/sites\/7\/2016\/01\/320443243_44704b2409_z-270x200.jpg\" class=\"attachment-thumbnail size-thumbnail\" alt=\"ville d&#039;Assise, Italie\" aria-describedby=\"gallery-4-309\" \/>\n\t\t\t<\/dt>\n\t\t\t\t<dd class='wp-caption-text gallery-caption' id='gallery-4-309'>\n\t\t\t\tAssise, photo de Roberto Ferrari via Flickr\n\t\t\t\t<\/dd><\/dl><dl class='gallery-item'>\n\t\t\t<dt class='gallery-icon landscape'>\n\t\t\t\t<img width=\"270\" height=\"200\" src=\"https:\/\/ecobnb.fr\/blog\/app\/uploads\/sites\/7\/2016\/01\/7177862967_809370a243_z-270x200.jpg\" class=\"attachment-thumbnail size-thumbnail\" alt=\"Pont des tours, Ombrie\" aria-describedby=\"gallery-4-311\" \/>\n\t\t\t<\/dt>\n\t\t\t\t<dd class='wp-caption-text gallery-caption' id='gallery-4-311'>\n\t\t\t\tPont des tours, photo de Andrew Moore via Flickr\n\t\t\t\t<\/dd><\/dl><dl class='gallery-item'>\n\t\t\t<dt class='gallery-icon landscape'>\n\t\t\t\t<img width=\"270\" height=\"200\" src=\"https:\/\/ecobnb.fr\/blog\/app\/uploads\/sites\/7\/2016\/01\/20994764168_e68d14b8a7_z-270x200.jpg\" class=\"attachment-thumbnail size-thumbnail\" alt=\"Castelluccio de Norcia\" aria-describedby=\"gallery-4-310\" \/>\n\t\t\t<\/dt>\n\t\t\t\t<dd class='wp-caption-text gallery-caption' id='gallery-4-310'>\n\t\t\t\tCastelluccio de Norcia, photo de Fabrizio Sciami via Flickr\n\t\t\t\t<\/dd><\/dl><br style=\"clear: both\" \/>\n\t\t<\/div>\n\n<p><strong>5.<\/strong> Les <strong>Apennins \u00e0 c\u00f4t\u00e9 de Parme<\/strong> englobent de nombreux chemins, comme <strong><a href=\"https:\/\/ecobnb.com\/itinerary\/the-track-of-the-buono-lake\" target=\"_blank\">le chemin du lac Buono<\/a><\/strong>, un lent itin\u00e9raire \u00e0 travers les bois de h\u00eatres et de for\u00eats de pins, dans un paysage de contes de f\u00e9es.<\/p>\n\n\t\t<style type=\"text\/css\">\n\t\t\t#gallery-5 {\n\t\t\t\tmargin: auto;\n\t\t\t}\n\t\t\t#gallery-5 .gallery-item {\n\t\t\t\tfloat: left;\n\t\t\t\tmargin-top: 10px;\n\t\t\t\ttext-align: center;\n\t\t\t\twidth: 33%;\n\t\t\t}\n\t\t\t#gallery-5 img {\n\t\t\t\tborder: 2px solid #cfcfcf;\n\t\t\t}\n\t\t\t#gallery-5 .gallery-caption {\n\t\t\t\tmargin-left: 0;\n\t\t\t}\n\t\t\t\/* see gallery_shortcode() in wp-includes\/media.php *\/\n\t\t<\/style>\n\t\t<div id='gallery-5' class='gallery galleryid-286 gallery-columns-3 gallery-size-thumbnail'><dl class='gallery-item'>\n\t\t\t<dt class='gallery-icon landscape'>\n\t\t\t\t<img width=\"270\" height=\"200\" src=\"https:\/\/ecobnb.fr\/blog\/app\/uploads\/sites\/7\/2016\/01\/5153823440_e5d18b14bf_z-270x200.jpg\" class=\"attachment-thumbnail size-thumbnail\" alt=\"Lac Buono, Parme\" aria-describedby=\"gallery-5-312\" \/>\n\t\t\t<\/dt>\n\t\t\t\t<dd class='wp-caption-text gallery-caption' id='gallery-5-312'>\n\t\t\t\tPhoto by Elisa via Flickr\n\t\t\t\t<\/dd><\/dl><dl class='gallery-item'>\n\t\t\t<dt class='gallery-icon landscape'>\n\t\t\t\t<img width=\"270\" height=\"200\" src=\"https:\/\/ecobnb.fr\/blog\/app\/uploads\/sites\/7\/2016\/01\/testa-270x200.jpg\" class=\"attachment-thumbnail size-thumbnail\" alt=\"Lac Buono, Parme\" aria-describedby=\"gallery-5-313\" \/>\n\t\t\t<\/dt>\n\t\t\t\t<dd class='wp-caption-text gallery-caption' id='gallery-5-313'>\n\t\t\t\tLac Buono\n\t\t\t\t<\/dd><\/dl><dl class='gallery-item'>\n\t\t\t<dt class='gallery-icon landscape'>\n\t\t\t\t<img width=\"270\" height=\"200\" src=\"https:\/\/ecobnb.fr\/blog\/app\/uploads\/sites\/7\/2016\/01\/4830909896_865ed55fda_z-270x200.jpg\" class=\"attachment-thumbnail size-thumbnail\" alt=\"itin\u00e8raires dans les Appenins\" aria-describedby=\"gallery-5-314\" \/>\n\t\t\t<\/dt>\n\t\t\t\t<dd class='wp-caption-text gallery-caption' id='gallery-5-314'>\n\t\t\t\tPhoto de Isabel via Flickr\n\t\t\t\t<\/dd><\/dl><br style=\"clear: both\" \/>\n\t\t<\/div>\n\n<p><strong>6.<\/strong> Marcher entre la mer et les vignes, le long de la route \u00e0 pied pour explorer les <strong><a href=\"https:\/\/ecobnb.com\/itinerary\/hiking-cinque-terre\" target=\"_blank\">Cinque Terre<\/a><\/strong>. Les incroyables villages avec leurs maisons color\u00e9es, l&rsquo;odeur de la mer et les terrasses vous accompagneront pendant cette journ\u00e9e \u00e0 la d\u00e9couverte de l&rsquo;une <strong>des zones les plus intactes d&rsquo;Italie.<\/strong><\/p>\n\n\t\t<style type=\"text\/css\">\n\t\t\t#gallery-6 {\n\t\t\t\tmargin: auto;\n\t\t\t}\n\t\t\t#gallery-6 .gallery-item {\n\t\t\t\tfloat: left;\n\t\t\t\tmargin-top: 10px;\n\t\t\t\ttext-align: center;\n\t\t\t\twidth: 33%;\n\t\t\t}\n\t\t\t#gallery-6 img {\n\t\t\t\tborder: 2px solid #cfcfcf;\n\t\t\t}\n\t\t\t#gallery-6 .gallery-caption {\n\t\t\t\tmargin-left: 0;\n\t\t\t}\n\t\t\t\/* see gallery_shortcode() in wp-includes\/media.php *\/\n\t\t<\/style>\n\t\t<div id='gallery-6' class='gallery galleryid-286 gallery-columns-3 gallery-size-thumbnail'><dl class='gallery-item'>\n\t\t\t<dt class='gallery-icon landscape'>\n\t\t\t\t<img width=\"270\" height=\"200\" src=\"https:\/\/ecobnb.fr\/blog\/app\/uploads\/sites\/7\/2016\/01\/14298439976_4f13c168a4_z-270x200.jpg\" class=\"attachment-thumbnail size-thumbnail\" alt=\"Cinque Terre, Italie\" aria-describedby=\"gallery-6-316\" \/>\n\t\t\t<\/dt>\n\t\t\t\t<dd class='wp-caption-text gallery-caption' id='gallery-6-316'>\n\t\t\t\tFoto di Lo\u00efc Lagarde via Flickr\n\t\t\t\t<\/dd><\/dl><dl class='gallery-item'>\n\t\t\t<dt class='gallery-icon landscape'>\n\t\t\t\t<img width=\"270\" height=\"200\" src=\"https:\/\/ecobnb.fr\/blog\/app\/uploads\/sites\/7\/2016\/01\/8669542521_f500c98bb3_z-270x200.jpg\" class=\"attachment-thumbnail size-thumbnail\" alt=\"Cinque Terre, Italie\" aria-describedby=\"gallery-6-317\" \/>\n\t\t\t<\/dt>\n\t\t\t\t<dd class='wp-caption-text gallery-caption' id='gallery-6-317'>\n\t\t\t\tFoto di Daniel Stockman via Flickr\n\t\t\t\t<\/dd><\/dl><dl class='gallery-item'>\n\t\t\t<dt class='gallery-icon landscape'>\n\t\t\t\t<img width=\"270\" height=\"200\" src=\"https:\/\/ecobnb.fr\/blog\/app\/uploads\/sites\/7\/2016\/01\/4486759684_292a159746_z-270x200.jpg\" class=\"attachment-thumbnail size-thumbnail\" alt=\"itin\u00e8raire \u00e0 pied Cinque Terre\" aria-describedby=\"gallery-6-318\" \/>\n\t\t\t<\/dt>\n\t\t\t\t<dd class='wp-caption-text gallery-caption' id='gallery-6-318'>\n\t\t\t\tFoto di Marty Portier via Flickr\n\t\t\t\t<\/dd><\/dl><br style=\"clear: both\" \/>\n\t\t<\/div>\n\n<p><strong>7.<\/strong> Est-que c&rsquo;est une jungle? Non, c&rsquo;est la merveilleuse et non contamin\u00e9e <strong><a href=\"https:\/\/ecobnb.com\/itinerary\/valle-delle-ferriere-amalfi\" target=\"_blank\">vall\u00e9e des Ferriere<\/a>.<\/strong> Vous partez du c\u0153ur d&rsquo;Amalfi et d\u00e9couvrez les collines luxuriantes, les citronniers et les vieilles ruines englouti\u00e9es par les arbres et par la nature dans <strong>cet incroyable itin\u00e8raire.<\/strong><\/p>\n\n\t\t<style type=\"text\/css\">\n\t\t\t#gallery-7 {\n\t\t\t\tmargin: auto;\n\t\t\t}\n\t\t\t#gallery-7 .gallery-item {\n\t\t\t\tfloat: left;\n\t\t\t\tmargin-top: 10px;\n\t\t\t\ttext-align: center;\n\t\t\t\twidth: 33%;\n\t\t\t}\n\t\t\t#gallery-7 img {\n\t\t\t\tborder: 2px solid #cfcfcf;\n\t\t\t}\n\t\t\t#gallery-7 .gallery-caption {\n\t\t\t\tmargin-left: 0;\n\t\t\t}\n\t\t\t\/* see gallery_shortcode() in wp-includes\/media.php *\/\n\t\t<\/style>\n\t\t<div id='gallery-7' class='gallery galleryid-286 gallery-columns-3 gallery-size-thumbnail'><dl class='gallery-item'>\n\t\t\t<dt class='gallery-icon landscape'>\n\t\t\t\t<img width=\"270\" height=\"200\" src=\"https:\/\/ecobnb.fr\/blog\/app\/uploads\/sites\/7\/2016\/01\/17241484543_5b7f0b3cdd_z-270x200.jpg\" class=\"attachment-thumbnail size-thumbnail\" alt=\"Amalfi, Italie\" aria-describedby=\"gallery-7-319\" \/>\n\t\t\t<\/dt>\n\t\t\t\t<dd class='wp-caption-text gallery-caption' id='gallery-7-319'>\n\t\t\t\tAmalfi, photo de ILCE3000 via Flickr\n\t\t\t\t<\/dd><\/dl><dl class='gallery-item'>\n\t\t\t<dt class='gallery-icon landscape'>\n\t\t\t\t<img width=\"270\" height=\"200\" src=\"https:\/\/ecobnb.fr\/blog\/app\/uploads\/sites\/7\/2016\/01\/4595729039_de339c113f_o-270x200.jpg\" class=\"attachment-thumbnail size-thumbnail\" alt=\"Fiore S. Barbato, Italie\" aria-describedby=\"gallery-7-320\" \/>\n\t\t\t<\/dt>\n\t\t\t\t<dd class='wp-caption-text gallery-caption' id='gallery-7-320'>\n\t\t\t\tPhoto de Fiore S. Barbato via Flickr\n\t\t\t\t<\/dd><\/dl><dl class='gallery-item'>\n\t\t\t<dt class='gallery-icon landscape'>\n\t\t\t\t<img width=\"270\" height=\"200\" src=\"https:\/\/ecobnb.fr\/blog\/app\/uploads\/sites\/7\/2016\/01\/5526256288_a3975a84fb_o-270x2001.jpg\" class=\"attachment-thumbnail size-thumbnail\" alt=\"Photo de Fiore S. Barbato via Flickr\" aria-describedby=\"gallery-7-321\" \/>\n\t\t\t<\/dt>\n\t\t\t\t<dd class='wp-caption-text gallery-caption' id='gallery-7-321'>\n\t\t\t\tPhoto de Fiore S. Barbato via Flickr\n\t\t\t\t<\/dd><\/dl><br style=\"clear: both\" \/>\n\t\t<\/div>\n\n<p><strong>8.<\/strong> Marcher\u00a0<strong><a href=\"https:\/\/ecobnb.com\/itinerary\/via-francigena-from-san-quirico-to-radicofani\" target=\"_blank\">de San Quirico \u00e0 Radicofani<\/a><\/strong> long une route difficile de la Via Francigena. Red\u00e9couvrez vous-m\u00eames \u00e0 travers les paysages \u00e0 <strong>couper le souffle de la Toscane<\/strong>, la rivi\u00e8re Orcia et la piscine thermale de <strong>Bagno Vignoni.<\/strong><\/p>\n\n\t\t<style type=\"text\/css\">\n\t\t\t#gallery-8 {\n\t\t\t\tmargin: auto;\n\t\t\t}\n\t\t\t#gallery-8 .gallery-item {\n\t\t\t\tfloat: left;\n\t\t\t\tmargin-top: 10px;\n\t\t\t\ttext-align: center;\n\t\t\t\twidth: 33%;\n\t\t\t}\n\t\t\t#gallery-8 img {\n\t\t\t\tborder: 2px solid #cfcfcf;\n\t\t\t}\n\t\t\t#gallery-8 .gallery-caption {\n\t\t\t\tmargin-left: 0;\n\t\t\t}\n\t\t\t\/* see gallery_shortcode() in wp-includes\/media.php *\/\n\t\t<\/style>\n\t\t<div id='gallery-8' class='gallery galleryid-286 gallery-columns-3 gallery-size-thumbnail'><dl class='gallery-item'>\n\t\t\t<dt class='gallery-icon landscape'>\n\t\t\t\t<img width=\"270\" height=\"200\" src=\"https:\/\/ecobnb.fr\/blog\/app\/uploads\/sites\/7\/2016\/01\/2949349218_2538a2d7a8_z-270x200.jpg\" class=\"attachment-thumbnail size-thumbnail\" alt=\"San Quirico, Italie\" aria-describedby=\"gallery-8-324\" \/>\n\t\t\t<\/dt>\n\t\t\t\t<dd class='wp-caption-text gallery-caption' id='gallery-8-324'>\n\t\t\t\tSan Quirico , Photo de mau_ry via Flickr\n\t\t\t\t<\/dd><\/dl><dl class='gallery-item'>\n\t\t\t<dt class='gallery-icon landscape'>\n\t\t\t\t<img width=\"270\" height=\"200\" src=\"https:\/\/ecobnb.fr\/blog\/app\/uploads\/sites\/7\/2016\/01\/10045259146_9499361975_z-270x200.jpg\" class=\"attachment-thumbnail size-thumbnail\" alt=\"nature de la Toscane\" aria-describedby=\"gallery-8-325\" \/>\n\t\t\t<\/dt>\n\t\t\t\t<dd class='wp-caption-text gallery-caption' id='gallery-8-325'>\n\t\t\t\tPhoto de Tommy Clark via Flickr\n\t\t\t\t<\/dd><\/dl><dl class='gallery-item'>\n\t\t\t<dt class='gallery-icon landscape'>\n\t\t\t\t<img width=\"270\" height=\"200\" src=\"https:\/\/ecobnb.fr\/blog\/app\/uploads\/sites\/7\/2016\/01\/11863708205_3fee8ef524_z-270x200.jpg\" class=\"attachment-thumbnail size-thumbnail\" alt=\"Bagno Vignoni, Toscane\" aria-describedby=\"gallery-8-326\" \/>\n\t\t\t<\/dt>\n\t\t\t\t<dd class='wp-caption-text gallery-caption' id='gallery-8-326'>\n\t\t\t\tBagno Vignoni, Photo de Manuel Guerra Paz via Flickr\n\t\t\t\t<\/dd><\/dl><br style=\"clear: both\" \/>\n\t\t<\/div>\n\n<p><strong>9.<\/strong> Des terres sauvages vous attendent dans les <strong>pics rocheux du Lagorai<\/strong>, une cha\u00eene de montagnes du <strong>Trentin<\/strong> encore peu connu. <strong><a href=\"https:\/\/ecobnb.com\/itinerary\/laste-delle-sute\" target=\"_blank\">D\u00e9couvrez cette route!<\/a><\/strong><\/p>\n\n\t\t<style type=\"text\/css\">\n\t\t\t#gallery-9 {\n\t\t\t\tmargin: auto;\n\t\t\t}\n\t\t\t#gallery-9 .gallery-item {\n\t\t\t\tfloat: left;\n\t\t\t\tmargin-top: 10px;\n\t\t\t\ttext-align: center;\n\t\t\t\twidth: 33%;\n\t\t\t}\n\t\t\t#gallery-9 img {\n\t\t\t\tborder: 2px solid #cfcfcf;\n\t\t\t}\n\t\t\t#gallery-9 .gallery-caption {\n\t\t\t\tmargin-left: 0;\n\t\t\t}\n\t\t\t\/* see gallery_shortcode() in wp-includes\/media.php *\/\n\t\t<\/style>\n\t\t<div id='gallery-9' class='gallery galleryid-286 gallery-columns-3 gallery-size-thumbnail'><dl class='gallery-item'>\n\t\t\t<dt class='gallery-icon landscape'>\n\t\t\t\t<img width=\"270\" height=\"200\" src=\"https:\/\/ecobnb.fr\/blog\/app\/uploads\/sites\/7\/2016\/01\/15448069582_4d936506d9_k-270x200.jpg\" class=\"attachment-thumbnail size-thumbnail\" alt=\"Lagorai, Trentino\" aria-describedby=\"gallery-9-327\" \/>\n\t\t\t<\/dt>\n\t\t\t\t<dd class='wp-caption-text gallery-caption' id='gallery-9-327'>\n\t\t\t\tPhoto du photolupi via Flickr\n\t\t\t\t<\/dd><\/dl><dl class='gallery-item'>\n\t\t\t<dt class='gallery-icon landscape'>\n\t\t\t\t<img width=\"270\" height=\"200\" src=\"https:\/\/ecobnb.fr\/blog\/app\/uploads\/sites\/7\/2016\/01\/1578084509_514185d947_z-270x200.jpg\" class=\"attachment-thumbnail size-thumbnail\" alt=\"Vacances en montagne\" aria-describedby=\"gallery-9-328\" \/>\n\t\t\t<\/dt>\n\t\t\t\t<dd class='wp-caption-text gallery-caption' id='gallery-9-328'>\n\t\t\t\tPhoto du photolupi via Flickr\n\t\t\t\t<\/dd><\/dl><dl class='gallery-item'>\n\t\t\t<dt class='gallery-icon landscape'>\n\t\t\t\t<img width=\"270\" height=\"200\" src=\"https:\/\/ecobnb.fr\/blog\/app\/uploads\/sites\/7\/2016\/01\/5023342234_ef197c56a2_z-270x200.jpg\" class=\"attachment-thumbnail size-thumbnail\" alt=\"route \u00e0 pied en Trentino\" aria-describedby=\"gallery-9-329\" \/>\n\t\t\t<\/dt>\n\t\t\t\t<dd class='wp-caption-text gallery-caption' id='gallery-9-329'>\n\t\t\t\tPhoto de Umberto Nicoletti via Flickr\n\t\t\t\t<\/dd><\/dl><br style=\"clear: both\" \/>\n\t\t<\/div>\n\n<p><strong>10.<\/strong> Des canyons naturels, des for\u00eats anciennes et un observatoire pour les oiseaux de proie, sont quelques-uns des \u00e9l\u00e9ments qui rendent sp\u00e9ciale ce voyage dans le magique et presque inconnu <strong><a href=\"https:\/\/ecobnb.com\/itinerary\/bosco-rocconi\" target=\"_blank\">Bosco Rocconi.<\/a><\/strong><\/p>\n\n\t\t<style type=\"text\/css\">\n\t\t\t#gallery-10 {\n\t\t\t\tmargin: auto;\n\t\t\t}\n\t\t\t#gallery-10 .gallery-item {\n\t\t\t\tfloat: left;\n\t\t\t\tmargin-top: 10px;\n\t\t\t\ttext-align: center;\n\t\t\t\twidth: 33%;\n\t\t\t}\n\t\t\t#gallery-10 img {\n\t\t\t\tborder: 2px solid #cfcfcf;\n\t\t\t}\n\t\t\t#gallery-10 .gallery-caption {\n\t\t\t\tmargin-left: 0;\n\t\t\t}\n\t\t\t\/* see gallery_shortcode() in wp-includes\/media.php *\/\n\t\t<\/style>\n\t\t<div id='gallery-10' class='gallery galleryid-286 gallery-columns-3 gallery-size-thumbnail'><dl class='gallery-item'>\n\t\t\t<dt class='gallery-icon landscape'>\n\t\t\t\t<img width=\"270\" height=\"200\" src=\"https:\/\/ecobnb.fr\/blog\/app\/uploads\/sites\/7\/2016\/01\/16067-141-oabsr-270x200.jpeg\" class=\"attachment-thumbnail size-thumbnail\" alt=\"Bosco Rocconi, Italie\" aria-describedby=\"gallery-10-330\" \/>\n\t\t\t<\/dt>\n\t\t\t\t<dd class='wp-caption-text gallery-caption' id='gallery-10-330'>\n\t\t\t\tBosco Rocconi, Italie\n\t\t\t\t<\/dd><\/dl><dl class='gallery-item'>\n\t\t\t<dt class='gallery-icon landscape'>\n\t\t\t\t<img width=\"270\" height=\"200\" src=\"https:\/\/ecobnb.fr\/blog\/app\/uploads\/sites\/7\/2016\/01\/fiumealbegna-140809-001-270x200.jpg\" class=\"attachment-thumbnail size-thumbnail\" alt=\"vacance dans la nature\" aria-describedby=\"gallery-10-331\" \/>\n\t\t\t<\/dt>\n\t\t\t\t<dd class='wp-caption-text gallery-caption' id='gallery-10-331'>\n\t\t\t\tNature Bosco Rocconi\n\t\t\t\t<\/dd><\/dl><dl class='gallery-item'>\n\t\t\t<dt class='gallery-icon landscape'>\n\t\t\t\t<img width=\"270\" height=\"200\" src=\"https:\/\/ecobnb.fr\/blog\/app\/uploads\/sites\/7\/2016\/01\/fotoOasi-WWF-bosco-rocconi-Fabio-Cianchi-270x200-1.jpg\" class=\"attachment-thumbnail size-thumbnail\" alt=\"Bosco Rocconi, Italie\" aria-describedby=\"gallery-10-333\" \/>\n\t\t\t<\/dt>\n\t\t\t\t<dd class='wp-caption-text gallery-caption' id='gallery-10-333'>\n\t\t\t\tBois Rocconi\n\t\t\t\t<\/dd><\/dl><br style=\"clear: both\" \/>\n\t\t<\/div>\n\n<p>Quelle sera votre voyage \u00e0 pied en 2016?<br \/>\nVous avez \u00e0 sugg\u00e9rer un itin\u00e9raire? Partagez avec nous en commentant l&rsquo;article!<\/p>\n<h3>Vous \u00eates en train de planifier votre prochain &laquo;&nbsp;voyage lent&nbsp;&raquo;?<\/h3>\n<p>Avec Ecobnb vous pouvez d\u00e9couvrir plus d&rsquo;un millier de fermes biologiques, de bed&amp;breakfast \u00e9cologiques, des cabanes dans les arbres ou des refuges o\u00f9 vous pouvez dormir dans une fa\u00e7on durable en Italie et en Europe!<\/p>\n<p><img class=\"alignnone wp-image-322 size-full\" src=\"https:\/\/ecobnb.fr\/blog\/app\/uploads\/sites\/7\/2016\/01\/7410304.jpg\" alt=\"Tourisme durable en Italie\" width=\"1170\" height=\"440\" srcset=\"https:\/\/ecobnb.fr\/blog\/app\/uploads\/sites\/7\/2016\/01\/7410304.jpg 1170w, https:\/\/ecobnb.fr\/blog\/app\/uploads\/sites\/7\/2016\/01\/7410304-536x202.jpg 536w, https:\/\/ecobnb.fr\/blog\/app\/uploads\/sites\/7\/2016\/01\/7410304-344x129.jpg 344w\" sizes=\"(max-width: 1170px) 100vw, 1170px\" \/><\/p>\n<h4>Vous pourriez \u00e9galement \u00eatre int\u00e9ress\u00e9 \u00e0:<\/h4>\n<h4><a href=\"https:\/\/ecobnb.fr\/blog\/2015\/12\/igloos-beaux-durables-europe\/\" target=\"_blank\">Les 17 igloos plus beaux et durables d\u2019Europe<\/a><\/h4>\n<h4><a href=\"https:\/\/ecobnb.fr\/blog\/2015\/12\/chalets\/\" target=\"_blank\">Vacances en montagne: charme et amour pour les chalets<\/a><\/h4>\n","protected":false},"excerpt":{"rendered":"<p>Le tourisme italien repart et il le fait \u00e0 pied: ce ci c&rsquo;est ce qu&rsquo;il esp\u00e8re Dario Franceschini, Ministre du patrimoine culturel, en d\u00e9clarant 2016 l&rsquo;Ann\u00e9e Nationale de la marche. 2016 repr\u00e9sentera un tournant\u00a0pour le tourisme italien: pas plus de vacances &laquo;&nbsp;rapides&nbsp;&raquo; concentr\u00e9es seulement dans les villes d&rsquo;art, mais une promotion de l&rsquo;ensemble du territoire [&hellip;]<\/p>\n","protected":false},"author":45,"featured_media":292,"comment_status":"closed","ping_status":"open","sticky":false,"template":"","format":"standard","meta":[],"categories":[199],"tags":[42,38,43,37,39,36,18,41,40],"acf":[],"yoast_head":"<!-- This site is optimized with the Yoast SEO plugin v19.9 - https:\/\/yoast.com\/wordpress\/plugins\/seo\/ -->\n<title>2016, ann\u00e9e des chemins: 10 itin\u00e8raires \u00e0 pied \u00e0 ne pas manquer - Ecobnb<\/title>\n<meta name=\"description\" content=\"Les 10 itin\u00e8raires \u00e0 pied \u00e0 ne pas manquer en Italie: 2016, l&#039;ann\u00e9e des chemins naturalistes, religieux, culturels et spirituels \u00e0 d\u00e9couvrir lentement.\" \/>\n<meta name=\"robots\" content=\"index, follow, max-snippet:-1, max-image-preview:large, max-video-preview:-1\" \/>\n<link rel=\"canonical\" href=\"https:\/\/ecobnb.fr\/blog\/2016\/01\/chemins-itineraires-italien\/\" \/>\n<meta property=\"og:locale\" content=\"fr_FR\" \/>\n<meta property=\"og:type\" content=\"article\" \/>\n<meta property=\"og:title\" content=\"2016, ann\u00e9e des chemins: 10 itin\u00e8raires \u00e0 pied \u00e0 ne pas manquer - Ecobnb\" \/>\n<meta property=\"og:description\" content=\"Les 10 itin\u00e8raires \u00e0 pied \u00e0 ne pas manquer en Italie: 2016, l&#039;ann\u00e9e des chemins naturalistes, religieux, culturels et spirituels \u00e0 d\u00e9couvrir lentement.\" \/>\n<meta property=\"og:url\" content=\"https:\/\/ecobnb.fr\/blog\/2016\/01\/chemins-itineraires-italien\/\" \/>\n<meta property=\"og:site_name\" content=\"Ecobnb\" \/>\n<meta property=\"article:published_time\" content=\"2016-01-28T20:10:40+00:00\" \/>\n<meta property=\"article:modified_time\" content=\"2017-11-21T11:45:16+00:00\" \/>\n<meta property=\"og:image\" content=\"https:\/\/ecobnb.fr\/blog\/app\/uploads\/sites\/7\/2016\/01\/cammini.jpg\" \/>\n\t<meta property=\"og:image:width\" content=\"1170\" \/>\n\t<meta property=\"og:image:height\" content=\"490\" \/>\n\t<meta property=\"og:image:type\" content=\"image\/jpeg\" \/>\n<meta name=\"author\" content=\"Lucia Violi\" \/>\n<meta name=\"twitter:card\" content=\"summary_large_image\" \/>\n<meta name=\"twitter:label1\" content=\"Written by\" \/>\n\t<meta name=\"twitter:data1\" content=\"Lucia Violi\" \/>\n\t<meta name=\"twitter:label2\" content=\"Est. reading time\" \/>\n\t<meta name=\"twitter:data2\" content=\"4 minutes\" \/>\n<!-- \/ Yoast SEO plugin. -->","yoast_head_json":{"title":"2016, ann\u00e9e des chemins: 10 itin\u00e8raires \u00e0 pied \u00e0 ne pas manquer - Ecobnb","description":"Les 10 itin\u00e8raires \u00e0 pied \u00e0 ne pas manquer en Italie: 2016, l'ann\u00e9e des chemins naturalistes, religieux, culturels et spirituels \u00e0 d\u00e9couvrir lentement.","robots":{"index":"index","follow":"follow","max-snippet":"max-snippet:-1","max-image-preview":"max-image-preview:large","max-video-preview":"max-video-preview:-1"},"canonical":"https:\/\/ecobnb.fr\/blog\/2016\/01\/chemins-itineraires-italien\/","og_locale":"fr_FR","og_type":"article","og_title":"2016, ann\u00e9e des chemins: 10 itin\u00e8raires \u00e0 pied \u00e0 ne pas manquer - Ecobnb","og_description":"Les 10 itin\u00e8raires \u00e0 pied \u00e0 ne pas manquer en Italie: 2016, l'ann\u00e9e des chemins naturalistes, religieux, culturels et spirituels \u00e0 d\u00e9couvrir lentement.","og_url":"https:\/\/ecobnb.fr\/blog\/2016\/01\/chemins-itineraires-italien\/","og_site_name":"Ecobnb","article_published_time":"2016-01-28T20:10:40+00:00","article_modified_time":"2017-11-21T11:45:16+00:00","og_image":[{"width":1170,"height":490,"url":"https:\/\/ecobnb.fr\/blog\/app\/uploads\/sites\/7\/2016\/01\/cammini.jpg","type":"image\/jpeg"}],"author":"Lucia Violi","twitter_card":"summary_large_image","twitter_misc":{"Written by":"Lucia Violi","Est. reading time":"4 minutes"},"schema":{"@context":"https:\/\/schema.org","@graph":[{"@type":"WebPage","@id":"https:\/\/ecobnb.fr\/blog\/2016\/01\/chemins-itineraires-italien\/","url":"https:\/\/ecobnb.fr\/blog\/2016\/01\/chemins-itineraires-italien\/","name":"2016, ann\u00e9e des chemins: 10 itin\u00e8raires \u00e0 pied \u00e0 ne pas manquer - Ecobnb","isPartOf":{"@id":"https:\/\/ecobnb.fr\/blog\/#website"},"datePublished":"2016-01-28T20:10:40+00:00","dateModified":"2017-11-21T11:45:16+00:00","author":{"@id":"https:\/\/ecobnb.fr\/blog\/#\/schema\/person\/11d6023fb7305d806b5425d5100d35ce"},"description":"Les 10 itin\u00e8raires \u00e0 pied \u00e0 ne pas manquer en Italie: 2016, l'ann\u00e9e des chemins naturalistes, religieux, culturels et spirituels \u00e0 d\u00e9couvrir lentement.","breadcrumb":{"@id":"https:\/\/ecobnb.fr\/blog\/2016\/01\/chemins-itineraires-italien\/#breadcrumb"},"inLanguage":"fr-FR","potentialAction":[{"@type":"ReadAction","target":["https:\/\/ecobnb.fr\/blog\/2016\/01\/chemins-itineraires-italien\/"]}]},{"@type":"BreadcrumbList","@id":"https:\/\/ecobnb.fr\/blog\/2016\/01\/chemins-itineraires-italien\/#breadcrumb","itemListElement":[{"@type":"ListItem","position":1,"name":"Home","item":"https:\/\/ecobnb.fr\/blog\/"},{"@type":"ListItem","position":2,"name":"2016, ann\u00e9e des chemins: 10 itin\u00e8raires \u00e0 pied \u00e0 ne pas manquer"}]},{"@type":"WebSite","@id":"https:\/\/ecobnb.fr\/blog\/#website","url":"https:\/\/ecobnb.fr\/blog\/","name":"Ecobnb","description":"Find sustainable accommodation","potentialAction":[{"@type":"SearchAction","target":{"@type":"EntryPoint","urlTemplate":"https:\/\/ecobnb.fr\/blog\/?s={search_term_string}"},"query-input":"required name=search_term_string"}],"inLanguage":"fr-FR"},{"@type":"Person","@id":"https:\/\/ecobnb.fr\/blog\/#\/schema\/person\/11d6023fb7305d806b5425d5100d35ce","name":"Lucia Violi","image":{"@type":"ImageObject","inLanguage":"fr-FR","@id":"https:\/\/ecobnb.fr\/blog\/#\/schema\/person\/image\/","url":"https:\/\/secure.gravatar.com\/avatar\/021337ef2223019fa81bf70de2e118ee?s=96&d=monsterid&r=g","contentUrl":"https:\/\/secure.gravatar.com\/avatar\/021337ef2223019fa81bf70de2e118ee?s=96&d=monsterid&r=g","caption":"Lucia Violi"},"description":"Parmigiana di origine, ma trentina di adozione, sono una grande sognatrice; in qualunque viaggio, amo portare con me uno zaino capiente, dove raccogliere e portare a casa emozioni, avventure e nuove conoscenze; adoro la montagna e la natura. Affascinata da tutto ci\u00f2 che \u00e8 \u201caltro\u201d dopo aver trascorso alcuni periodi all\u2019estero, tra cui Scozia e Francia, mi appassiono al turismo laureandomi in International Tourism in Svizzera. Tra le mie passioni, adoro provare diversi tipi di te, nel tempo libero salgo in sella alla mia TREK e pedalo e quando non pedalo... amo stare con la mia family e i miei amici.","url":"https:\/\/ecobnb.fr\/blog\/author\/violilucia\/"}]}},"_links":{"self":[{"href":"https:\/\/ecobnb.fr\/blog\/wp-json\/wp\/v2\/posts\/286"}],"collection":[{"href":"https:\/\/ecobnb.fr\/blog\/wp-json\/wp\/v2\/posts"}],"about":[{"href":"https:\/\/ecobnb.fr\/blog\/wp-json\/wp\/v2\/types\/post"}],"author":[{"embeddable":true,"href":"https:\/\/ecobnb.fr\/blog\/wp-json\/wp\/v2\/users\/45"}],"replies":[{"embeddable":true,"href":"https:\/\/ecobnb.fr\/blog\/wp-json\/wp\/v2\/comments?post=286"}],"version-history":[{"count":26,"href":"https:\/\/ecobnb.fr\/blog\/wp-json\/wp\/v2\/posts\/286\/revisions"}],"predecessor-version":[{"id":348,"href":"https:\/\/ecobnb.fr\/blog\/wp-json\/wp\/v2\/posts\/286\/revisions\/348"}],"wp:featuredmedia":[{"embeddable":true,"href":"https:\/\/ecobnb.fr\/blog\/wp-json\/wp\/v2\/media\/292"}],"wp:attachment":[{"href":"https:\/\/ecobnb.fr\/blog\/wp-json\/wp\/v2\/media?parent=286"}],"wp:term":[{"taxonomy":"category","embeddable":true,"href":"https:\/\/ecobnb.fr\/blog\/wp-json\/wp\/v2\/categories?post=286"},{"taxonomy":"post_tag","embeddable":true,"href":"https:\/\/ecobnb.fr\/blog\/wp-json\/wp\/v2\/tags?post=286"}],"curies":[{"name":"wp","href":"https:\/\/api.w.org\/{rel}","templated":true}]}}