{"id":2862,"date":"2022-06-22T13:00:57","date_gmt":"2022-06-22T13:00:57","guid":{"rendered":"https:\/\/ecobnb.fr\/blog\/?p=2862"},"modified":"2022-08-18T13:14:40","modified_gmt":"2022-08-18T13:14:40","slug":"cote-dazur-belles-plages-littoral-francais","status":"publish","type":"post","link":"https:\/\/ecobnb.fr\/blog\/2022\/06\/cote-dazur-belles-plages-littoral-francais\/","title":{"rendered":"C\u00f4te d\u2019Azur : un Plongeon dans les 10 plus Belles Plages du Littoral Fran\u00e7ais"},"content":{"rendered":"<h2>R\u00eavez-vous de vacances sur la C\u00f4te d\u2019Azur ? Voici les 10 plus belles plages et les h\u00e9bergements \u00e9co-durables les plus particuliers (de l\u2019h\u00f4tel \u00e9cologique au bateau) \u00e0 ne pas manquer !<\/h2>\n<p>La <strong>C\u00f4te d&rsquo;Azur<\/strong> a toujours offert des paysages enchanteurs qui font r\u00eaver. D\u00e9couvrons ensemble les plages \u00e0 ne pas manquer pour passer des vacances uniques le long du littoral fran\u00e7ais et quelques h\u00e9bergements capables d&rsquo;allier durabilit\u00e9 et raffinement.<\/p>\n<p>La douceur du climat et les plages magnifiques font de la C\u00f4te d&rsquo;Azur une mosa\u00efque de v\u00e9ritables <strong>coins de paradis<\/strong> et d&rsquo;<strong>itin\u00e9raires incontournables<\/strong>. Prolongement ouest de la Riviera Ligurienne, la C\u00f4te d&rsquo;Azur correspond \u00e0 une portion du littoral nord de la M\u00e9diterran\u00e9e appartenant \u00e0 la r\u00e9gion fran\u00e7aise <strong>Provence-Alpes-C\u00f4te d&rsquo;Azur<\/strong>.<\/p>\n<div id=\"attachment_3173\" class=\"thumbnail alignnone\"><img class=\"wp-image-3173 size-medium\" src=\"https:\/\/ecobnb.fr\/blog\/app\/uploads\/sites\/7\/2022\/04\/Carte-de-la-Provence-1-536x302.png\" alt=\"Carte de la Provence\" width=\"536\" height=\"302\" srcset=\"https:\/\/ecobnb.fr\/blog\/app\/uploads\/sites\/7\/2022\/04\/Carte-de-la-Provence-1-536x302.png 536w, https:\/\/ecobnb.fr\/blog\/app\/uploads\/sites\/7\/2022\/04\/Carte-de-la-Provence-1-768x433.png 768w, https:\/\/ecobnb.fr\/blog\/app\/uploads\/sites\/7\/2022\/04\/Carte-de-la-Provence-1.png 870w, https:\/\/ecobnb.fr\/blog\/app\/uploads\/sites\/7\/2022\/04\/Carte-de-la-Provence-1-570x320.png 570w, https:\/\/ecobnb.fr\/blog\/app\/uploads\/sites\/7\/2022\/04\/Carte-de-la-Provence-1-344x194.png 344w\" sizes=\"(max-width: 536px) 100vw, 536px\" \/><div class=\"caption\">Photo via Wikimedia Commons<\/div><\/div>\n<p>En allant de l\u2019est \u00e0 l\u2019ouest, voici les<strong> 10 plus belles plages<\/strong> \u00e0 ne pas manquer.<\/p>\n<h2>1. Plage des Sablettes \u2013 Menton<\/h2>\n\n\t\t<style type=\"text\/css\">\n\t\t\t#gallery-1 {\n\t\t\t\tmargin: auto;\n\t\t\t}\n\t\t\t#gallery-1 .gallery-item {\n\t\t\t\tfloat: left;\n\t\t\t\tmargin-top: 10px;\n\t\t\t\ttext-align: center;\n\t\t\t\twidth: 50%;\n\t\t\t}\n\t\t\t#gallery-1 img {\n\t\t\t\tborder: 2px solid #cfcfcf;\n\t\t\t}\n\t\t\t#gallery-1 .gallery-caption {\n\t\t\t\tmargin-left: 0;\n\t\t\t}\n\t\t\t\/* see gallery_shortcode() in wp-includes\/media.php *\/\n\t\t<\/style>\n\t\t<div id='gallery-1' class='gallery galleryid-2862 gallery-columns-2 gallery-size-full'><dl class='gallery-item'>\n\t\t\t<dt class='gallery-icon landscape'>\n\t\t\t\t<img width=\"870\" height=\"490\" src=\"https:\/\/ecobnb.fr\/blog\/app\/uploads\/sites\/7\/2022\/04\/Menton-1.jpg\" class=\"attachment-full size-full\" alt=\"Menton\" aria-describedby=\"gallery-1-3175\" srcset=\"https:\/\/ecobnb.fr\/blog\/app\/uploads\/sites\/7\/2022\/04\/Menton-1.jpg 870w, https:\/\/ecobnb.fr\/blog\/app\/uploads\/sites\/7\/2022\/04\/Menton-1-536x302.jpg 536w, https:\/\/ecobnb.fr\/blog\/app\/uploads\/sites\/7\/2022\/04\/Menton-1-768x433.jpg 768w, https:\/\/ecobnb.fr\/blog\/app\/uploads\/sites\/7\/2022\/04\/Menton-1-570x320.jpg 570w, https:\/\/ecobnb.fr\/blog\/app\/uploads\/sites\/7\/2022\/04\/Menton-1-344x194.jpg 344w\" sizes=\"(max-width: 870px) 100vw, 870px\" \/>\n\t\t\t<\/dt>\n\t\t\t\t<dd class='wp-caption-text gallery-caption' id='gallery-1-3175'>\n\t\t\t\tMenton via Canva Pro\n\t\t\t\t<\/dd><\/dl><dl class='gallery-item'>\n\t\t\t<dt class='gallery-icon landscape'>\n\t\t\t\t<img width=\"1024\" height=\"576\" src=\"https:\/\/ecobnb.fr\/blog\/app\/uploads\/sites\/7\/2022\/04\/Plage-des-Sablettes-1.jpg\" class=\"attachment-full size-full\" alt=\"C\u00f4te d\u2019Azur : Plage des Sablettes\" aria-describedby=\"gallery-1-3176\" srcset=\"https:\/\/ecobnb.fr\/blog\/app\/uploads\/sites\/7\/2022\/04\/Plage-des-Sablettes-1.jpg 1024w, https:\/\/ecobnb.fr\/blog\/app\/uploads\/sites\/7\/2022\/04\/Plage-des-Sablettes-1-536x302.jpg 536w, https:\/\/ecobnb.fr\/blog\/app\/uploads\/sites\/7\/2022\/04\/Plage-des-Sablettes-1-768x432.jpg 768w, https:\/\/ecobnb.fr\/blog\/app\/uploads\/sites\/7\/2022\/04\/Plage-des-Sablettes-1-870x490.jpg 870w, https:\/\/ecobnb.fr\/blog\/app\/uploads\/sites\/7\/2022\/04\/Plage-des-Sablettes-1-570x320.jpg 570w, https:\/\/ecobnb.fr\/blog\/app\/uploads\/sites\/7\/2022\/04\/Plage-des-Sablettes-1-344x194.jpg 344w\" sizes=\"(max-width: 1024px) 100vw, 1024px\" \/>\n\t\t\t<\/dt>\n\t\t\t\t<dd class='wp-caption-text gallery-caption' id='gallery-1-3176'>\n\t\t\t\tPlage des Sablettes de Daniel70mi Falciola via Flickr\n\t\t\t\t<\/dd><\/dl><br style=\"clear: both\" \/>\n\t\t<\/div>\n\n<p>Cette magnifique plage est situ\u00e9e dans la ville pittoresque de <strong>Menton<\/strong> aussi surnomm\u00e9e la <em>Perle de la France<\/em>. Cette ville surplombe une baie de la Mer de Ligurie entour\u00e9e par Cap Mortola \u00e0 l&rsquo;est et Cap Martin \u00e0 l&rsquo;ouest, \u00e0 seulement <strong>11 kilom\u00e8tres de Ventimiglia<\/strong>. La plage est situ\u00e9e entre le Port de Garavan et le Vieux Port et offre une belle vue sur les montagnes italiennes et les maisons color\u00e9es typiques de Menton. Elle s&rsquo;\u00e9tend sur environ <strong>350 m\u00e8tres<\/strong> le long du Quai Bonaparte.<\/p>\n<p>Les amateurs de botanique seront heureux de savoir que la ville de Menton est r\u00e9put\u00e9e pour le soin et l&rsquo;attention d\u00e9di\u00e9s aux fleurs et aux plantes. Voici quelques-uns des plus beaux jardins \u00e0 visiter pendant vos vacances :<\/p>\n<ul>\n<li><strong>Le Jardin Serre de la Madone<\/strong>:&nbsp;il fut construit en 1924 et poss\u00e8de une architecture paysag\u00e8re unique avec des plantes et des esp\u00e8ces rares import\u00e9es du monde entier ;<\/li>\n<li><strong>Le Jardin Val Rahmeh<\/strong> : il abrite des n\u00e9nuphars g\u00e9ants et des plantes tropicales ;<\/li>\n<li><strong>Les Jardins des Colombi\u00e8res<\/strong>&nbsp;;<\/li>\n<li><strong>Le Jardin d\u2019hiver du Riviera Palace \u00e0 Beausoleil.<\/strong><\/li>\n<\/ul>\n\n\t\t<style type=\"text\/css\">\n\t\t\t#gallery-2 {\n\t\t\t\tmargin: auto;\n\t\t\t}\n\t\t\t#gallery-2 .gallery-item {\n\t\t\t\tfloat: left;\n\t\t\t\tmargin-top: 10px;\n\t\t\t\ttext-align: center;\n\t\t\t\twidth: 50%;\n\t\t\t}\n\t\t\t#gallery-2 img {\n\t\t\t\tborder: 2px solid #cfcfcf;\n\t\t\t}\n\t\t\t#gallery-2 .gallery-caption {\n\t\t\t\tmargin-left: 0;\n\t\t\t}\n\t\t\t\/* see gallery_shortcode() in wp-includes\/media.php *\/\n\t\t<\/style>\n\t\t<div id='gallery-2' class='gallery galleryid-2862 gallery-columns-2 gallery-size-full'><dl class='gallery-item'>\n\t\t\t<dt class='gallery-icon landscape'>\n\t\t\t\t<img width=\"870\" height=\"490\" src=\"https:\/\/ecobnb.fr\/blog\/app\/uploads\/sites\/7\/2022\/04\/Jardin-Serre-de-la-Madone-1.jpg\" class=\"attachment-full size-full\" alt=\"Jardin Serre de la Madone\" aria-describedby=\"gallery-2-3177\" srcset=\"https:\/\/ecobnb.fr\/blog\/app\/uploads\/sites\/7\/2022\/04\/Jardin-Serre-de-la-Madone-1.jpg 870w, https:\/\/ecobnb.fr\/blog\/app\/uploads\/sites\/7\/2022\/04\/Jardin-Serre-de-la-Madone-1-536x302.jpg 536w, https:\/\/ecobnb.fr\/blog\/app\/uploads\/sites\/7\/2022\/04\/Jardin-Serre-de-la-Madone-1-768x433.jpg 768w, https:\/\/ecobnb.fr\/blog\/app\/uploads\/sites\/7\/2022\/04\/Jardin-Serre-de-la-Madone-1-570x320.jpg 570w, https:\/\/ecobnb.fr\/blog\/app\/uploads\/sites\/7\/2022\/04\/Jardin-Serre-de-la-Madone-1-344x194.jpg 344w\" sizes=\"(max-width: 870px) 100vw, 870px\" \/>\n\t\t\t<\/dt>\n\t\t\t\t<dd class='wp-caption-text gallery-caption' id='gallery-2-3177'>\n\t\t\t\tJardin Serre de la Madone. Photo via Wikimedia Commons\n\t\t\t\t<\/dd><\/dl><dl class='gallery-item'>\n\t\t\t<dt class='gallery-icon landscape'>\n\t\t\t\t<img width=\"1023\" height=\"575\" src=\"https:\/\/ecobnb.fr\/blog\/app\/uploads\/sites\/7\/2022\/04\/Jardin-Val-Rahmeh-1.jpg\" class=\"attachment-full size-full\" alt=\"Jardin Val Rahmeh\" aria-describedby=\"gallery-2-3178\" srcset=\"https:\/\/ecobnb.fr\/blog\/app\/uploads\/sites\/7\/2022\/04\/Jardin-Val-Rahmeh-1.jpg 1023w, https:\/\/ecobnb.fr\/blog\/app\/uploads\/sites\/7\/2022\/04\/Jardin-Val-Rahmeh-1-536x301.jpg 536w, https:\/\/ecobnb.fr\/blog\/app\/uploads\/sites\/7\/2022\/04\/Jardin-Val-Rahmeh-1-768x432.jpg 768w, https:\/\/ecobnb.fr\/blog\/app\/uploads\/sites\/7\/2022\/04\/Jardin-Val-Rahmeh-1-870x490.jpg 870w, https:\/\/ecobnb.fr\/blog\/app\/uploads\/sites\/7\/2022\/04\/Jardin-Val-Rahmeh-1-570x320.jpg 570w, https:\/\/ecobnb.fr\/blog\/app\/uploads\/sites\/7\/2022\/04\/Jardin-Val-Rahmeh-1-344x193.jpg 344w\" sizes=\"(max-width: 1023px) 100vw, 1023px\" \/>\n\t\t\t<\/dt>\n\t\t\t\t<dd class='wp-caption-text gallery-caption' id='gallery-2-3178'>\n\t\t\t\tJardin Val Rahmeh. Photo de RXecoGRFTO via Flickr\n\t\t\t\t<\/dd><\/dl><br style=\"clear: both\" \/>\n\t\t<\/div>\n\n<h2>2. Plage Paloma &#8211; Saint-Jean-Cap-Ferrat<\/h2>\n<p>Saint-Jean-Cap-Ferrat est une presqu&rsquo;\u00eele situ\u00e9e entre la Principaut\u00e9 de Monaco et la ville de Nice. La presqu&rsquo;\u00eele est connue pour sa richesse botanique et c&rsquo;est pourquoi de nombreuses associations environnementales tentent de prot\u00e9ger ce patrimoine. En plus d&rsquo;environ <strong>500 villas<\/strong>, pour la plupart luxueuses, la presqu&rsquo;\u00eele offre la beaut\u00e9 de <strong>Plage Paloma<\/strong>. Laissez-vous envo\u00fbter par l&rsquo;eau cristalline de cette plage et admirez la vue sur la baie et les falaises de <strong>Beaulieu-sur-Mer<\/strong>. Ce sera une exp\u00e9rience inoubliable.<\/p>\n\n\t\t<style type=\"text\/css\">\n\t\t\t#gallery-3 {\n\t\t\t\tmargin: auto;\n\t\t\t}\n\t\t\t#gallery-3 .gallery-item {\n\t\t\t\tfloat: left;\n\t\t\t\tmargin-top: 10px;\n\t\t\t\ttext-align: center;\n\t\t\t\twidth: 50%;\n\t\t\t}\n\t\t\t#gallery-3 img {\n\t\t\t\tborder: 2px solid #cfcfcf;\n\t\t\t}\n\t\t\t#gallery-3 .gallery-caption {\n\t\t\t\tmargin-left: 0;\n\t\t\t}\n\t\t\t\/* see gallery_shortcode() in wp-includes\/media.php *\/\n\t\t<\/style>\n\t\t<div id='gallery-3' class='gallery galleryid-2862 gallery-columns-2 gallery-size-full'><dl class='gallery-item'>\n\t\t\t<dt class='gallery-icon landscape'>\n\t\t\t\t<img width=\"270\" height=\"200\" src=\"https:\/\/ecobnb.fr\/blog\/app\/uploads\/sites\/7\/2022\/04\/Saint-Jean-Cap-Ferrat-1.jpg\" class=\"attachment-full size-full\" alt=\"C\u00f4te d&#039;Azur : Saint-Jean-Cap-Ferrat\" aria-describedby=\"gallery-3-3179\" \/>\n\t\t\t<\/dt>\n\t\t\t\t<dd class='wp-caption-text gallery-caption' id='gallery-3-3179'>\n\t\t\t\tSaint-Jean-Cap-Ferrat via Canva Pro\n\t\t\t\t<\/dd><\/dl><dl class='gallery-item'>\n\t\t\t<dt class='gallery-icon landscape'>\n\t\t\t\t<img width=\"270\" height=\"200\" src=\"https:\/\/ecobnb.fr\/blog\/app\/uploads\/sites\/7\/2022\/04\/Plage-Paloma-1.jpg\" class=\"attachment-full size-full\" alt=\"C\u00f4te d\u2019Azur : Plage Paloma\" aria-describedby=\"gallery-3-3180\" \/>\n\t\t\t<\/dt>\n\t\t\t\t<dd class='wp-caption-text gallery-caption' id='gallery-3-3180'>\n\t\t\t\tPlage Paloma. Photo de epanto via Flickr\n\t\t\t\t<\/dd><\/dl><br style=\"clear: both\" \/>\n\t\t<\/div>\n\n<p>De plus, nous vous conseillons de visiter le <strong>jardin de Villa Ephrussi<\/strong>. Sa particularit\u00e9 r\u00e9side dans le fait que les visiteurs peuvent effectuer un parcours floral de<strong> 9 \u00e9tapes<\/strong>, passant d&rsquo;un jardin \u00e0 la fran\u00e7aise avec des jeux d&rsquo;eau, \u00e0 un jardin espagnol jusqu&rsquo;\u00e0 celui florentin.<\/p>\n<div id=\"attachment_3181\" class=\"thumbnail alignnone\"><img class=\"wp-image-3181 size-medium\" src=\"https:\/\/ecobnb.fr\/blog\/app\/uploads\/sites\/7\/2022\/04\/Villa-Ephrussi-1-536x302.jpg\" alt=\"Villa Ephrussi vue de l'ext\u00e9rieur\" width=\"536\" height=\"302\" srcset=\"https:\/\/ecobnb.fr\/blog\/app\/uploads\/sites\/7\/2022\/04\/Villa-Ephrussi-1-536x302.jpg 536w, https:\/\/ecobnb.fr\/blog\/app\/uploads\/sites\/7\/2022\/04\/Villa-Ephrussi-1-768x433.jpg 768w, https:\/\/ecobnb.fr\/blog\/app\/uploads\/sites\/7\/2022\/04\/Villa-Ephrussi-1.jpg 870w, https:\/\/ecobnb.fr\/blog\/app\/uploads\/sites\/7\/2022\/04\/Villa-Ephrussi-1-570x320.jpg 570w, https:\/\/ecobnb.fr\/blog\/app\/uploads\/sites\/7\/2022\/04\/Villa-Ephrussi-1-344x194.jpg 344w\" sizes=\"(max-width: 536px) 100vw, 536px\" \/><div class=\"caption\">Villa Ephrussi. Photo de Laurent Roche via Flickr<\/div><\/div>\n<h2>3. Plage du Centenaire \u2013 Nice<\/h2>\n<p>Nice est l&rsquo;une des villes les plus connues et belles de la c\u00f4te sud de la France. Ses couleurs vives, comme sur Place Massena, sont un \u00e9l\u00e9ment caract\u00e9ristique. Le long de la c\u00e9l\u00e8bre <a href=\"https:\/\/fr.wikipedia.org\/wiki\/Promenade_des_Anglais\" target=\"_blank\" rel=\"noopener\"><strong>Promenade des Anglais<\/strong><\/a>, l&rsquo;\u00e9l\u00e9gante promenade ni\u00e7oise qui longe la <strong>Baie des Anges<\/strong>, on trouve une plage. Il s&rsquo;agit de Plage du Centenaire situ\u00e9e face aux jardins Albert 1er, entre le casino du Rhul et le Quai des Etats-Unis. Les <strong>galets&nbsp;<\/strong>sont la particularit\u00e9 de cette plage. C&rsquo;est la seule plage du centre-ville \u00e0 disposer du badge <strong>Handiplage<\/strong>, attribu\u00e9 par l&rsquo;association du m\u00eame nom aux plages am\u00e9nag\u00e9es pour les personnes \u00e0 mobilit\u00e9 r\u00e9duite. Elle est toujours <strong>surveill\u00e9e<\/strong>, en \u00e9t\u00e9 aussi.<\/p>\n\n\t\t<style type=\"text\/css\">\n\t\t\t#gallery-4 {\n\t\t\t\tmargin: auto;\n\t\t\t}\n\t\t\t#gallery-4 .gallery-item {\n\t\t\t\tfloat: left;\n\t\t\t\tmargin-top: 10px;\n\t\t\t\ttext-align: center;\n\t\t\t\twidth: 50%;\n\t\t\t}\n\t\t\t#gallery-4 img {\n\t\t\t\tborder: 2px solid #cfcfcf;\n\t\t\t}\n\t\t\t#gallery-4 .gallery-caption {\n\t\t\t\tmargin-left: 0;\n\t\t\t}\n\t\t\t\/* see gallery_shortcode() in wp-includes\/media.php *\/\n\t\t<\/style>\n\t\t<div id='gallery-4' class='gallery galleryid-2862 gallery-columns-2 gallery-size-full'><dl class='gallery-item'>\n\t\t\t<dt class='gallery-icon landscape'>\n\t\t\t\t<img width=\"270\" height=\"200\" src=\"https:\/\/ecobnb.fr\/blog\/app\/uploads\/sites\/7\/2022\/04\/Port-de-Nice-1.jpg\" class=\"attachment-full size-full\" alt=\"C\u00f4te d&#039;Azur : le Port de Nice\" aria-describedby=\"gallery-4-3182\" \/>\n\t\t\t<\/dt>\n\t\t\t\t<dd class='wp-caption-text gallery-caption' id='gallery-4-3182'>\n\t\t\t\tLe Port de Nice via Wikimedia Commons\n\t\t\t\t<\/dd><\/dl><dl class='gallery-item'>\n\t\t\t<dt class='gallery-icon landscape'>\n\t\t\t\t<img width=\"270\" height=\"200\" src=\"https:\/\/ecobnb.fr\/blog\/app\/uploads\/sites\/7\/2022\/04\/Plage-du-Centenaire-1.jpg\" class=\"attachment-full size-full\" alt=\"C\u00f4te d\u2019Azur : Plage du Centenaire\" aria-describedby=\"gallery-4-3183\" \/>\n\t\t\t<\/dt>\n\t\t\t\t<dd class='wp-caption-text gallery-caption' id='gallery-4-3183'>\n\t\t\t\tPlage du Centenaire via Divazur.com\n\t\t\t\t<\/dd><\/dl><br style=\"clear: both\" \/>\n\t\t<\/div>\n\n<h3>A ne pas manquer<\/h3>\n<p>Nice est aussi une ville riche en histoire. En effet, parmi ses tr\u00e9sors, nous trouvons <strong>14 mus\u00e9es<\/strong> pleins d&rsquo;\u0153uvres d&rsquo;art et d&rsquo;histoire. Parmi ceux-ci nous vous recommandons le <strong>Mus\u00e9e National Marc Chagall<\/strong> et le <strong>Mus\u00e9e Matisse Nice<\/strong> qui permettent un parcours \u00e0 la d\u00e9couverte de la croissance artistique de ces deux grands personnages. Pour plus d&rsquo;informations sur les mus\u00e9es ni\u00e7ois, visitez le site <a href=\"https:\/\/www.explorenicecotedazur.com\/explorer\/lieux-a-visiter\/musees\/\" target=\"_blank\" rel=\"noopener\">fr.nicetourisme.com<\/a>.<\/p>\n\n\t\t<style type=\"text\/css\">\n\t\t\t#gallery-5 {\n\t\t\t\tmargin: auto;\n\t\t\t}\n\t\t\t#gallery-5 .gallery-item {\n\t\t\t\tfloat: left;\n\t\t\t\tmargin-top: 10px;\n\t\t\t\ttext-align: center;\n\t\t\t\twidth: 50%;\n\t\t\t}\n\t\t\t#gallery-5 img {\n\t\t\t\tborder: 2px solid #cfcfcf;\n\t\t\t}\n\t\t\t#gallery-5 .gallery-caption {\n\t\t\t\tmargin-left: 0;\n\t\t\t}\n\t\t\t\/* see gallery_shortcode() in wp-includes\/media.php *\/\n\t\t<\/style>\n\t\t<div id='gallery-5' class='gallery galleryid-2862 gallery-columns-2 gallery-size-full'><dl class='gallery-item'>\n\t\t\t<dt class='gallery-icon landscape'>\n\t\t\t\t<img width=\"270\" height=\"200\" src=\"https:\/\/ecobnb.fr\/blog\/app\/uploads\/sites\/7\/2022\/04\/Muse\u0301e-National-Marc-Chagall.jpg\" class=\"attachment-full size-full\" alt=\"Une peinture \u00e0 l&#039;int\u00e9rieur du Mus\u00e9e National Marc Chagall\" aria-describedby=\"gallery-5-3184\" \/>\n\t\t\t<\/dt>\n\t\t\t\t<dd class='wp-caption-text gallery-caption' id='gallery-5-3184'>\n\t\t\t\tMus\u00e9e National Marc Chagall de Janet McKnight via Flickr\n\t\t\t\t<\/dd><\/dl><dl class='gallery-item'>\n\t\t\t<dt class='gallery-icon landscape'>\n\t\t\t\t<img width=\"270\" height=\"183\" src=\"https:\/\/ecobnb.fr\/blog\/app\/uploads\/sites\/7\/2022\/04\/Muse\u0301e-Matisse-Nice.jpg\" class=\"attachment-full size-full\" alt=\"Le Mus\u00e9e Matisse Nice vu de l&#039;ext\u00e9rieur\" aria-describedby=\"gallery-5-3185\" \/>\n\t\t\t<\/dt>\n\t\t\t\t<dd class='wp-caption-text gallery-caption' id='gallery-5-3185'>\n\t\t\t\tMus\u00e9e Matisse Nice via Wikimedia Commons\n\t\t\t\t<\/dd><\/dl><br style=\"clear: both\" \/>\n\t\t<\/div>\n\n<p>Si vous souhaitez vous perdre dans les rues de Nice, nous vous proposons un <strong>tour \u00e0 v\u00e9lo<\/strong>. La ville a en effet fortement investi dans des <strong>pistes cyclables<\/strong>.&nbsp;Il suffit de penser qu\u2019il y a<strong> 125 kilom\u00e8tres<\/strong> qui leur sont d\u00e9di\u00e9s. Le service <strong>V\u00e9lobleu<\/strong>&nbsp;vous permet de profiter de<strong> 1750 v\u00e9los r\u00e9partis dans 175 stations<\/strong> diss\u00e9min\u00e9es sur tout le territoire, tandis que le nouveau syst\u00e8me de location de v\u00e9los \u00e9lectriques <strong>E-V\u00e9lobleu<\/strong> propose 200 v\u00e9hicules disponibles 100% en libre-service. De nombreux tours guid\u00e9s sont aussi en italien. Vous pouvez choisir entre un tour \u00e0 v\u00e9lo pour d\u00e9couvrir l&rsquo;art ni\u00e7ois ou les parcs et jardins de la ville, ses sept collines et bien plus encore.<\/p>\n<h2>4. Plage de la Gravette \u2013 Antibes<\/h2>\n<p>Antibes est une station baln\u00e9aire situ\u00e9e sur la <strong>Baie des Anges<\/strong>, non loin de Nice et de Cannes. <strong>Victor Hugo<\/strong> l&rsquo;appelait la ville o\u00f9 <em>tout brille, tout fleurit, tout chante<\/em>. Le long du Quai Henri Rambaud, aux portes du vieil Antibes, il y a une porte dans les remparts qui ne se d\u00e9couvre qu&rsquo;\u00e0 pied. Elle conduit au sable blanc de Plage de la Gravette tr\u00e8s appr\u00e9ci\u00e9e par ses habitants. Profitez du soleil et de la vue sur cette belle plage.<\/p>\n\n\t\t<style type=\"text\/css\">\n\t\t\t#gallery-6 {\n\t\t\t\tmargin: auto;\n\t\t\t}\n\t\t\t#gallery-6 .gallery-item {\n\t\t\t\tfloat: left;\n\t\t\t\tmargin-top: 10px;\n\t\t\t\ttext-align: center;\n\t\t\t\twidth: 50%;\n\t\t\t}\n\t\t\t#gallery-6 img {\n\t\t\t\tborder: 2px solid #cfcfcf;\n\t\t\t}\n\t\t\t#gallery-6 .gallery-caption {\n\t\t\t\tmargin-left: 0;\n\t\t\t}\n\t\t\t\/* see gallery_shortcode() in wp-includes\/media.php *\/\n\t\t<\/style>\n\t\t<div id='gallery-6' class='gallery galleryid-2862 gallery-columns-2 gallery-size-full'><dl class='gallery-item'>\n\t\t\t<dt class='gallery-icon landscape'>\n\t\t\t\t<img width=\"870\" height=\"490\" src=\"https:\/\/ecobnb.fr\/blog\/app\/uploads\/sites\/7\/2022\/04\/Antibes-1.jpg\" class=\"attachment-full size-full\" alt=\"C\u00f4te d&#039;Azur : Antibes\" aria-describedby=\"gallery-6-3187\" srcset=\"https:\/\/ecobnb.fr\/blog\/app\/uploads\/sites\/7\/2022\/04\/Antibes-1.jpg 870w, https:\/\/ecobnb.fr\/blog\/app\/uploads\/sites\/7\/2022\/04\/Antibes-1-536x302.jpg 536w, https:\/\/ecobnb.fr\/blog\/app\/uploads\/sites\/7\/2022\/04\/Antibes-1-768x433.jpg 768w, https:\/\/ecobnb.fr\/blog\/app\/uploads\/sites\/7\/2022\/04\/Antibes-1-570x320.jpg 570w, https:\/\/ecobnb.fr\/blog\/app\/uploads\/sites\/7\/2022\/04\/Antibes-1-344x194.jpg 344w\" sizes=\"(max-width: 870px) 100vw, 870px\" \/>\n\t\t\t<\/dt>\n\t\t\t\t<dd class='wp-caption-text gallery-caption' id='gallery-6-3187'>\n\t\t\t\tAntibes, photo de Dhinal Chheda via Flickr\n\t\t\t\t<\/dd><\/dl><dl class='gallery-item'>\n\t\t\t<dt class='gallery-icon landscape'>\n\t\t\t\t<img width=\"870\" height=\"490\" src=\"https:\/\/ecobnb.fr\/blog\/app\/uploads\/sites\/7\/2022\/04\/Plage-de-la-Gravette-1.jpg\" class=\"attachment-full size-full\" alt=\"C\u00f4te d\u2019Azur : Plage de la Gravette\" aria-describedby=\"gallery-6-3188\" srcset=\"https:\/\/ecobnb.fr\/blog\/app\/uploads\/sites\/7\/2022\/04\/Plage-de-la-Gravette-1.jpg 870w, https:\/\/ecobnb.fr\/blog\/app\/uploads\/sites\/7\/2022\/04\/Plage-de-la-Gravette-1-536x302.jpg 536w, https:\/\/ecobnb.fr\/blog\/app\/uploads\/sites\/7\/2022\/04\/Plage-de-la-Gravette-1-768x433.jpg 768w, https:\/\/ecobnb.fr\/blog\/app\/uploads\/sites\/7\/2022\/04\/Plage-de-la-Gravette-1-570x320.jpg 570w, https:\/\/ecobnb.fr\/blog\/app\/uploads\/sites\/7\/2022\/04\/Plage-de-la-Gravette-1-344x194.jpg 344w\" sizes=\"(max-width: 870px) 100vw, 870px\" \/>\n\t\t\t<\/dt>\n\t\t\t\t<dd class='wp-caption-text gallery-caption' id='gallery-6-3188'>\n\t\t\t\tPlage de la Gravette via Wikimedia Commons\n\t\t\t\t<\/dd><\/dl><br style=\"clear: both\" \/>\n\t\t<\/div>\n\n<p>Si vous souhaitez plut\u00f4t vous immerger dans la culture, nous vous conseillons les trois mus\u00e9es de la station baln\u00e9aire :<\/p>\n<ul>\n<li><strong>Mus\u00e9e Picasso<\/strong> situ\u00e9 dans le ch\u00e2teau Grimaldi et d\u00e9di\u00e9 aux \u0153uvres cr\u00e9\u00e9es par Picasso lors de son s\u00e9jour \u00e0 Antibes, y-copris son c\u00e9l\u00e8bre op\u00e9ra Joie de vivre ;<\/li>\n<li><strong>Mus\u00e9e Peynet et du Dessin Humoristique<\/strong> d\u00e9di\u00e9 aux \u0153uvres du dessinateur et illustrateur satirique de la station baln\u00e9aire, Raymond Peynet ;<\/li>\n<li><strong>Mus\u00e9e arch\u00e9ologique (bastion Saint-Andr\u00e9)<\/strong><\/li>\n<\/ul>\n\n\t\t<style type=\"text\/css\">\n\t\t\t#gallery-7 {\n\t\t\t\tmargin: auto;\n\t\t\t}\n\t\t\t#gallery-7 .gallery-item {\n\t\t\t\tfloat: left;\n\t\t\t\tmargin-top: 10px;\n\t\t\t\ttext-align: center;\n\t\t\t\twidth: 33%;\n\t\t\t}\n\t\t\t#gallery-7 img {\n\t\t\t\tborder: 2px solid #cfcfcf;\n\t\t\t}\n\t\t\t#gallery-7 .gallery-caption {\n\t\t\t\tmargin-left: 0;\n\t\t\t}\n\t\t\t\/* see gallery_shortcode() in wp-includes\/media.php *\/\n\t\t<\/style>\n\t\t<div id='gallery-7' class='gallery galleryid-2862 gallery-columns-3 gallery-size-full'><dl class='gallery-item'>\n\t\t\t<dt class='gallery-icon landscape'>\n\t\t\t\t<img width=\"270\" height=\"184\" src=\"https:\/\/ecobnb.fr\/blog\/app\/uploads\/sites\/7\/2022\/04\/Muse\u0301e-Picasso.jpg\" class=\"attachment-full size-full\" alt=\"Mus\u00e9e Picasso\" aria-describedby=\"gallery-7-3189\" \/>\n\t\t\t<\/dt>\n\t\t\t\t<dd class='wp-caption-text gallery-caption' id='gallery-7-3189'>\n\t\t\t\tMus\u00e9e Picasso via Wikimedia Commons\n\t\t\t\t<\/dd><\/dl><dl class='gallery-item'>\n\t\t\t<dt class='gallery-icon landscape'>\n\t\t\t\t<img width=\"270\" height=\"183\" src=\"https:\/\/ecobnb.fr\/blog\/app\/uploads\/sites\/7\/2022\/04\/Muse\u0301e-Peynet.jpg\" class=\"attachment-full size-full\" alt=\"Mus\u00e9e Peynet\" aria-describedby=\"gallery-7-3190\" \/>\n\t\t\t<\/dt>\n\t\t\t\t<dd class='wp-caption-text gallery-caption' id='gallery-7-3190'>\n\t\t\t\tMus\u00e9e Peynet via Wikimedia Commons\n\t\t\t\t<\/dd><\/dl><dl class='gallery-item'>\n\t\t\t<dt class='gallery-icon landscape'>\n\t\t\t\t<img width=\"270\" height=\"200\" src=\"https:\/\/ecobnb.fr\/blog\/app\/uploads\/sites\/7\/2022\/04\/Muse\u0301e-arche\u0301ologique.jpg\" class=\"attachment-full size-full\" alt=\"Mus\u00e9e arch\u00e9ologique (bastion Saint-Andr\u00e9)\" aria-describedby=\"gallery-7-3191\" \/>\n\t\t\t<\/dt>\n\t\t\t\t<dd class='wp-caption-text gallery-caption' id='gallery-7-3191'>\n\t\t\t\tMus\u00e9e arch\u00e9ologique via antibesjuanlespins.com\n\t\t\t\t<\/dd><\/dl><br style=\"clear: both\" \/>\n\t\t<\/div>\n\n<h2>5. Plage de la Croisette \u2013 Cannes<\/h2>\n<p>Qui ne conna\u00eet pas la merveilleuse ville de Cannes qui accueille chaque ann\u00e9e l&rsquo;un des plus importants <strong>festivals<\/strong> <strong>de cin\u00e9ma<\/strong> ? Mais outre ce c\u00e9l\u00e8bre \u00e9v\u00e9nement, Cannes est aussi connu pour \u00eatre une destination touristique qui ne conna\u00eet pas de crise. Des vacances sur la C\u00f4te d&rsquo;Azur ne peuvent manquer d&rsquo;inclure une promenade le long de la <strong>Croisette<\/strong>. Cette promenade longue de <strong>2 kilom\u00e8tres<\/strong> offre une vue sur la plage et est entour\u00e9e de boutiques et d&rsquo;h\u00f4tels de luxe derri\u00e8re elle.<\/p>\n\n\t\t<style type=\"text\/css\">\n\t\t\t#gallery-8 {\n\t\t\t\tmargin: auto;\n\t\t\t}\n\t\t\t#gallery-8 .gallery-item {\n\t\t\t\tfloat: left;\n\t\t\t\tmargin-top: 10px;\n\t\t\t\ttext-align: center;\n\t\t\t\twidth: 50%;\n\t\t\t}\n\t\t\t#gallery-8 img {\n\t\t\t\tborder: 2px solid #cfcfcf;\n\t\t\t}\n\t\t\t#gallery-8 .gallery-caption {\n\t\t\t\tmargin-left: 0;\n\t\t\t}\n\t\t\t\/* see gallery_shortcode() in wp-includes\/media.php *\/\n\t\t<\/style>\n\t\t<div id='gallery-8' class='gallery galleryid-2862 gallery-columns-2 gallery-size-full'><dl class='gallery-item'>\n\t\t\t<dt class='gallery-icon landscape'>\n\t\t\t\t<img width=\"870\" height=\"490\" src=\"https:\/\/ecobnb.fr\/blog\/app\/uploads\/sites\/7\/2022\/04\/Cannes-1.jpg\" class=\"attachment-full size-full\" alt=\"Cannes\" aria-describedby=\"gallery-8-3192\" srcset=\"https:\/\/ecobnb.fr\/blog\/app\/uploads\/sites\/7\/2022\/04\/Cannes-1.jpg 870w, https:\/\/ecobnb.fr\/blog\/app\/uploads\/sites\/7\/2022\/04\/Cannes-1-536x302.jpg 536w, https:\/\/ecobnb.fr\/blog\/app\/uploads\/sites\/7\/2022\/04\/Cannes-1-768x433.jpg 768w, https:\/\/ecobnb.fr\/blog\/app\/uploads\/sites\/7\/2022\/04\/Cannes-1-570x320.jpg 570w, https:\/\/ecobnb.fr\/blog\/app\/uploads\/sites\/7\/2022\/04\/Cannes-1-344x194.jpg 344w\" sizes=\"(max-width: 870px) 100vw, 870px\" \/>\n\t\t\t<\/dt>\n\t\t\t\t<dd class='wp-caption-text gallery-caption' id='gallery-8-3192'>\n\t\t\t\tCannes, photo de Jim Thirion via Unsplash \n\t\t\t\t<\/dd><\/dl><dl class='gallery-item'>\n\t\t\t<dt class='gallery-icon landscape'>\n\t\t\t\t<img width=\"870\" height=\"490\" src=\"https:\/\/ecobnb.fr\/blog\/app\/uploads\/sites\/7\/2022\/04\/Plage-de-la-Croisette-1.jpg\" class=\"attachment-full size-full\" alt=\"C\u00f4te d\u2019Azur : Plage de la Croisette\" aria-describedby=\"gallery-8-3193\" srcset=\"https:\/\/ecobnb.fr\/blog\/app\/uploads\/sites\/7\/2022\/04\/Plage-de-la-Croisette-1.jpg 870w, https:\/\/ecobnb.fr\/blog\/app\/uploads\/sites\/7\/2022\/04\/Plage-de-la-Croisette-1-536x302.jpg 536w, https:\/\/ecobnb.fr\/blog\/app\/uploads\/sites\/7\/2022\/04\/Plage-de-la-Croisette-1-768x433.jpg 768w, https:\/\/ecobnb.fr\/blog\/app\/uploads\/sites\/7\/2022\/04\/Plage-de-la-Croisette-1-570x320.jpg 570w, https:\/\/ecobnb.fr\/blog\/app\/uploads\/sites\/7\/2022\/04\/Plage-de-la-Croisette-1-344x194.jpg 344w\" sizes=\"(max-width: 870px) 100vw, 870px\" \/>\n\t\t\t<\/dt>\n\t\t\t\t<dd class='wp-caption-text gallery-caption' id='gallery-8-3193'>\n\t\t\t\tPlage de la Croisette via Wikimedia Commons\n\t\t\t\t<\/dd><\/dl><br style=\"clear: both\" \/>\n\t\t<\/div>\n\n<h3>Les&nbsp;tr\u00e9sors de Cannes<\/h3>\n<p>La mer de Cannes cache bien des secrets comme l&rsquo;extraordinaire<strong> \u00e9comus\u00e9e<\/strong> <strong>sous-marin<\/strong> inaugur\u00e9 fin janvier. Au large de l&rsquo;<strong>\u00eele Sainte-Marguerite<\/strong>, <strong>six grandes t\u00eates<\/strong> de deux m\u00e8tres de haut sculpt\u00e9es par l&rsquo;artiste britannique Jason deCaires Taylor ont \u00e9t\u00e9 positionn\u00e9es sur le fond marin \u00e0 une profondeur comprise entre 3 et 5 m\u00e8tres et sont donc parfaitement accessibles. Les six statues, qui p\u00e8sent&nbsp;une dizaine de tonnes, ont \u00e9t\u00e9 r\u00e9alis\u00e9es en un <strong>mat\u00e9riau \u00e9cologique<\/strong> au Ph neutre afin qu&rsquo;elles puissent devenir un refuge pour les poissons et autres animaux marins. L&rsquo;intention \u00e9tait de cr\u00e9er un mus\u00e9e qui soit aussi un sanctuaire \u00e9cologique.<\/p>\n<div class=\"embed-container\"><iframe loading=\"lazy\" title=\"Jason deCaires Taylor interview (English) - Cannes Underwater Museum\" width=\"1170\" height=\"658\" src=\"https:\/\/www.youtube.com\/embed\/t3Bls3dDwzk?feature=oembed&#038;enablejsapi=1&#038;origin=https:\/\/ecobnb.fr\" frameborder=\"0\" allow=\"accelerometer; autoplay; clipboard-write; encrypted-media; gyroscope; picture-in-picture\" allowfullscreen><\/iframe><\/div>\n<p>Si vous \u00eates passionn\u00e9s d&rsquo;histoire et de myst\u00e8res, ne manquez pas une visite au ch\u00e2teau de l&rsquo;\u00eele Sainte-Marguerite. Il s&rsquo;agit d&rsquo;une prison que le Cardinal Richelieu fit construire pour &laquo;&nbsp;abriter&nbsp;&raquo; le myst\u00e9rieux personnage au <strong>Masque de Fer<\/strong>. Ici, vous pouvez \u00e9galement visiter le mus\u00e9e d\u00e9di\u00e9 \u00e0 ce personnage l\u00e9gendaire.<\/p>\n<h2>6. Plage de Pampelonne \u2013 Ramatuelle<\/h2>\n<p>Ramatuelle se situe sur le flanc des monts Paillas au sud de Saint-Tropez. Elle domine la<strong> Baie de Pampelonne<\/strong> et la plaine en contrebas, principalement cultiv\u00e9e avec des vignes. Ce village a un pass\u00e9 m\u00e9di\u00e9val et lorsqu&rsquo;il s&rsquo;agit de plages et de paysages \u00e0 couper le souffle, il figure d\u00e9finitivement sur la liste des destinations incontournables de la C\u00f4te d&rsquo;Azur \u00e0 ne pas manquer. <strong>Plage de Pampelonne<\/strong> s&rsquo;\u00e9tend sur pr\u00e8s de <strong>5 kilom\u00e8tres<\/strong> et se divise en <strong>cinq secteurs<\/strong> (du nord au sud) : Moulins, Tamaris, Patch, Barraques et Bonne Terrasse. Dans le secteur Patch, on trouve un espace am\u00e9nag\u00e9 pour les personnes \u00e0 mobilit\u00e9 r\u00e9duite et un poste de secours ouvert en \u00e9t\u00e9. Parfois, il y a aussi des zones pour les nudistes.<\/p>\n\n\t\t<style type=\"text\/css\">\n\t\t\t#gallery-9 {\n\t\t\t\tmargin: auto;\n\t\t\t}\n\t\t\t#gallery-9 .gallery-item {\n\t\t\t\tfloat: left;\n\t\t\t\tmargin-top: 10px;\n\t\t\t\ttext-align: center;\n\t\t\t\twidth: 50%;\n\t\t\t}\n\t\t\t#gallery-9 img {\n\t\t\t\tborder: 2px solid #cfcfcf;\n\t\t\t}\n\t\t\t#gallery-9 .gallery-caption {\n\t\t\t\tmargin-left: 0;\n\t\t\t}\n\t\t\t\/* see gallery_shortcode() in wp-includes\/media.php *\/\n\t\t<\/style>\n\t\t<div id='gallery-9' class='gallery galleryid-2862 gallery-columns-2 gallery-size-full'><dl class='gallery-item'>\n\t\t\t<dt class='gallery-icon landscape'>\n\t\t\t\t<img width=\"768\" height=\"512\" src=\"https:\/\/ecobnb.fr\/blog\/app\/uploads\/sites\/7\/2022\/04\/Ramatuelle-1.jpg\" class=\"attachment-full size-full\" alt=\"Ramatuelle\" aria-describedby=\"gallery-9-3194\" srcset=\"https:\/\/ecobnb.fr\/blog\/app\/uploads\/sites\/7\/2022\/04\/Ramatuelle-1.jpg 768w, https:\/\/ecobnb.fr\/blog\/app\/uploads\/sites\/7\/2022\/04\/Ramatuelle-1-536x357.jpg 536w, https:\/\/ecobnb.fr\/blog\/app\/uploads\/sites\/7\/2022\/04\/Ramatuelle-1-344x229.jpg 344w\" sizes=\"(max-width: 768px) 100vw, 768px\" \/>\n\t\t\t<\/dt>\n\t\t\t\t<dd class='wp-caption-text gallery-caption' id='gallery-9-3194'>\n\t\t\t\tRamatuelle. Photo de Christian Salom\u00e9 via Flickr\n\t\t\t\t<\/dd><\/dl><dl class='gallery-item'>\n\t\t\t<dt class='gallery-icon landscape'>\n\t\t\t\t<img width=\"768\" height=\"512\" src=\"https:\/\/ecobnb.fr\/blog\/app\/uploads\/sites\/7\/2022\/04\/Plage-de-Pampelonne-1.jpg\" class=\"attachment-full size-full\" alt=\"C\u00f4te d\u2019Azur : Plage de Pampelonne\" aria-describedby=\"gallery-9-3195\" srcset=\"https:\/\/ecobnb.fr\/blog\/app\/uploads\/sites\/7\/2022\/04\/Plage-de-Pampelonne-1.jpg 768w, https:\/\/ecobnb.fr\/blog\/app\/uploads\/sites\/7\/2022\/04\/Plage-de-Pampelonne-1-536x357.jpg 536w, https:\/\/ecobnb.fr\/blog\/app\/uploads\/sites\/7\/2022\/04\/Plage-de-Pampelonne-1-344x229.jpg 344w\" sizes=\"(max-width: 768px) 100vw, 768px\" \/>\n\t\t\t<\/dt>\n\t\t\t\t<dd class='wp-caption-text gallery-caption' id='gallery-9-3195'>\n\t\t\t\tPlage de Pampelonne. Photo de thomasdori via Flickr\n\t\t\t\t<\/dd><\/dl><br style=\"clear: both\" \/>\n\t\t<\/div>\n\n<h2>7. Plage de la Briande \u2013 La Croix Valmer<\/h2>\n<p>Plage de la Briande est situ\u00e9e entre les oasis naturelles du <strong>Cap Taillat<\/strong> et du <strong>Cap Lardier<\/strong>, sur la commune de <strong>La Croix Valmer<\/strong>. La particularit\u00e9 de cette plage est la <strong>nature vierge<\/strong>&nbsp;qui l&rsquo;entoure : des for\u00eats de pins maritimes et des rochers fa\u00e7onn\u00e9s par le temps entourent ce coin de paradis o\u00f9 l&rsquo;eau bleue intense baigne le <strong>sable m\u00eal\u00e9 de gravier fin<\/strong>. Cette plage n&rsquo;est accessible que par le sentier du littoral. Pour cette raison, nous vous conseillons de garer \u00e0 la plage de l&rsquo;<strong>Escalet \u00e0 Ramatuelle<\/strong> et d&#8217;emprunter le chemin qui part sur la droite. Vous serez \u00e0 Plage de la Briade en environ <strong>45 minutes \u00e0 pied<\/strong>.<\/p>\n<div id=\"attachment_3196\" class=\"thumbnail alignnone\"><img class=\"wp-image-3196 size-full\" src=\"https:\/\/ecobnb.fr\/blog\/app\/uploads\/sites\/7\/2022\/04\/Plage-de-la-Briande-1.jpg\" alt=\"Plage de la Briande\" width=\"870\" height=\"490\" srcset=\"https:\/\/ecobnb.fr\/blog\/app\/uploads\/sites\/7\/2022\/04\/Plage-de-la-Briande-1.jpg 870w, https:\/\/ecobnb.fr\/blog\/app\/uploads\/sites\/7\/2022\/04\/Plage-de-la-Briande-1-536x302.jpg 536w, https:\/\/ecobnb.fr\/blog\/app\/uploads\/sites\/7\/2022\/04\/Plage-de-la-Briande-1-768x433.jpg 768w, https:\/\/ecobnb.fr\/blog\/app\/uploads\/sites\/7\/2022\/04\/Plage-de-la-Briande-1-570x320.jpg 570w, https:\/\/ecobnb.fr\/blog\/app\/uploads\/sites\/7\/2022\/04\/Plage-de-la-Briande-1-344x194.jpg 344w\" sizes=\"(max-width: 870px) 100vw, 870px\" \/><div class=\"caption\">Plage de la Briande. Photo de m@gl via Flickr<\/div><\/div>\n<h2>8. Plage de la Fossette \u2013 Le Lavandou<\/h2>\n<p>Plage de la Fossette, aussi appel\u00e9e <em>la souriante<\/em>, embellit la <strong>c\u00f4te du Lavandou<\/strong>, une commune fran\u00e7aise au pied du massif des Maures situ\u00e9e face aux <strong>\u00eeles d&rsquo;Hy\u00e8res<\/strong>, \u00e9galement appel\u00e9es <em>\u00eeles en Or<\/em>. Cette plage entour\u00e9e d&rsquo;un maquis m\u00e9diterran\u00e9en et d&rsquo;une mer splendide s&rsquo;\u00e9tend sur environ <strong>3 kilom\u00e8tres<\/strong>. Elle est en partie \u00e9quip\u00e9e, avec un \u00e9tablissement priv\u00e9 au centre, et accessible depuis le port du Lavandou en direction de Saint-Tropez. A proximit\u00e9 de l&rsquo;arr\u00eat de bus Fossette, un passage souterrain vous conduira dans ce coin de paradis.<\/p>\n<div id=\"attachment_3197\" class=\"thumbnail alignnone\"><img class=\"wp-image-3197 size-full\" src=\"https:\/\/ecobnb.fr\/blog\/app\/uploads\/sites\/7\/2022\/04\/Plage-de-la-Fossette-1.jpg\" alt=\"Plage de la Fossette\" width=\"870\" height=\"490\" srcset=\"https:\/\/ecobnb.fr\/blog\/app\/uploads\/sites\/7\/2022\/04\/Plage-de-la-Fossette-1.jpg 870w, https:\/\/ecobnb.fr\/blog\/app\/uploads\/sites\/7\/2022\/04\/Plage-de-la-Fossette-1-536x302.jpg 536w, https:\/\/ecobnb.fr\/blog\/app\/uploads\/sites\/7\/2022\/04\/Plage-de-la-Fossette-1-768x433.jpg 768w, https:\/\/ecobnb.fr\/blog\/app\/uploads\/sites\/7\/2022\/04\/Plage-de-la-Fossette-1-570x320.jpg 570w, https:\/\/ecobnb.fr\/blog\/app\/uploads\/sites\/7\/2022\/04\/Plage-de-la-Fossette-1-344x194.jpg 344w\" sizes=\"(max-width: 870px) 100vw, 870px\" \/><div class=\"caption\">Plage de la Fossette. Photo de Ludtz via Flickr<\/div><\/div>\n<h2>9. Plage Notre Dame \u2013 Porquerolles<\/h2>\n<p>Depuis la <strong>Presqu&rsquo;\u00eele de Giens<\/strong>, embarquez \u00e0 bord d&rsquo;un <strong>ferry<\/strong> pour Porquerolles, la plus grande \u00eele de l&rsquo;<strong>Archipel d&rsquo;Hy\u00e8res<\/strong>. Plage Notre Dame est l&rsquo;un des nombreux tr\u00e9sors de la C\u00f4te d&rsquo;Azur situ\u00e9e dans la partie nord de l&rsquo;\u00eele et est assez \u00e9loign\u00e9e du port d&rsquo;arriv\u00e9e. Pour cette raison, il n&rsquo;y a jamais trop de gens, m\u00eame en haute saison. Ses points forts sont le littoral sablonneux long d&rsquo;environ 800 m\u00e8tres et une <strong>pin\u00e8de odorante<\/strong> qui l&rsquo;entoure.<\/p>\n<div id=\"attachment_3198\" class=\"thumbnail alignnone\"><img class=\"wp-image-3198 size-full\" src=\"https:\/\/ecobnb.fr\/blog\/app\/uploads\/sites\/7\/2022\/04\/Plage-Notre-Dame-1.jpg\" alt=\"Plage Notre Dame\" width=\"870\" height=\"490\" srcset=\"https:\/\/ecobnb.fr\/blog\/app\/uploads\/sites\/7\/2022\/04\/Plage-Notre-Dame-1.jpg 870w, https:\/\/ecobnb.fr\/blog\/app\/uploads\/sites\/7\/2022\/04\/Plage-Notre-Dame-1-536x302.jpg 536w, https:\/\/ecobnb.fr\/blog\/app\/uploads\/sites\/7\/2022\/04\/Plage-Notre-Dame-1-768x433.jpg 768w, https:\/\/ecobnb.fr\/blog\/app\/uploads\/sites\/7\/2022\/04\/Plage-Notre-Dame-1-570x320.jpg 570w, https:\/\/ecobnb.fr\/blog\/app\/uploads\/sites\/7\/2022\/04\/Plage-Notre-Dame-1-344x194.jpg 344w\" sizes=\"(max-width: 870px) 100vw, 870px\" \/><div class=\"caption\">Plage Notre Dame. Photo de CPief via Flickr<\/div><\/div>\n<h2>10. Calanque d\u2019En-Vau \u2013 Cassis<\/h2>\n<p>Parmi les 10 plus belles plages de la C\u00f4te d&rsquo;Azur, <strong>Cassis<\/strong> ne pouvait manquer. Il est situ\u00e9 dans le d\u00e9partement des <strong>Bouches-du-Rh\u00f4ne<\/strong>, \u00e0 environ 20 kilom\u00e8tres \u00e0 l&rsquo;est de Marseille. La commune de Cassis est c\u00e9l\u00e8bre pour ses <strong>Calanques<\/strong> prot\u00e9g\u00e9es par le<strong> Parc National des Calanques<\/strong>. Ce sont des formations g\u00e9ologiques tr\u00e8s particuli\u00e8res constitu\u00e9es de roches calcaires. L&rsquo;une des plus belles est la Calanque d&rsquo;En-Vau accessible par le sentier du littoral. La plage paradisiaque qui appara\u00eetra sous vos yeux vous coupera le souffle. Ce sera une digne conclusion \u00e0 votre p\u00e9riple le long des c\u00f4tes fran\u00e7aises.<\/p>\n<div id=\"attachment_3199\" class=\"thumbnail alignnone\"><img class=\"wp-image-3199 size-full\" src=\"https:\/\/ecobnb.fr\/blog\/app\/uploads\/sites\/7\/2022\/04\/Calanque-d\u2019En-Vau-1.jpg\" alt=\"Calanque d\u2019En-Vau\" width=\"870\" height=\"490\" srcset=\"https:\/\/ecobnb.fr\/blog\/app\/uploads\/sites\/7\/2022\/04\/Calanque-d\u2019En-Vau-1.jpg 870w, https:\/\/ecobnb.fr\/blog\/app\/uploads\/sites\/7\/2022\/04\/Calanque-d\u2019En-Vau-1-536x302.jpg 536w, https:\/\/ecobnb.fr\/blog\/app\/uploads\/sites\/7\/2022\/04\/Calanque-d\u2019En-Vau-1-768x433.jpg 768w, https:\/\/ecobnb.fr\/blog\/app\/uploads\/sites\/7\/2022\/04\/Calanque-d\u2019En-Vau-1-570x320.jpg 570w, https:\/\/ecobnb.fr\/blog\/app\/uploads\/sites\/7\/2022\/04\/Calanque-d\u2019En-Vau-1-344x194.jpg 344w\" sizes=\"(max-width: 870px) 100vw, 870px\" \/><div class=\"caption\">Calanque d\u2019En-Vau. Photo de Min Zhou via Flickr<\/div><\/div>\n<p>La C\u00f4te d&rsquo;Azur poss\u00e8de de nombreuses autres villes et \u00eeles merveilleuses. Pensez \u00e0 <strong>Valbonne<\/strong>, <strong>Grasse<\/strong>, <strong>Monte-Carlo<\/strong>, <strong>Saint-Paul-de-Vence<\/strong>, <strong>Saint-Tropez<\/strong> et bien plus encore. N&rsquo;h\u00e9sitez pas \u00e0 d\u00e9couvrir ces beaut\u00e9s lors de vos prochaines vacances.<\/p>\n<h2>H\u00f4tels \u00e9co-durables sur la C\u00f4te d&rsquo;Azur<\/h2>\n<p>Si, en plus d&rsquo;\u00eatre des amoureux des beaut\u00e9s naturelles, vous visez \u00e9galement le <strong>respect de l&rsquo;environnement<\/strong>, lors de vos vacances \u00e0 la d\u00e9couverte de la C\u00f4te d&rsquo;Azur vous pourrez s\u00e9journer dans des <strong>h\u00e9bergements \u00e9co-durables<\/strong>. De l&rsquo;\u00e9co-h\u00f4tel, \u00e0 la r\u00e9sidence d&rsquo;\u00e9poque en bord de mer, de l&rsquo;appartement \u00e9cologique, \u00e0 l&rsquo;h\u00e9bergement sur catamaran. Voici quelques propositions au choix.<\/p>\n<h3>The Mortola Tower Eco Resort \u2013 Ventimiglia<\/h3>\n<p>Une charmante <strong>r\u00e9sidence d&rsquo;\u00e9poque des ann\u00e9es 1500<\/strong> immerg\u00e9e dans un incroyable jardin botanique surplombant la Mer de Ligurie, \u00e0 Mortola, au-dessus des c\u00e9l\u00e8bres jardins Hanbury, \u00e0 quelques kilom\u00e8tres de la France et de Monte-Carlo. <strong>Quatre solutions<\/strong> s&rsquo;offrent aux h\u00f4tes : un loft id\u00e9al pour 4\/6 personnes, une orangerie pour 4\/5 personnes, une suite botanique id\u00e9ale pour un s\u00e9jour romantique \u00e0 deux et enfin une tour priv\u00e9e.<\/p>\n<p>L\u2019h\u00e9bergement <strong>r\u00e9cup\u00e8re l&rsquo;eau de pluie, r\u00e9duit le gaspillage d&rsquo;\u00e9nergie <\/strong>et utilise des<strong> produits d&rsquo;entretien \u00e9cologiques<\/strong>. Les clients ont \u00e9galement acc\u00e8s \u00e0 un immense jardin, un potager biologique et un centre de bien-\u00eatre bas\u00e9 sur les recherches botaniques du propri\u00e9taire. En particulier, sur l&rsquo;utilisation esth\u00e9tique et th\u00e9rapeutique de l&rsquo;aloe arborescens cultiv\u00e9 sur la propri\u00e9t\u00e9.<\/p>\n<p><img class=\"alignnone wp-image-3200 size-full\" src=\"https:\/\/ecobnb.fr\/blog\/app\/uploads\/sites\/7\/2022\/04\/The-Mortola-Tower-Eco-Resort-1.jpg\" alt=\"The Mortola Tower Eco Resort\" width=\"870\" height=\"490\" srcset=\"https:\/\/ecobnb.fr\/blog\/app\/uploads\/sites\/7\/2022\/04\/The-Mortola-Tower-Eco-Resort-1.jpg 870w, https:\/\/ecobnb.fr\/blog\/app\/uploads\/sites\/7\/2022\/04\/The-Mortola-Tower-Eco-Resort-1-536x302.jpg 536w, https:\/\/ecobnb.fr\/blog\/app\/uploads\/sites\/7\/2022\/04\/The-Mortola-Tower-Eco-Resort-1-768x433.jpg 768w, https:\/\/ecobnb.fr\/blog\/app\/uploads\/sites\/7\/2022\/04\/The-Mortola-Tower-Eco-Resort-1-570x320.jpg 570w, https:\/\/ecobnb.fr\/blog\/app\/uploads\/sites\/7\/2022\/04\/The-Mortola-Tower-Eco-Resort-1-344x194.jpg 344w\" sizes=\"(max-width: 870px) 100vw, 870px\" \/><\/p>\n<h3>Carpe Diem Chambres d\u2019h\u00f4tes \u2013 Callian<\/h3>\n<p>Les propri\u00e9taires Anne et Olivier vous accueilleront \u00e0 Carpe Diem dans leurs <strong>chambres \u00e9cologiques<\/strong> au charme authentique. La maison d&rsquo;h\u00f4tes est situ\u00e9e sur les hauteurs de <strong>Callian<\/strong>, un petit <strong>village de la Provence<\/strong>, non loin de Cannes, Nice et Saint-Tropez. Elle a aussi re\u00e7u la <strong>Clef Verte<\/strong>, le premier label environnemental international pour l&rsquo;h\u00e9bergement \u00e9co-durable. Tout au long de l&rsquo;ann\u00e9e, il est possible de s\u00e9journer dans l&rsquo;une des 3 chambres disponibles, chacune disposant d&rsquo;une terrasse priv\u00e9e donnant sur le jardin. Entre oliviers et verdure, vous aurez une vue splendide sur les collines de Saint C\u00e9saire. Pendant l&rsquo;\u00e9t\u00e9, il est \u00e9galement possible de louer toute la maison d\u2019h\u00f4tes.<\/p>\n<p><img class=\"alignnone wp-image-3201 size-full\" src=\"https:\/\/ecobnb.fr\/blog\/app\/uploads\/sites\/7\/2022\/04\/Carpe-Diem-Chambres-d\u2019ho\u0302tes.jpg\" alt=\"Carpe Diem Chambres d\u2019h\u00f4tes\" width=\"870\" height=\"490\" srcset=\"https:\/\/ecobnb.fr\/blog\/app\/uploads\/sites\/7\/2022\/04\/Carpe-Diem-Chambres-d\u2019ho\u0302tes.jpg 870w, https:\/\/ecobnb.fr\/blog\/app\/uploads\/sites\/7\/2022\/04\/Carpe-Diem-Chambres-d\u2019ho\u0302tes-536x302.jpg 536w, https:\/\/ecobnb.fr\/blog\/app\/uploads\/sites\/7\/2022\/04\/Carpe-Diem-Chambres-d\u2019ho\u0302tes-768x433.jpg 768w, https:\/\/ecobnb.fr\/blog\/app\/uploads\/sites\/7\/2022\/04\/Carpe-Diem-Chambres-d\u2019ho\u0302tes-570x320.jpg 570w, https:\/\/ecobnb.fr\/blog\/app\/uploads\/sites\/7\/2022\/04\/Carpe-Diem-Chambres-d\u2019ho\u0302tes-344x194.jpg 344w\" sizes=\"(max-width: 870px) 100vw, 870px\" \/><\/p>\n<h3>Eco-H\u00f4tel Ellington \u2013 Nice<\/h3>\n<p>Ellington H\u00f4tel est situ\u00e9 sur l&rsquo;\u00e9l\u00e9gant boulevard <strong>Dubouchage<\/strong>. Il se trouve&nbsp;\u00e0 10 minutes \u00e0 pied de la vieille ville, de la plage et des commerces. Inspir\u00e9 de l&rsquo;artiste Duke Ellington, il vous enchantera par son ambiance jazzy et ses <strong>110 chambres<\/strong> r\u00e9cemment r\u00e9nov\u00e9es qui se marient parfaitement au design raffin\u00e9 d&rsquo;une authentique maison ni\u00e7oise. Ellington H\u00f4tel a aussi \u00e0 c\u0153ur la <strong>durabilit\u00e9<\/strong> et c&rsquo;est pour cette raison qu&rsquo;il propose des <strong>produits z\u00e9ro kilom\u00e8tre<\/strong>, mais pas seulement. Des produits d&rsquo;entretien \u00e9cologiques et des ampoules \u00e0 basse consommation sont utilis\u00e9s et, de plus, une grande attention est accord\u00e9e au tri s\u00e9lectif des d\u00e9chets, \u00e0 la r\u00e9cup\u00e9ration et \u00e0 la r\u00e9utilisation de l&rsquo;eau.<\/p>\n<h2><img class=\"alignnone wp-image-3202 size-full\" src=\"https:\/\/ecobnb.fr\/blog\/app\/uploads\/sites\/7\/2022\/04\/Ho\u0302tel-Ellington.jpg\" alt=\"Eco-H\u00f4tel Ellington - Nice\" width=\"870\" height=\"490\" srcset=\"https:\/\/ecobnb.fr\/blog\/app\/uploads\/sites\/7\/2022\/04\/Ho\u0302tel-Ellington.jpg 870w, https:\/\/ecobnb.fr\/blog\/app\/uploads\/sites\/7\/2022\/04\/Ho\u0302tel-Ellington-536x302.jpg 536w, https:\/\/ecobnb.fr\/blog\/app\/uploads\/sites\/7\/2022\/04\/Ho\u0302tel-Ellington-768x433.jpg 768w, https:\/\/ecobnb.fr\/blog\/app\/uploads\/sites\/7\/2022\/04\/Ho\u0302tel-Ellington-570x320.jpg 570w, https:\/\/ecobnb.fr\/blog\/app\/uploads\/sites\/7\/2022\/04\/Ho\u0302tel-Ellington-344x194.jpg 344w\" sizes=\"(max-width: 870px) 100vw, 870px\" \/><\/h2>\n<h3>Le Radisson Blu 1835 H\u00f4tel &amp; Thalasso \u2013 Cannes<\/h3>\n<p>Il est un bel h\u00f4tel moderne situ\u00e9 dans le quartier historique de Cannes, \u00e0 cinq minutes \u00e0 pied du Palais des Festivals et des Congr\u00e8s. Cet h\u00e9bergement dispose de <strong>134 chambres<\/strong> avec vue sur la Mer M\u00e9diterran\u00e9e, le port et la Croisette. Mais les v\u00e9ritables joyaux de cet h\u00f4tel impressionnant sont le <strong>restaurant bio<\/strong> situ\u00e9 sur le plus haut toit de la ville d&rsquo;o\u00f9 l&rsquo;on peut manger tout en profitant d&rsquo;une vue spectaculaire et les <strong>thermes<\/strong> \u00e9quip\u00e9s d&rsquo;une piscine d&rsquo;eau de mer avec passerelle, d&rsquo;un hammam, d&rsquo;un sauna, d\u2019un bain turc et un bain \u00e0 remous. Par ailleurs, depuis 2012, le Radisson Blu 1835 H\u00f4tel &amp; Thalasso \u00e0 Cannes est titulaire de l&rsquo;\u00e9colabel <strong>La Clef Verte<\/strong>.<\/p>\n<h3><img class=\"alignnone wp-image-3203 size-full\" src=\"https:\/\/ecobnb.fr\/blog\/app\/uploads\/sites\/7\/2022\/04\/Le-Radissont-Blu-1835-Hotel-Thalasso-1.jpg\" alt=\"Le Radissont Blu 1835 Hotel &amp; Thalasso - Cannes\" width=\"870\" height=\"490\" srcset=\"https:\/\/ecobnb.fr\/blog\/app\/uploads\/sites\/7\/2022\/04\/Le-Radissont-Blu-1835-Hotel-Thalasso-1.jpg 870w, https:\/\/ecobnb.fr\/blog\/app\/uploads\/sites\/7\/2022\/04\/Le-Radissont-Blu-1835-Hotel-Thalasso-1-536x302.jpg 536w, https:\/\/ecobnb.fr\/blog\/app\/uploads\/sites\/7\/2022\/04\/Le-Radissont-Blu-1835-Hotel-Thalasso-1-768x433.jpg 768w, https:\/\/ecobnb.fr\/blog\/app\/uploads\/sites\/7\/2022\/04\/Le-Radissont-Blu-1835-Hotel-Thalasso-1-570x320.jpg 570w, https:\/\/ecobnb.fr\/blog\/app\/uploads\/sites\/7\/2022\/04\/Le-Radissont-Blu-1835-Hotel-Thalasso-1-344x194.jpg 344w\" sizes=\"(max-width: 870px) 100vw, 870px\" \/><br \/>\nArt\u00e9mis en Provence \u2013 Roussillon<\/h3>\n<p>Il s&rsquo;agit de<strong> deux appartements enti\u00e8rement \u00e9quip\u00e9s de 40 m2<\/strong> avec terrasse, chacun pouvant accueillir jusqu&rsquo;\u00e0 quatre personnes autour d&rsquo;une <strong>piscine<\/strong>. Ils sont situ\u00e9s \u00e0 <strong>Roussillon<\/strong>, l&rsquo;un des plus beaux villages de France, au c\u0153ur du Luberon, entre Mont Ventoux et la Mer M\u00e9diterran\u00e9e. Savourez vos repas ou prenez l&rsquo;ap\u00e9ritif sur la <strong>terrasse<\/strong> ombrag\u00e9e, en regardant les \u00e9toiles et entour\u00e9s d&rsquo;un bosquet de ch\u00eanes centenaires. En plus de la<strong> piscine ext\u00e9rieure<\/strong>, il y a aussi un potager aliment\u00e9 avec le compost des h\u00f4tes et arros\u00e9 avec l&rsquo;eau de pluie collect\u00e9e. Dans cette r\u00e9cente&nbsp;<strong>maison bioclimatique<\/strong>&nbsp;des panneaux solaires ont \u00e9t\u00e9 install\u00e9s et c&rsquo;est gr\u00e2ce \u00e0 l&rsquo;\u00e9nergie produite que l&rsquo;eau est chauff\u00e9e.<\/p>\n<p><img class=\"alignnone wp-image-3204 size-full\" src=\"https:\/\/ecobnb.fr\/blog\/app\/uploads\/sites\/7\/2022\/04\/Arte\u0301mis-en-Provence.jpg\" alt=\"Art\u00e9mis en Provence\" width=\"870\" height=\"490\" srcset=\"https:\/\/ecobnb.fr\/blog\/app\/uploads\/sites\/7\/2022\/04\/Arte\u0301mis-en-Provence.jpg 870w, https:\/\/ecobnb.fr\/blog\/app\/uploads\/sites\/7\/2022\/04\/Arte\u0301mis-en-Provence-536x302.jpg 536w, https:\/\/ecobnb.fr\/blog\/app\/uploads\/sites\/7\/2022\/04\/Arte\u0301mis-en-Provence-768x433.jpg 768w, https:\/\/ecobnb.fr\/blog\/app\/uploads\/sites\/7\/2022\/04\/Arte\u0301mis-en-Provence-570x320.jpg 570w, https:\/\/ecobnb.fr\/blog\/app\/uploads\/sites\/7\/2022\/04\/Arte\u0301mis-en-Provence-344x194.jpg 344w\" sizes=\"(max-width: 870px) 100vw, 870px\" \/><\/p>\n<h2>Exp\u00e9rience unique \u00e0 bord d&rsquo;un catamaran<\/h2>\n<p>Avez-vous envie de vivre une exp\u00e9rience diff\u00e9rente, de surfer sur les vagues et de voir le monde sous un autre angle ? Nous vous proposons une solution adapt\u00e9e \u00e0 vous c\u2019est-\u00e0-dire les nombreux <strong>catamarans<\/strong> <strong>\u00e0 voile de Menton<\/strong> o\u00f9 vous pourrez s\u00e9journer en disposant de tous les services et commodit\u00e9s n\u00e9cessaires. Vous pouvez organiser une simple <strong>nuit\u00e9e avec petit-d\u00e9jeuner<\/strong> ou <strong>partir en mer<\/strong> pour d\u00e9couvrir la voile. Les <strong>produits z\u00e9ro kilom\u00e8tre<\/strong> et les <strong>crit\u00e8res d&rsquo;\u00e9co-durabilit\u00e9<\/strong> sont la valeur ajout\u00e9e de cette perle.<\/p>\n\n\t\t<style type=\"text\/css\">\n\t\t\t#gallery-10 {\n\t\t\t\tmargin: auto;\n\t\t\t}\n\t\t\t#gallery-10 .gallery-item {\n\t\t\t\tfloat: left;\n\t\t\t\tmargin-top: 10px;\n\t\t\t\ttext-align: center;\n\t\t\t\twidth: 50%;\n\t\t\t}\n\t\t\t#gallery-10 img {\n\t\t\t\tborder: 2px solid #cfcfcf;\n\t\t\t}\n\t\t\t#gallery-10 .gallery-caption {\n\t\t\t\tmargin-left: 0;\n\t\t\t}\n\t\t\t\/* see gallery_shortcode() in wp-includes\/media.php *\/\n\t\t<\/style>\n\t\t<div id='gallery-10' class='gallery galleryid-2862 gallery-columns-2 gallery-size-full'><dl class='gallery-item'>\n\t\t\t<dt class='gallery-icon landscape'>\n\t\t\t\t<img width=\"770\" height=\"431\" src=\"https:\/\/ecobnb.fr\/blog\/app\/uploads\/sites\/7\/2022\/04\/Port-avec-vue-sur-un-catamaran-et-des-maisons-1.jpeg\" class=\"attachment-full size-full\" alt=\"Menton\" srcset=\"https:\/\/ecobnb.fr\/blog\/app\/uploads\/sites\/7\/2022\/04\/Port-avec-vue-sur-un-catamaran-et-des-maisons-1.jpeg 770w, https:\/\/ecobnb.fr\/blog\/app\/uploads\/sites\/7\/2022\/04\/Port-avec-vue-sur-un-catamaran-et-des-maisons-1-536x300.jpeg 536w, https:\/\/ecobnb.fr\/blog\/app\/uploads\/sites\/7\/2022\/04\/Port-avec-vue-sur-un-catamaran-et-des-maisons-1-768x430.jpeg 768w, https:\/\/ecobnb.fr\/blog\/app\/uploads\/sites\/7\/2022\/04\/Port-avec-vue-sur-un-catamaran-et-des-maisons-1-570x320.jpeg 570w, https:\/\/ecobnb.fr\/blog\/app\/uploads\/sites\/7\/2022\/04\/Port-avec-vue-sur-un-catamaran-et-des-maisons-1-344x193.jpeg 344w\" sizes=\"(max-width: 770px) 100vw, 770px\" \/>\n\t\t\t<\/dt><\/dl><dl class='gallery-item'>\n\t\t\t<dt class='gallery-icon landscape'>\n\t\t\t\t<img width=\"770\" height=\"431\" src=\"https:\/\/ecobnb.fr\/blog\/app\/uploads\/sites\/7\/2022\/04\/Chambre-a\u0300-coucher-dans-un-catamaran.jpeg\" class=\"attachment-full size-full\" alt=\"Catamaran vu de l&#039;int\u00e9rieur\" srcset=\"https:\/\/ecobnb.fr\/blog\/app\/uploads\/sites\/7\/2022\/04\/Chambre-a\u0300-coucher-dans-un-catamaran.jpeg 770w, https:\/\/ecobnb.fr\/blog\/app\/uploads\/sites\/7\/2022\/04\/Chambre-a\u0300-coucher-dans-un-catamaran-536x300.jpeg 536w, https:\/\/ecobnb.fr\/blog\/app\/uploads\/sites\/7\/2022\/04\/Chambre-a\u0300-coucher-dans-un-catamaran-768x430.jpeg 768w, https:\/\/ecobnb.fr\/blog\/app\/uploads\/sites\/7\/2022\/04\/Chambre-a\u0300-coucher-dans-un-catamaran-570x320.jpeg 570w, https:\/\/ecobnb.fr\/blog\/app\/uploads\/sites\/7\/2022\/04\/Chambre-a\u0300-coucher-dans-un-catamaran-344x193.jpeg 344w\" sizes=\"(max-width: 770px) 100vw, 770px\" \/>\n\t\t\t<\/dt><\/dl><br style=\"clear: both\" \/>\n\t\t<\/div>\n\n<p>Pour d&rsquo;autres h\u00e9bergements sur la C\u00f4te d&rsquo;Azur et ses environs, <a href=\"https:\/\/ecobnb.fr\/s\/Costa+Azzurra,+Francia?adults=2&amp;bounds=43.797132,7.53158,42.981998,5.509915&amp;place_id=ChIJf9kyh3O8zhIRwFFWLEFmSVk&amp;search_type=colloquial_area&amp;extension=25e3\" target=\"_blank\" rel=\"noopener\">jetez un \u0153il ici<\/a> ! \u00cates-vous pr\u00eat \u00e0 partir ?<\/p>\n<p>&nbsp;<\/p>\n<p><em>Photo de couverture via Canva Pro<\/em><\/p>\n","protected":false},"excerpt":{"rendered":"<p>R\u00eavez-vous de vacances sur la C\u00f4te d\u2019Azur ? Voici les 10 plus belles plages et les h\u00e9bergements \u00e9co-durables les plus particuliers (de l\u2019h\u00f4tel \u00e9cologique au bateau) \u00e0 ne pas manquer ! La C\u00f4te d&rsquo;Azur a toujours offert des paysages enchanteurs qui font r\u00eaver. D\u00e9couvrons ensemble les plages \u00e0 ne pas manquer pour passer des vacances [&hellip;]<\/p>\n","protected":false},"author":156,"featured_media":3172,"comment_status":"closed","ping_status":"closed","sticky":false,"template":"","format":"standard","meta":[],"categories":[197,199],"tags":[368,369,373,370,371,372],"acf":[],"yoast_head":"<!-- This site is optimized with the Yoast SEO plugin v19.9 - https:\/\/yoast.com\/wordpress\/plugins\/seo\/ -->\n<title>C\u00f4te d\u2019Azur : Les 10 plus Belles Plages du Littoral Fran\u00e7ais - Ecobnb<\/title>\n<meta name=\"description\" content=\"La C\u00f4te d\u2019Azur offre des panoramas \u00e0 couper le souffle. Dans cet article nous partons \u00e0 la d\u00e9couverte des ses beaut\u00e9s et des ses 10 plus belles plages.\" \/>\n<meta name=\"robots\" content=\"index, follow, max-snippet:-1, max-image-preview:large, max-video-preview:-1\" \/>\n<link rel=\"canonical\" href=\"https:\/\/ecobnb.fr\/blog\/2022\/06\/cote-dazur-belles-plages-littoral-francais\/\" \/>\n<meta property=\"og:locale\" content=\"fr_FR\" \/>\n<meta property=\"og:type\" content=\"article\" \/>\n<meta property=\"og:title\" content=\"C\u00f4te d\u2019Azur : Les 10 plus Belles Plages du Littoral Fran\u00e7ais - Ecobnb\" \/>\n<meta property=\"og:description\" content=\"La C\u00f4te d\u2019Azur offre des panoramas \u00e0 couper le souffle. Dans cet article nous partons \u00e0 la d\u00e9couverte des ses beaut\u00e9s et des ses 10 plus belles plages.\" \/>\n<meta property=\"og:url\" content=\"https:\/\/ecobnb.fr\/blog\/2022\/06\/cote-dazur-belles-plages-littoral-francais\/\" \/>\n<meta property=\"og:site_name\" content=\"Ecobnb\" \/>\n<meta property=\"article:published_time\" content=\"2022-06-22T13:00:57+00:00\" \/>\n<meta property=\"article:modified_time\" content=\"2022-08-18T13:14:40+00:00\" \/>\n<meta property=\"og:image\" content=\"https:\/\/ecobnb.fr\/blog\/app\/uploads\/sites\/7\/2022\/03\/Co\u0302te-d\u2019Azur.jpg\" \/>\n\t<meta property=\"og:image:width\" content=\"1170\" \/>\n\t<meta property=\"og:image:height\" content=\"490\" \/>\n\t<meta property=\"og:image:type\" content=\"image\/jpeg\" \/>\n<meta name=\"author\" content=\"Sara Andreotti\" \/>\n<meta name=\"twitter:card\" content=\"summary_large_image\" \/>\n<meta name=\"twitter:label1\" content=\"Written by\" \/>\n\t<meta name=\"twitter:data1\" content=\"Sara Andreotti\" \/>\n\t<meta name=\"twitter:label2\" content=\"Est. reading time\" \/>\n\t<meta name=\"twitter:data2\" content=\"14 minutes\" \/>\n<!-- \/ Yoast SEO plugin. -->","yoast_head_json":{"title":"C\u00f4te d\u2019Azur : Les 10 plus Belles Plages du Littoral Fran\u00e7ais - Ecobnb","description":"La C\u00f4te d\u2019Azur offre des panoramas \u00e0 couper le souffle. Dans cet article nous partons \u00e0 la d\u00e9couverte des ses beaut\u00e9s et des ses 10 plus belles plages.","robots":{"index":"index","follow":"follow","max-snippet":"max-snippet:-1","max-image-preview":"max-image-preview:large","max-video-preview":"max-video-preview:-1"},"canonical":"https:\/\/ecobnb.fr\/blog\/2022\/06\/cote-dazur-belles-plages-littoral-francais\/","og_locale":"fr_FR","og_type":"article","og_title":"C\u00f4te d\u2019Azur : Les 10 plus Belles Plages du Littoral Fran\u00e7ais - Ecobnb","og_description":"La C\u00f4te d\u2019Azur offre des panoramas \u00e0 couper le souffle. Dans cet article nous partons \u00e0 la d\u00e9couverte des ses beaut\u00e9s et des ses 10 plus belles plages.","og_url":"https:\/\/ecobnb.fr\/blog\/2022\/06\/cote-dazur-belles-plages-littoral-francais\/","og_site_name":"Ecobnb","article_published_time":"2022-06-22T13:00:57+00:00","article_modified_time":"2022-08-18T13:14:40+00:00","og_image":[{"width":1170,"height":490,"url":"https:\/\/ecobnb.fr\/blog\/app\/uploads\/sites\/7\/2022\/03\/Co\u0302te-d\u2019Azur.jpg","type":"image\/jpeg"}],"author":"Sara Andreotti","twitter_card":"summary_large_image","twitter_misc":{"Written by":"Sara Andreotti","Est. reading time":"14 minutes"},"schema":{"@context":"https:\/\/schema.org","@graph":[{"@type":"WebPage","@id":"https:\/\/ecobnb.fr\/blog\/2022\/06\/cote-dazur-belles-plages-littoral-francais\/","url":"https:\/\/ecobnb.fr\/blog\/2022\/06\/cote-dazur-belles-plages-littoral-francais\/","name":"C\u00f4te d\u2019Azur : Les 10 plus Belles Plages du Littoral Fran\u00e7ais - Ecobnb","isPartOf":{"@id":"https:\/\/ecobnb.fr\/blog\/#website"},"datePublished":"2022-06-22T13:00:57+00:00","dateModified":"2022-08-18T13:14:40+00:00","author":{"@id":"https:\/\/ecobnb.fr\/blog\/#\/schema\/person\/e85883fdc95fcf6148f4108b245e69bd"},"description":"La C\u00f4te d\u2019Azur offre des panoramas \u00e0 couper le souffle. Dans cet article nous partons \u00e0 la d\u00e9couverte des ses beaut\u00e9s et des ses 10 plus belles plages.","breadcrumb":{"@id":"https:\/\/ecobnb.fr\/blog\/2022\/06\/cote-dazur-belles-plages-littoral-francais\/#breadcrumb"},"inLanguage":"fr-FR","potentialAction":[{"@type":"ReadAction","target":["https:\/\/ecobnb.fr\/blog\/2022\/06\/cote-dazur-belles-plages-littoral-francais\/"]}]},{"@type":"BreadcrumbList","@id":"https:\/\/ecobnb.fr\/blog\/2022\/06\/cote-dazur-belles-plages-littoral-francais\/#breadcrumb","itemListElement":[{"@type":"ListItem","position":1,"name":"Home","item":"https:\/\/ecobnb.fr\/blog\/"},{"@type":"ListItem","position":2,"name":"C\u00f4te d\u2019Azur : un Plongeon dans les 10 plus Belles Plages du Littoral Fran\u00e7ais"}]},{"@type":"WebSite","@id":"https:\/\/ecobnb.fr\/blog\/#website","url":"https:\/\/ecobnb.fr\/blog\/","name":"Ecobnb","description":"Find sustainable accommodation","potentialAction":[{"@type":"SearchAction","target":{"@type":"EntryPoint","urlTemplate":"https:\/\/ecobnb.fr\/blog\/?s={search_term_string}"},"query-input":"required name=search_term_string"}],"inLanguage":"fr-FR"},{"@type":"Person","@id":"https:\/\/ecobnb.fr\/blog\/#\/schema\/person\/e85883fdc95fcf6148f4108b245e69bd","name":"Sara Andreotti","image":{"@type":"ImageObject","inLanguage":"fr-FR","@id":"https:\/\/ecobnb.fr\/blog\/#\/schema\/person\/image\/","url":"https:\/\/secure.gravatar.com\/avatar\/99d039987338b14c19e6a888250a93e8?s=96&d=monsterid&r=g","contentUrl":"https:\/\/secure.gravatar.com\/avatar\/99d039987338b14c19e6a888250a93e8?s=96&d=monsterid&r=g","caption":"Sara Andreotti"},"description":"Ciao! Sono Sara, studentessa di lingue applicate al settore turistico e d\u2019impresa. Mi piace l\u2019idea di un mondo in cui la conoscenza sia a portata di tutti senza limiti linguistici e comunicativi. Conoscenza e curiosit\u00e0 sono i due ingredienti per diventare cittadini migliori e pi\u00f9 consapevoli.","url":"https:\/\/ecobnb.fr\/blog\/author\/saraandreotti\/"}]}},"_links":{"self":[{"href":"https:\/\/ecobnb.fr\/blog\/wp-json\/wp\/v2\/posts\/2862"}],"collection":[{"href":"https:\/\/ecobnb.fr\/blog\/wp-json\/wp\/v2\/posts"}],"about":[{"href":"https:\/\/ecobnb.fr\/blog\/wp-json\/wp\/v2\/types\/post"}],"author":[{"embeddable":true,"href":"https:\/\/ecobnb.fr\/blog\/wp-json\/wp\/v2\/users\/156"}],"replies":[{"embeddable":true,"href":"https:\/\/ecobnb.fr\/blog\/wp-json\/wp\/v2\/comments?post=2862"}],"version-history":[{"count":8,"href":"https:\/\/ecobnb.fr\/blog\/wp-json\/wp\/v2\/posts\/2862\/revisions"}],"predecessor-version":[{"id":3504,"href":"https:\/\/ecobnb.fr\/blog\/wp-json\/wp\/v2\/posts\/2862\/revisions\/3504"}],"wp:featuredmedia":[{"embeddable":true,"href":"https:\/\/ecobnb.fr\/blog\/wp-json\/wp\/v2\/media\/3172"}],"wp:attachment":[{"href":"https:\/\/ecobnb.fr\/blog\/wp-json\/wp\/v2\/media?parent=2862"}],"wp:term":[{"taxonomy":"category","embeddable":true,"href":"https:\/\/ecobnb.fr\/blog\/wp-json\/wp\/v2\/categories?post=2862"},{"taxonomy":"post_tag","embeddable":true,"href":"https:\/\/ecobnb.fr\/blog\/wp-json\/wp\/v2\/tags?post=2862"}],"curies":[{"name":"wp","href":"https:\/\/api.w.org\/{rel}","templated":true}]}}