{"id":3912,"date":"2023-07-15T13:33:58","date_gmt":"2023-07-15T13:33:58","guid":{"rendered":"https:\/\/ecobnb.fr\/blog\/?p=3912"},"modified":"2023-07-15T13:35:42","modified_gmt":"2023-07-15T13:35:42","slug":"upslowtour-casa-payer-val-pellice","status":"publish","type":"post","link":"https:\/\/ecobnb.fr\/blog\/2023\/07\/upslowtour-casa-payer-val-pellice\/","title":{"rendered":"UpSlowTour et Casa Payer: le Val Pellice \u00e0 un rythme lent"},"content":{"rendered":"\n<p>La magnifique r\u00e9gion montagneuse de Pinerolo, au c\u0153ur des Alpes Cottiennes, offre aux voyageurs, et plus pr\u00e9cis\u00e9ment aux amateurs de <strong>v\u00e9lo<\/strong>, une nouvelle initiative qui promeut un <strong>tourisme durable et lent<\/strong>. Le portail <strong>UpSlowTour<\/strong> est un projet passionnant, lanc\u00e9 r\u00e9cemment par l&rsquo;Unione Montana del Pinerolese. Il invite les amateurs de plein air \u00e0 d\u00e9couvrir la beaut\u00e9 et la richesse de cette r\u00e9gion, avec un accent sur le Val Pellice et les contreforts autour de Pinerolo, dans le <strong>Pi\u00e9mont.<\/strong><\/p>\n\n\n\n<figure class=\"wp-block-image size-full is-resized\"><img src=\"https:\/\/ecobnb.fr\/blog\/app\/uploads\/sites\/7\/2023\/07\/2880px-Alta_Val_Pellice-768x434-1.jpg\" alt=\"Val Pellice, dans le Pi\u00e9mont\" class=\"wp-image-3920\" width=\"890\" height=\"470\"\/><figcaption>Hairless Heart, CC BY-SA 4.0 via Wikimedia Commons<\/figcaption><\/figure>\n\n\n\n<p>Le projet est <strong>&laquo;&nbsp;Up&nbsp;&raquo;<\/strong> parce que la r\u00e9gion est montagneuse,<strong> &laquo;&nbsp;Slow&nbsp;&raquo;<\/strong> pour sa promotion du turisme lent. <strong>&laquo;&nbsp;Tour&nbsp;&raquo;<\/strong> se r\u00e9f\u00e8re au r\u00f4le central accord\u00e9 au v\u00e9lo. En effet <strong>UpSlowTour<\/strong> propose aux visiteurs <strong>quinze itin\u00e9raires cyclables<\/strong>, chacun class\u00e9 selon sa difficult\u00e9 et son type. Cela se traduit par un r\u00e9seau de plus de 400 kilom\u00e8tres d&rsquo;itin\u00e9raires cyclables \u00e0 travers des paysages magnifiques et des points d&rsquo;int\u00e9r\u00eat uniques. <\/p>\n\n\n\n<p>UpSlowTour vise \u00e0 favoriser le<strong> d\u00e9veloppement durable<\/strong> de la <strong>r\u00e9gion<\/strong>, en valorisant les <strong>ressources environnementales<\/strong> et pas seulement&#8230; Le portail d\u00e9di\u00e9 permet en effet d&rsquo;explorer la <strong>biodiversit\u00e9<\/strong> de la zone, de conna\u00eetre les <strong>traditions<\/strong> du monde vaudois et de d\u00e9couvrir les <strong>minorit\u00e9s linguistiques<\/strong> de la r\u00e9gion.<\/p>\n\n\n\n<p>L&rsquo;intitiative est en constante \u00e9volution. Son objectif est d&rsquo;\u00e9quiper chaque itin\u00e9raire de <strong>stations de recharge gratuites pour v\u00e9los \u00e9lectriques<\/strong>, de porte-v\u00e9los et de <strong>points d&rsquo;entretien pour les v\u00e9los<\/strong>. Pour les parcours les plus difficiles, qui n\u00e9cessitent \u00e8galement plusieurs heures de v\u00e9lo, des stations interm\u00e9diaires sont pr\u00e9vues. De plus, des <strong>points d&rsquo;information<\/strong> sont disponibles, pour vous fournir de d\u00e9tails sur les itin\u00e9raires. Par exemple, il vous diront la difficult\u00e9, le d\u00e9nivel\u00e9, le type de terrain et le paysage.<\/p>\n\n\n\n<h2>Itin\u00e9raire UpSlowTour num\u00e9ro 13<\/h2>\n\n\n\n<figure class=\"wp-container-2 wp-block-gallery-1 wp-block-gallery has-nested-images columns-default is-cropped\">\n<figure class=\"wp-block-image size-large\"><img width=\"870\" height=\"490\" data-id=\"3945\"  src=\"https:\/\/ecobnb.fr\/blog\/app\/uploads\/sites\/7\/2023\/07\/itineraire-UpSlowTour-13-1-870x490.png\" alt=\"itin\u00e9raire num\u00e9ro 13 UpSlowTour\" class=\"wp-image-3945\" srcset=\"https:\/\/ecobnb.fr\/blog\/app\/uploads\/sites\/7\/2023\/07\/itineraire-UpSlowTour-13-1.png 870w, https:\/\/ecobnb.fr\/blog\/app\/uploads\/sites\/7\/2023\/07\/itineraire-UpSlowTour-13-1-536x302.png 536w, https:\/\/ecobnb.fr\/blog\/app\/uploads\/sites\/7\/2023\/07\/itineraire-UpSlowTour-13-1-768x433.png 768w, https:\/\/ecobnb.fr\/blog\/app\/uploads\/sites\/7\/2023\/07\/itineraire-UpSlowTour-13-1-570x320.png 570w, https:\/\/ecobnb.fr\/blog\/app\/uploads\/sites\/7\/2023\/07\/itineraire-UpSlowTour-13-1-344x194.png 344w\" sizes=\"(max-width: 870px) 100vw, 870px\" \/><\/figure>\n<\/figure>\n\n\n\n<p>UpSlowTour est une initiative extraordinaire pour d\u00e9couvrir la beaut\u00e9 du <strong>Val Pellice <\/strong>et des Alpes Cottiennes. On peut le faire d&rsquo;une fa\u00e7on durable, <strong>lente<\/strong> et respecteuse de l&rsquo;environnement. Nous avons choisi l&rsquo;itin\u00e9raire num\u00e9ro 13, le Boucle des Cr\u00eates. L&rsquo;itin\u00e9raire serpente entre <strong>Bricherasio<\/strong> (388 m) et le <strong>col de la Vaccera<\/strong> (1502 m), en restant sur les &nbsp;cr\u00eates entre le Val Pellice et le Val Chisone. Cela permet d&rsquo;admirer de<strong> splendides panoramas<\/strong> sur la plaine et les vall\u00e9es. Au retour, on peut suivre d&rsquo;anciens chemins muletiers et de tranquilles routes secondaires dans les zones vallonn\u00e9es d&rsquo;<strong>Angrogna<\/strong>, <strong>Luserna<\/strong> et <strong>Brincherasio<\/strong>, d&rsquo;o\u00f9 il est possible d&rsquo;admirer d&rsquo;en haut les villages du bas de la vall\u00e9e.<\/p>\n\n\n\n<p>Long du parcours de <strong>38 kilom\u00e8tres<\/strong>, on peut arriver \u00e0 Casa Payer, une maison de campagna ger\u00e9e par des v\u00e9g\u00e9taliens. Entour\u00e9e par la for\u00eat, cette <strong>ferme en pierre<\/strong> a \u00e9t\u00e9 r\u00e9nov\u00e9e &nbsp;en b\u00e2timent \u00e9cologique avec des mat\u00e9riaux locaux. Elle nous impressionne imm\u00e9diatement par son <strong>atmosph\u00e8re suggestive<\/strong> et charmante. <\/p>\n\n\n\n<h2>Casa Payer, une pause verte dans le Val Pellice<\/h2>\n\n\n\n<p>Il s&rsquo;agit avant tout du projet de vie de Luca et Paola. Apr\u00e8s leur voyage en Inde, ils ont d\u00e9cid\u00e9 de vivre dans la nature et de mener une <strong>vie rurale<\/strong>. C&rsquo;est l\u00e0 qu&rsquo;est n\u00e9e l&rsquo;id\u00e9e de partager ce mode de vie avec les h\u00f4tes et les voyageurs, en proposant une offre de <strong>tourisme relationnel<\/strong>. Cela comprend des <strong>s\u00e9jours \u00e9co-durables<\/strong> et une <strong>cuisine v\u00e9g\u00e9tale<\/strong> faite maison. <\/p>\n\n\n\n<figure class=\"wp-block-image size-full is-resized\"><img src=\"https:\/\/ecobnb.fr\/blog\/app\/uploads\/sites\/7\/2023\/07\/amaca-casa-payer.png\" alt=\"hamac pour se d\u00e9tendre chez Casa Payer\" class=\"wp-image-3925\" width=\"840\" height=\"470\"\/><\/figure>\n\n\n\n<p> <\/p>\n\n\n\n<figure class=\"wp-container-4 wp-block-gallery-3 wp-block-gallery has-nested-images columns-default is-cropped\">\n<figure class=\"wp-block-image size-full\"><img width=\"536\" height=\"357\" data-id=\"3927\"  src=\"https:\/\/ecobnb.fr\/blog\/app\/uploads\/sites\/7\/2023\/07\/jardin-casa-payer.jpg\" alt=\"plants chez Casa Payer\" class=\"wp-image-3927\" srcset=\"https:\/\/ecobnb.fr\/blog\/app\/uploads\/sites\/7\/2023\/07\/jardin-casa-payer.jpg 536w, https:\/\/ecobnb.fr\/blog\/app\/uploads\/sites\/7\/2023\/07\/jardin-casa-payer-344x229.jpg 344w\" sizes=\"(max-width: 536px) 100vw, 536px\" \/><\/figure>\n<\/figure>\n\n\n\n<figure class=\"wp-container-6 wp-block-gallery-5 wp-block-gallery has-nested-images columns-default is-cropped\">\n<figure class=\"wp-block-image size-full\"><img width=\"536\" height=\"357\" data-id=\"3928\"  src=\"https:\/\/ecobnb.fr\/blog\/app\/uploads\/sites\/7\/2023\/07\/52f581ee-1d9d-443d-b110-f14bd00f5ce4_CIBO-HUMMUS-E-NASTURZI-536x357-1.jpg\" alt=\"cuisine v\u00e9g\u00e9tale chez Casa Payer\" class=\"wp-image-3928\" srcset=\"https:\/\/ecobnb.fr\/blog\/app\/uploads\/sites\/7\/2023\/07\/52f581ee-1d9d-443d-b110-f14bd00f5ce4_CIBO-HUMMUS-E-NASTURZI-536x357-1.jpg 536w, https:\/\/ecobnb.fr\/blog\/app\/uploads\/sites\/7\/2023\/07\/52f581ee-1d9d-443d-b110-f14bd00f5ce4_CIBO-HUMMUS-E-NASTURZI-536x357-1-344x229.jpg 344w\" sizes=\"(max-width: 536px) 100vw, 536px\" \/><\/figure>\n<\/figure>\n\n\n\n<figure class=\"wp-container-8 wp-block-gallery-7 wp-block-gallery has-nested-images columns-default is-cropped\">\n<figure class=\"wp-block-image size-large\"><img width=\"536\" height=\"357\" data-id=\"3942\"  src=\"https:\/\/ecobnb.fr\/blog\/app\/uploads\/sites\/7\/2023\/07\/589edae5-0e97-466c-9d0e-c825b13a12d0_DSCF2105-536x357-2.jpg\" alt=\"magnifiques panoramas chez Casa Payer\" class=\"wp-image-3942\" srcset=\"https:\/\/ecobnb.fr\/blog\/app\/uploads\/sites\/7\/2023\/07\/589edae5-0e97-466c-9d0e-c825b13a12d0_DSCF2105-536x357-2.jpg 536w, https:\/\/ecobnb.fr\/blog\/app\/uploads\/sites\/7\/2023\/07\/589edae5-0e97-466c-9d0e-c825b13a12d0_DSCF2105-536x357-2-344x229.jpg 344w\" sizes=\"(max-width: 536px) 100vw, 536px\" \/><\/figure>\n<\/figure>\n\n\n\n<p>Les efforts pour r\u00e9duire l&rsquo;impact environnemental de la maison sont vraiment importants. En effet, les h\u00f4tes on tout d&rsquo;abord r\u00e9cup\u00e9r\u00e9 une maison existante afin de ne pas consommer plus de terrain. De plus, ils ont install\u00e9 des planchers drainants autour du b\u00e2timent et ils ont investi dans une r\u00e9novation totalement naturelle et dans des<strong> syst\u00e8mes de r\u00e9cup\u00e9ration de l&rsquo;eau de pluie<\/strong>. Ils prennent \u00e9galement soin de la for\u00eat qui les entoure. Ils y obtiennent du <strong>bois<\/strong> pour<strong> cuire le pain <\/strong>et<strong> chauffer l&rsquo;eau et la maison<\/strong>. L&rsquo;\u00e9lectricit\u00e9 provient exclusivement de <strong>sources renovelables<\/strong>. Les produits de soin personnelle et de nettoyage sont \u00e9cologiques et v\u00e9g\u00e9taliens. <\/p>\n\n\n\n<p>Les espaces sont amples et \u00e0 d\u00e9couvrir: le <strong>carr\u00e9 potager<\/strong>, les <strong>jardins<\/strong>, le <strong>solarium&#8230; <\/strong>Et aussi &nbsp;la for\u00eat de bouleaux avec ses <strong>hamacs<\/strong>, le grand h\u00eatre, le four et la vaste salle panoramique id\u00e9ale pour pratiquer le yoga. Les chambres sont toutes dot\u00e9es d&rsquo;un acc\u00e8s ind\u00e9pendant, d&rsquo;une salle de bain et d&rsquo;une terrasse. En y s\u00e9journant, nous pouvons passer des vacances lentes et l\u00e9g\u00e8res en coontact \u00e9troit avec la nature la plus sauvage. On peut explorer le ruisseau \u00e0 proximit\u00e9, vivre pleinement le charme de la for\u00eat, respirer dans le silence. Mais aussi participer \u00e0 la panification avec le levain en compagnie d&rsquo;autres personnes et d\u00e9couvrir les bienfaits d&rsquo;un d\u00eener \u00e0 base de l\u00e9gumes. <\/p>\n\n\n\n<p>UpSlowTour et Casa Payer nous font vivre une <strong>exp\u00e9rience unique<\/strong> \u00e0 la d\u00e9couverte du Val Pellice, de sa nature, sa culture et ses traditions. De mani\u00e8re authentique et durable. <\/p>\n\n\n\n<p><\/p>\n","protected":false},"excerpt":{"rendered":"<p>La magnifique r\u00e9gion montagneuse de Pinerolo, au c\u0153ur des Alpes Cottiennes, offre aux voyageurs, et plus pr\u00e9cis\u00e9ment aux amateurs de v\u00e9lo, une nouvelle initiative qui promeut un tourisme durable et lent. Le portail UpSlowTour est un projet passionnant, lanc\u00e9 r\u00e9cemment par l&rsquo;Unione Montana del Pinerolese. Il invite les amateurs de plein air \u00e0 d\u00e9couvrir la [&hellip;]<\/p>\n","protected":false},"author":175,"featured_media":3915,"comment_status":"closed","ping_status":"closed","sticky":false,"template":"","format":"standard","meta":[],"categories":[197,196,199,202],"tags":[406,72,18,405],"acf":[],"yoast_head":"<!-- This site is optimized with the Yoast SEO plugin v19.9 - https:\/\/yoast.com\/wordpress\/plugins\/seo\/ -->\n<title>UpSlowTour et Casa Payer: le Val Pellice \u00e0 un rythme lent - Ecobnb<\/title>\n<meta name=\"description\" content=\"UpSlowTour et Casa Payer nous font vivre une exp\u00e9rience verte \u00e0 la d\u00e9couverte du Val Pellice, de sa nature, sa culture et ses traditions.\" \/>\n<meta name=\"robots\" content=\"index, follow, max-snippet:-1, max-image-preview:large, max-video-preview:-1\" \/>\n<link rel=\"canonical\" href=\"https:\/\/ecobnb.fr\/blog\/2023\/07\/upslowtour-casa-payer-val-pellice\/\" \/>\n<meta property=\"og:locale\" content=\"fr_FR\" \/>\n<meta property=\"og:type\" content=\"article\" \/>\n<meta property=\"og:title\" content=\"UpSlowTour et Casa Payer: le Val Pellice \u00e0 un rythme lent - Ecobnb\" \/>\n<meta property=\"og:description\" content=\"UpSlowTour et Casa Payer nous font vivre une exp\u00e9rience verte \u00e0 la d\u00e9couverte du Val Pellice, de sa nature, sa culture et ses traditions.\" \/>\n<meta property=\"og:url\" content=\"https:\/\/ecobnb.fr\/blog\/2023\/07\/upslowtour-casa-payer-val-pellice\/\" \/>\n<meta property=\"og:site_name\" content=\"Ecobnb\" \/>\n<meta property=\"article:published_time\" content=\"2023-07-15T13:33:58+00:00\" \/>\n<meta property=\"article:modified_time\" content=\"2023-07-15T13:35:42+00:00\" \/>\n<meta property=\"og:image\" content=\"https:\/\/ecobnb.fr\/blog\/app\/uploads\/sites\/7\/2023\/07\/bici-copertina.jpeg\" \/>\n\t<meta property=\"og:image:width\" content=\"1170\" \/>\n\t<meta property=\"og:image:height\" content=\"490\" \/>\n\t<meta property=\"og:image:type\" content=\"image\/jpeg\" \/>\n<meta name=\"author\" content=\"Amanda Passerini\" \/>\n<meta name=\"twitter:card\" content=\"summary_large_image\" \/>\n<meta name=\"twitter:label1\" content=\"Written by\" \/>\n\t<meta name=\"twitter:data1\" content=\"Amanda Passerini\" \/>\n\t<meta name=\"twitter:label2\" content=\"Est. reading time\" \/>\n\t<meta name=\"twitter:data2\" content=\"6 minutes\" \/>\n<!-- \/ Yoast SEO plugin. -->","yoast_head_json":{"title":"UpSlowTour et Casa Payer: le Val Pellice \u00e0 un rythme lent - Ecobnb","description":"UpSlowTour et Casa Payer nous font vivre une exp\u00e9rience verte \u00e0 la d\u00e9couverte du Val Pellice, de sa nature, sa culture et ses traditions.","robots":{"index":"index","follow":"follow","max-snippet":"max-snippet:-1","max-image-preview":"max-image-preview:large","max-video-preview":"max-video-preview:-1"},"canonical":"https:\/\/ecobnb.fr\/blog\/2023\/07\/upslowtour-casa-payer-val-pellice\/","og_locale":"fr_FR","og_type":"article","og_title":"UpSlowTour et Casa Payer: le Val Pellice \u00e0 un rythme lent - Ecobnb","og_description":"UpSlowTour et Casa Payer nous font vivre une exp\u00e9rience verte \u00e0 la d\u00e9couverte du Val Pellice, de sa nature, sa culture et ses traditions.","og_url":"https:\/\/ecobnb.fr\/blog\/2023\/07\/upslowtour-casa-payer-val-pellice\/","og_site_name":"Ecobnb","article_published_time":"2023-07-15T13:33:58+00:00","article_modified_time":"2023-07-15T13:35:42+00:00","og_image":[{"width":1170,"height":490,"url":"https:\/\/ecobnb.fr\/blog\/app\/uploads\/sites\/7\/2023\/07\/bici-copertina.jpeg","type":"image\/jpeg"}],"author":"Amanda Passerini","twitter_card":"summary_large_image","twitter_misc":{"Written by":"Amanda Passerini","Est. reading time":"6 minutes"},"schema":{"@context":"https:\/\/schema.org","@graph":[{"@type":"WebPage","@id":"https:\/\/ecobnb.fr\/blog\/2023\/07\/upslowtour-casa-payer-val-pellice\/","url":"https:\/\/ecobnb.fr\/blog\/2023\/07\/upslowtour-casa-payer-val-pellice\/","name":"UpSlowTour et Casa Payer: le Val Pellice \u00e0 un rythme lent - Ecobnb","isPartOf":{"@id":"https:\/\/ecobnb.fr\/blog\/#website"},"datePublished":"2023-07-15T13:33:58+00:00","dateModified":"2023-07-15T13:35:42+00:00","author":{"@id":"https:\/\/ecobnb.fr\/blog\/#\/schema\/person\/8483f31652d7fa5b2e9f0751b6b3c655"},"description":"UpSlowTour et Casa Payer nous font vivre une exp\u00e9rience verte \u00e0 la d\u00e9couverte du Val Pellice, de sa nature, sa culture et ses traditions.","breadcrumb":{"@id":"https:\/\/ecobnb.fr\/blog\/2023\/07\/upslowtour-casa-payer-val-pellice\/#breadcrumb"},"inLanguage":"fr-FR","potentialAction":[{"@type":"ReadAction","target":["https:\/\/ecobnb.fr\/blog\/2023\/07\/upslowtour-casa-payer-val-pellice\/"]}]},{"@type":"BreadcrumbList","@id":"https:\/\/ecobnb.fr\/blog\/2023\/07\/upslowtour-casa-payer-val-pellice\/#breadcrumb","itemListElement":[{"@type":"ListItem","position":1,"name":"Home","item":"https:\/\/ecobnb.fr\/blog\/"},{"@type":"ListItem","position":2,"name":"UpSlowTour et Casa Payer: le Val Pellice \u00e0 un rythme lent"}]},{"@type":"WebSite","@id":"https:\/\/ecobnb.fr\/blog\/#website","url":"https:\/\/ecobnb.fr\/blog\/","name":"Ecobnb","description":"Find sustainable accommodation","potentialAction":[{"@type":"SearchAction","target":{"@type":"EntryPoint","urlTemplate":"https:\/\/ecobnb.fr\/blog\/?s={search_term_string}"},"query-input":"required name=search_term_string"}],"inLanguage":"fr-FR"},{"@type":"Person","@id":"https:\/\/ecobnb.fr\/blog\/#\/schema\/person\/8483f31652d7fa5b2e9f0751b6b3c655","name":"Amanda Passerini","image":{"@type":"ImageObject","inLanguage":"fr-FR","@id":"https:\/\/ecobnb.fr\/blog\/#\/schema\/person\/image\/","url":"https:\/\/secure.gravatar.com\/avatar\/24dbaeaf502c91eeca41d0f988399c22?s=96&d=monsterid&r=g","contentUrl":"https:\/\/secure.gravatar.com\/avatar\/24dbaeaf502c91eeca41d0f988399c22?s=96&d=monsterid&r=g","caption":"Amanda Passerini"},"url":"https:\/\/ecobnb.fr\/blog\/author\/amanda\/"}]}},"_links":{"self":[{"href":"https:\/\/ecobnb.fr\/blog\/wp-json\/wp\/v2\/posts\/3912"}],"collection":[{"href":"https:\/\/ecobnb.fr\/blog\/wp-json\/wp\/v2\/posts"}],"about":[{"href":"https:\/\/ecobnb.fr\/blog\/wp-json\/wp\/v2\/types\/post"}],"author":[{"embeddable":true,"href":"https:\/\/ecobnb.fr\/blog\/wp-json\/wp\/v2\/users\/175"}],"replies":[{"embeddable":true,"href":"https:\/\/ecobnb.fr\/blog\/wp-json\/wp\/v2\/comments?post=3912"}],"version-history":[{"count":28,"href":"https:\/\/ecobnb.fr\/blog\/wp-json\/wp\/v2\/posts\/3912\/revisions"}],"predecessor-version":[{"id":3952,"href":"https:\/\/ecobnb.fr\/blog\/wp-json\/wp\/v2\/posts\/3912\/revisions\/3952"}],"wp:featuredmedia":[{"embeddable":true,"href":"https:\/\/ecobnb.fr\/blog\/wp-json\/wp\/v2\/media\/3915"}],"wp:attachment":[{"href":"https:\/\/ecobnb.fr\/blog\/wp-json\/wp\/v2\/media?parent=3912"}],"wp:term":[{"taxonomy":"category","embeddable":true,"href":"https:\/\/ecobnb.fr\/blog\/wp-json\/wp\/v2\/categories?post=3912"},{"taxonomy":"post_tag","embeddable":true,"href":"https:\/\/ecobnb.fr\/blog\/wp-json\/wp\/v2\/tags?post=3912"}],"curies":[{"name":"wp","href":"https:\/\/api.w.org\/{rel}","templated":true}]}}