{"id":3954,"date":"2023-07-30T18:08:44","date_gmt":"2023-07-30T18:08:44","guid":{"rendered":"https:\/\/ecobnb.fr\/blog\/?p=3954"},"modified":"2023-08-07T14:00:22","modified_gmt":"2023-08-07T14:00:22","slug":"planter-arbres-creer-forets-seculaires","status":"publish","type":"post","link":"https:\/\/ecobnb.fr\/blog\/2023\/07\/planter-arbres-creer-forets-seculaires\/","title":{"rendered":"Planter des arbres ne nous sauvera pas, cr\u00e9er des  for\u00eats s\u00e9culaires le fera peut-\u00eatre"},"content":{"rendered":"\n<p>La <strong>plantation d&rsquo;arbres<\/strong> et la <strong>cr\u00e9ation de for\u00eats <\/strong>sont des sujets toujours plus actuels. Les arbres symbolisent l&rsquo;espoir, la r\u00e9g\u00e9n\u00e9ration et la transformation. Les plantes sont de plus en plus pr\u00e9sent\u00e9es comme une solution simple, relativement de bas co\u00fbt et facile \u00e0 appliquer pour <strong>enrayer le changement climatique<\/strong>. Mais la plantation d&rsquo;arbres peut-elle vraiment nous sauver?<\/p>\n\n\n\n<p>Nous savons que la plantation d&rsquo;arbres a de nombreaux bienfaits, mais cela ne semble pas suffisant pour arr\u00eater le changement climatique en cours. <a href=\"https:\/\/www.sciencenews.org\/article\/planting-trees-climate-change-carbon-capture-deforestation\" target=\"_blank\" rel=\"noreferrer noopener\">Les experts affirment <\/a>que pour arr\u00eater le r\u00e9chauffement climatique on doit sauver et accro\u00eetre les for\u00eats. On devrait<strong> cr\u00e9er des for\u00eats<\/strong> qui puissent devenir s\u00e9culaires et des <strong>\u00e9cosyst\u00e8mes<\/strong> qui soient des tr\u00e9sors de biodiversit\u00e9. Voyons pourquoi.<\/p>\n\n\n\n<h2>Est-ce que la plantation d&rsquo;arbres peut sauver la plan\u00e8te?<\/h2>\n\n\n\n<figure class=\"wp-block-image size-large is-resized\"><img src=\"https:\/\/ecobnb.fr\/blog\/app\/uploads\/sites\/7\/2023\/07\/e87c7613-a816-46ac-9131-b52953533153-870x490-1-1-870x490.jpeg\" alt=\"For\u00eat dans la province de Savone. Planter des arbres ne nous sauvera pas, cr\u00e9er des  for\u00eats s\u00e9culaires le fera peut-\u00eatre\" class=\"wp-image-3959\" width=\"870\" height=\"490\" srcset=\"https:\/\/ecobnb.fr\/blog\/app\/uploads\/sites\/7\/2023\/07\/e87c7613-a816-46ac-9131-b52953533153-870x490-1-1.jpeg 870w, https:\/\/ecobnb.fr\/blog\/app\/uploads\/sites\/7\/2023\/07\/e87c7613-a816-46ac-9131-b52953533153-870x490-1-1-536x302.jpeg 536w, https:\/\/ecobnb.fr\/blog\/app\/uploads\/sites\/7\/2023\/07\/e87c7613-a816-46ac-9131-b52953533153-870x490-1-1-768x433.jpeg 768w, https:\/\/ecobnb.fr\/blog\/app\/uploads\/sites\/7\/2023\/07\/e87c7613-a816-46ac-9131-b52953533153-870x490-1-1-570x320.jpeg 570w, https:\/\/ecobnb.fr\/blog\/app\/uploads\/sites\/7\/2023\/07\/e87c7613-a816-46ac-9131-b52953533153-870x490-1-1-344x194.jpeg 344w\" sizes=\"(max-width: 870px) 100vw, 870px\" \/><figcaption>For\u00eat dans la province de Savone, Italie, photo via Ecobnb<\/figcaption><\/figure>\n\n\n\n<p>Les arbres sont effectivement d&rsquo;une grande aide pour \u00e9liminer les \u00e9missions de CO2 d&rsquo;origine humaine. Gr\u00e2ce \u00e0 la photosynth\u00e8se, les plants sont capables d&rsquo;extraire le dioxide de carbone de l&rsquo;air. Ensuite, elles l&rsquo;utilisent pour faire pousser leurs feuilles, leurs branches et leurs racines. Le sol de la for\u00eat lui-m\u00eame peut stocker le carbone et cr\u00e9er ainsi un v\u00e9ritable r\u00e9servoir de CO2.<\/p>\n\n\n\n<p> Selon une<a href=\"https:\/\/www.nature.com\/articles\/nature14967\" target=\"_blank\" rel=\"noreferrer noopener\"> \u00e9tude scientifique<\/a>, la Terre contient plus de <a href=\"https:\/\/www.science.org\/content\/article\/earth-home-3-trillion-trees-half-many-when-human-civilization-arose\" target=\"_blank\" rel=\"noreferrer noopener\">3 trillions d&rsquo;arbres<\/a>. Cela serait environ la moiti\u00e9 du nombre d&rsquo;arbres qui existaient sur la plan\u00e8te avant le d\u00e9veloppement de la civilisation humaine.<\/p>\n\n\n\n<p>Et alors que les for\u00eats s\u00e9culaires, comme celle amazonienne, continuent d&rsquo;\u00eatre d\u00e9grad\u00e9es par la d\u00e9forestation, partout des <strong>initiatives<\/strong> viennent <strong>pour planter<\/strong> des milliers, des millions, voire des trillions d&rsquo;arbres.<\/p>\n\n\n\n<p>Au niveau international les gouvernements et les entreprises s&rsquo;int\u00e9ressent de plus en plus aux projets ambitieux de plantation. Ces projets ont le double objectif de <strong>compenser les \u00e9missions actuelles<\/strong> et d&rsquo;<strong>absorber les gaz \u00e0 effet de serre <\/strong>pi\u00e9g\u00e9s dans l&rsquo;atmosph\u00e8re depuis des d\u00e9cennies ou plus.<\/p>\n\n\n\n<p>Toutefois, la r\u00e9alit\u00e9 est plus complexe qu&rsquo;il n&rsquo;y para\u00eet. Selon les experts, se limiter \u00e0 <strong>planter un grand nombre d&rsquo;arbres<\/strong> ne nous sauvera pas du changement climatique. Il est important de savoir pourquoi.<\/p>\n\n\n\n<h2>Les faiblesses des programmes de plantation<\/h2>\n\n\n\n<figure class=\"wp-block-image size-large\"><img width=\"870\" height=\"490\" src=\"https:\/\/ecobnb.fr\/blog\/app\/uploads\/sites\/7\/2023\/07\/monocultura-2-870x490.jpg\" alt=\"monoculture\" class=\"wp-image-3962\" srcset=\"https:\/\/ecobnb.fr\/blog\/app\/uploads\/sites\/7\/2023\/07\/monocultura-2.jpg 870w, https:\/\/ecobnb.fr\/blog\/app\/uploads\/sites\/7\/2023\/07\/monocultura-2-536x302.jpg 536w, https:\/\/ecobnb.fr\/blog\/app\/uploads\/sites\/7\/2023\/07\/monocultura-2-768x433.jpg 768w, https:\/\/ecobnb.fr\/blog\/app\/uploads\/sites\/7\/2023\/07\/monocultura-2-570x320.jpg 570w, https:\/\/ecobnb.fr\/blog\/app\/uploads\/sites\/7\/2023\/07\/monocultura-2-344x194.jpg 344w\" sizes=\"(max-width: 870px) 100vw, 870px\" \/><figcaption>Photo via Canva PRO<\/figcaption><\/figure>\n\n\n\n<p>Les <em>programmes de plantation les plus populaires<\/em> plantent des arbres, puis les coupent apr\u00e8s 20-25 ans. Il s&rsquo;agit d&rsquo;initiatives telles que FSC et PEFC, qui permettent de mon\u00e9tiser deux fois la plante:<\/p>\n\n\n\n<ul><li><strong>en tant que compensation<\/strong>: lorsque l&rsquo;arbre est plant\u00e9, il est vendu en tant que arbre plant\u00e9 pour compenser les \u00e9missions de CO2 d&rsquo;origine humaine;<\/li><li><strong>en tant que bois<\/strong>: apr\u00e8s 20-25 ans l&rsquo;arbre est coup\u00e9 et vendu. De cette fa\u00e7on on mon\u00e9tise encore la plante.<\/li><\/ul>\n\n\n\n<figure class=\"wp-block-image size-large\"><img width=\"870\" height=\"490\" src=\"https:\/\/ecobnb.fr\/blog\/app\/uploads\/sites\/7\/2023\/07\/taglio-alberi-1-870x490.jpg\" alt=\"couper les arbres et les vendre en tant que bois\" class=\"wp-image-3964\" srcset=\"https:\/\/ecobnb.fr\/blog\/app\/uploads\/sites\/7\/2023\/07\/taglio-alberi-1.jpg 870w, https:\/\/ecobnb.fr\/blog\/app\/uploads\/sites\/7\/2023\/07\/taglio-alberi-1-536x302.jpg 536w, https:\/\/ecobnb.fr\/blog\/app\/uploads\/sites\/7\/2023\/07\/taglio-alberi-1-768x433.jpg 768w, https:\/\/ecobnb.fr\/blog\/app\/uploads\/sites\/7\/2023\/07\/taglio-alberi-1-570x320.jpg 570w, https:\/\/ecobnb.fr\/blog\/app\/uploads\/sites\/7\/2023\/07\/taglio-alberi-1-344x194.jpg 344w\" sizes=\"(max-width: 870px) 100vw, 870px\" \/><figcaption>Photo via Canva PRO<\/figcaption><\/figure>\n\n\n\n<p>Ces programmes de plantation ne sont pas suffisantes pour faire face \u00e0 la grave crise climatique actuelle.<\/p>\n\n\n\n<p>Quand un arbre est abattu, tout le CO2 qu&rsquo;il a absorb\u00e9 au cours de ses 20-25 ans de vie est <strong>lib\u00e9r\u00e9 dans l&rsquo;atmosph\u00e8re<\/strong>. L&rsquo;effort fait pour compenser les \u00e9missions de CO2 est donc perdu. <\/p>\n\n\n\n<h2>Combien de CO2 un arbre peut-il absorber?<\/h2>\n\n\n\n<figure class=\"wp-block-image size-large\"><img width=\"870\" height=\"490\" src=\"https:\/\/ecobnb.fr\/blog\/app\/uploads\/sites\/7\/2023\/07\/alberi-1-870x490.jpg\" alt=\"arbres\" class=\"wp-image-3968\" srcset=\"https:\/\/ecobnb.fr\/blog\/app\/uploads\/sites\/7\/2023\/07\/alberi-1.jpg 870w, https:\/\/ecobnb.fr\/blog\/app\/uploads\/sites\/7\/2023\/07\/alberi-1-536x302.jpg 536w, https:\/\/ecobnb.fr\/blog\/app\/uploads\/sites\/7\/2023\/07\/alberi-1-768x433.jpg 768w, https:\/\/ecobnb.fr\/blog\/app\/uploads\/sites\/7\/2023\/07\/alberi-1-570x320.jpg 570w, https:\/\/ecobnb.fr\/blog\/app\/uploads\/sites\/7\/2023\/07\/alberi-1-344x194.jpg 344w\" sizes=\"(max-width: 870px) 100vw, 870px\" \/><figcaption>Quantit\u00e9 de CO2 qu&rsquo;un arbre peut absorber<\/figcaption><\/figure>\n\n\n\n<p>Les arbres am\u00e9lorient notre vie \u00e0 plusieurs \u00e9gards, et lorsqu&rsquo;on pense \u00e0 leurs <strong>bienfaits<\/strong> on pense imm\u00e9diatement au mot &laquo;&nbsp;<strong>photosynth\u00e8se<\/strong>&laquo;&nbsp;. L&rsquo;\u00e9change gazeux d&rsquo;anhydride carbonique et d&rsquo;oxyg\u00e8ne qui a rendu notre atmosph\u00e8re respirable et qui transforme le CO2 en bois comme per magie chaque jour.<\/p>\n\n\n\n<p>Les poumons de la Terre, c&rsquo;est-\u00e0-dire les vastes aires bois\u00e9es des tropiques et des zones bor\u00e9ales, sont capables d&rsquo;absorber \u00e0 eux seuls<strong> 25 \u00e0 30% de nos \u00e9missions de CO2<\/strong>.<\/p>\n\n\n\n<p>Toutefois, la quantit\u00e9 de carbone stock\u00e9e dans les for\u00eats varie en fonction de leur \u00e2ge et de leur <strong>gestion<\/strong>. De plus, le carbone stock\u00e9 dans les arbres et dans le sol retourne dans l&rsquo;atmosph\u00e8re lorsque les plantes sont abattues et meurent.<\/p>\n\n\n\n<p>Un <strong>arbre<\/strong> de taille moyenne peut absorber <strong>10 \u00e0 20 kg de CO2 chaque an<\/strong>. Toutefois, cele n&rsquo;est vrai que lorsque l&rsquo;arbre est adulte et vit dans de bonnes conditions.<\/p>\n\n\n\n<p>C&rsquo;est pourquoi, par exemple, les arbres dans les for\u00eats italiennes, qui ne sont pas tr\u00e8s vieux, n&rsquo;absorbent que<strong> 2 kg de Co2<\/strong> par an en moyenne. De plus, beaucoup d&rsquo;entre eux meurent \u00e0 cause d&rsquo;une mauvaise entretien ou du stress climatique.<\/p>\n\n\n\n<h2>La plantation d&rsquo;arbres n&rsquo;est pas suffisante<\/h2>\n\n\n\n<figure class=\"wp-block-image size-large\"><img width=\"870\" height=\"490\" src=\"https:\/\/ecobnb.fr\/blog\/app\/uploads\/sites\/7\/2023\/07\/piantare-alberi-non-basta-1-870x490.jpg\" alt=\"la plantation d'arbres n'est pas suffisante\" class=\"wp-image-3982\" srcset=\"https:\/\/ecobnb.fr\/blog\/app\/uploads\/sites\/7\/2023\/07\/piantare-alberi-non-basta-1.jpg 870w, https:\/\/ecobnb.fr\/blog\/app\/uploads\/sites\/7\/2023\/07\/piantare-alberi-non-basta-1-536x302.jpg 536w, https:\/\/ecobnb.fr\/blog\/app\/uploads\/sites\/7\/2023\/07\/piantare-alberi-non-basta-1-768x433.jpg 768w, https:\/\/ecobnb.fr\/blog\/app\/uploads\/sites\/7\/2023\/07\/piantare-alberi-non-basta-1-570x320.jpg 570w, https:\/\/ecobnb.fr\/blog\/app\/uploads\/sites\/7\/2023\/07\/piantare-alberi-non-basta-1-344x194.jpg 344w\" sizes=\"(max-width: 870px) 100vw, 870px\" \/><figcaption>Photo via Canva PRO<\/figcaption><\/figure>\n\n\n\n<p>Selon les scientifiques, la plantation de milliards d&rsquo;arbres partout dans le monde est l&rsquo;un des moyens les plus efficaces et les moins chers d&rsquo;\u00e9liminer le CO2 de l&rsquo;atmosph\u00e8re et faire face \u00e0 la crise climatique. Mais tout n&rsquo;est pas aussi simple et \u00e9vident qu&rsquo;il n&rsquo;y para\u00eet&#8230;.En fait, la plantation d&rsquo;arbres dissimule des <strong>pi\u00e8ges<\/strong>:<\/p>\n\n\n\n<ul><li><a href=\"https:\/\/news.stanford.edu\/2020\/06\/22\/planting-trees-threatens-forest\/\" target=\"_blank\" rel=\"noreferrer noopener\">Selon une \u00e9tude de l&rsquo;Uiversit\u00e9 de Stanford<\/a>, qui a analys\u00e9 la plantation d&rsquo;arbres et le boisement (ou la cr\u00e9ation de nouvelles for\u00eats) au Chili, si la plantation d&rsquo;arbres ne respecte pas certains crit\u00e8res, elle peut \u00eatre plus nocive que b\u00e9n\u00e9fique, en provoquant une perte de biodiversit\u00e9 et une augmentation de carbone. Dans le cas du Chili, par exemple, la <strong>surface des for\u00eats <\/strong>avec une pr\u00e9valence <strong>d&rsquo;arbres fruitiers a augment\u00e9 <\/strong>entre 1974 et 2012, lorsque<strong> celle des for\u00eats indig\u00e8nes<\/strong> (l&rsquo;un des plus importants r\u00e9servoirs de carbone de la plan\u00e8te) <strong>a diminu\u00e9<\/strong>.<\/li><li>Une autre \u00e9tude s&rsquo;est concentr\u00e9 sur un programme de boisement du <em>D\u00e9fi de Bonne<\/em> visant \u00e0 restaurer 350 millions d&rsquo;hectares de for\u00eats d\u00e9grad\u00e9es. Il a montr\u00e9 que des <strong>monocultures<\/strong>, telles que des arbres fruitiers ou \u00e0 caoutchouc, \u00e9taient plant\u00e9es sur 80 % des terres. Cela a caus\u00e9 une <strong>perte de biodiversit\u00e9<\/strong> et une diminution de la quantit\u00e9 de CO2 stock\u00e9e par les arbres.<\/li><\/ul>\n\n\n\n<h2>Comment cultiver des for\u00eats saines<\/h2>\n\n\n\n<figure class=\"wp-block-image size-large\"><img width=\"870\" height=\"490\" src=\"https:\/\/ecobnb.fr\/blog\/app\/uploads\/sites\/7\/2023\/07\/foresta-sana-1-870x490.jpg\" alt=\"Planter des arbres ne nous sauvera pas, cr\u00e9er des  for\u00eats s\u00e9culaires le fera peut-\u00eatre\" class=\"wp-image-3986\" srcset=\"https:\/\/ecobnb.fr\/blog\/app\/uploads\/sites\/7\/2023\/07\/foresta-sana-1.jpg 870w, https:\/\/ecobnb.fr\/blog\/app\/uploads\/sites\/7\/2023\/07\/foresta-sana-1-536x302.jpg 536w, https:\/\/ecobnb.fr\/blog\/app\/uploads\/sites\/7\/2023\/07\/foresta-sana-1-768x433.jpg 768w, https:\/\/ecobnb.fr\/blog\/app\/uploads\/sites\/7\/2023\/07\/foresta-sana-1-570x320.jpg 570w, https:\/\/ecobnb.fr\/blog\/app\/uploads\/sites\/7\/2023\/07\/foresta-sana-1-344x194.jpg 344w\" sizes=\"(max-width: 870px) 100vw, 870px\" \/><figcaption>Une for\u00eat saine, photo via Canva PRO<\/figcaption><\/figure>\n\n\n\n<p>La premi\u00e8re \u00e9tape essentielle pour cultiver une for\u00eat saine est le choix des <strong>bonnes esp\u00e8ces<\/strong>. Il est non seulement important de planter des arbres, mais aussi de <strong>choisir des esp\u00e8ces indig\u00e8nes <\/strong>et de les planter en m\u00e9lange afin de ne pas cr\u00e9er de monocultures. Cela permet de cultutiver une for\u00eat saine qui soit capable de r\u00e9sister aux <strong>pressions climatiques <\/strong>et de capturer le CO2 au profit de l&rsquo;environnement et de la soci\u00e9t\u00e9.<\/p>\n\n\n\n<h2>Pourquoi il est n\u00e9cessaire de cr\u00e9er des for\u00eats s\u00e9culaires<\/h2>\n\n\n\n<p>La<strong> dur\u00e9e de vie d&rsquo;un arbre<\/strong> europ\u00e9en se situe entre 300 et 500 ans. Sa capacit\u00e9 d&rsquo;absorption et de stockage du CO2 varie consid\u00e9rablement dans le temps.<\/p>\n\n\n\n<figure class=\"wp-block-image size-full is-resized\"><img src=\"https:\/\/ecobnb.fr\/blog\/app\/uploads\/sites\/7\/2023\/07\/NCASI22_Forest_Carbon_YoungVsOld_R9.indd_-1.png\" alt=\"capacit\u00e9 des arbres \u00e0 absorber et stocker le CO2\" class=\"wp-image-3990\" width=\"870\" height=\"490\"\/><figcaption>La capacit\u00e9 des arbres \u00e0 absorber et stocker le CO2 augemente de fa\u00e7on exponentielle au cours des 50 \u00e0 250 premi\u00e8res ann\u00e9es de vie de la plante<\/figcaption><\/figure>\n\n\n\n<p>Dans l&rsquo;infographie, on peu voir la capacit\u00e9 d&rsquo;une plante \u00e0 capturer le dioxide de carbone de l&rsquo;atmosph\u00e8re. Elle atteinte sa capacit\u00e9 maximale lorsqu&rsquo;elle a plus de 50 ans. Par contre, la capacit\u00e9 de <strong>stockage du dioxide de carbon<\/strong>e est maximale lorsque l&rsquo;arbre a plus de <strong>deux cents ans<\/strong>.<\/p>\n\n\n\n<p>Abattre un arbre lorsqu&rsquo;il n&rsquo;a que 20 ou 25 ans entra\u00eene la perte de son potentiel maximal de capture et de stockage des gaz \u00e0 effet de serre, en les \u00e9liminant de l&rsquo;atmosph\u00e8re.<\/p>\n\n\n\n<p>Les <strong>for\u00eats aux arbres centenaires <\/strong>et les for\u00eats vi\u00e8rges sont les plus importantes pour les \u00e9cosyst\u00e8mes. L&rsquo;une d&rsquo;entre elles est la <strong>for\u00eat amazonienne<\/strong>, de plus en plus menac\u00e9e.<\/p>\n\n\n\n<p>Pour s&rsquo;attaquer s\u00e9rieusement \u00e0 la crise climatique, il n&rsquo;est pas suffisant de planter des arbres qui sont coup\u00e9s peu apr\u00e8s. On doit les laisser pousser, g\u00e9n\u00e9rer de nouvelles for\u00eats et les transformer en <strong>for\u00eats s\u00e9culaires<\/strong>. Cela doit n\u00e9cessairement avoir lieu au niveau local, o\u00f9 les arbres peuvent \u00eatre surveill\u00e9s et continuer \u00e0 pousser.<\/p>\n\n\n\n<h2>Notre projet de cr\u00e9ation de for\u00eats s\u00e9culaires en Europe<\/h2>\n\n\n\n<p><a href=\"https:\/\/ecobnb.fr\/blog\/foret-savone-creation-forets-seculaires-italie\/\" target=\"_blank\" rel=\"noreferrer noopener\">Notre projet pour cr\u00e9er de for\u00eats s\u00e9culaires <\/a>en Europe est parti en <strong>Italie<\/strong>, d&rsquo;une for\u00eat dans la province de Savone, en Ligurie. Une<strong> for\u00eat \u00e0 r\u00e9g\u00e9n\u00e9rer<\/strong> en cultivant de nouveaux arbres indig\u00e8nes, pour <strong>renforcer la biodiversit\u00e9<\/strong> et  cr\u00e9er une for\u00eat s\u00e9culaire.<\/p>\n\n\n\n<figure class=\"wp-block-image size-full\"><img width=\"870\" height=\"490\" src=\"https:\/\/ecobnb.fr\/blog\/app\/uploads\/sites\/7\/2023\/07\/a3fcd21e-60a9-4874-9123-54a788c340a3-870x490-2.jpeg\" alt=\"petite plante \" class=\"wp-image-3996\" srcset=\"https:\/\/ecobnb.fr\/blog\/app\/uploads\/sites\/7\/2023\/07\/a3fcd21e-60a9-4874-9123-54a788c340a3-870x490-2.jpeg 870w, https:\/\/ecobnb.fr\/blog\/app\/uploads\/sites\/7\/2023\/07\/a3fcd21e-60a9-4874-9123-54a788c340a3-870x490-2-536x302.jpeg 536w, https:\/\/ecobnb.fr\/blog\/app\/uploads\/sites\/7\/2023\/07\/a3fcd21e-60a9-4874-9123-54a788c340a3-870x490-2-768x433.jpeg 768w, https:\/\/ecobnb.fr\/blog\/app\/uploads\/sites\/7\/2023\/07\/a3fcd21e-60a9-4874-9123-54a788c340a3-870x490-2-570x320.jpeg 570w, https:\/\/ecobnb.fr\/blog\/app\/uploads\/sites\/7\/2023\/07\/a3fcd21e-60a9-4874-9123-54a788c340a3-870x490-2-344x194.jpeg 344w\" sizes=\"(max-width: 870px) 100vw, 870px\" \/><figcaption>Petite plante dans la for\u00eat de Savone, photo via Ecobnb<\/figcaption><\/figure>\n\n\n\n<p>De petites plantes indig\u00e8nes de pin, de fr\u00eane, de ch\u00eane et de ch\u00e2taigniers poussent pour r\u00e9g\u00e9n\u00e9rer un bois d\u00e9truit par l&rsquo;homme. Nous visons \u00e0 g\u00e9n\u00e9rer un espace vert<strong> riche en biodiversit\u00e9<\/strong>, peupl\u00e9 d&rsquo;insectes, de papillons, d&rsquo;abeilles et de <strong>diff\u00e9rentes esp\u00e8ces d&rsquo;animaux<\/strong>. <\/p>\n\n\n\n<figure class=\"wp-container-2 wp-block-gallery-1 wp-block-gallery has-nested-images columns-default is-cropped\">\n<figure class=\"wp-block-image size-large\"><img width=\"870\" height=\"490\" data-id=\"3998\"  src=\"https:\/\/ecobnb.fr\/blog\/app\/uploads\/sites\/7\/2023\/07\/77172808-a5fc-41f3-87a7-8d7b2ac7e19d-870x490.jpeg\" alt=\"petite plante \" class=\"wp-image-3998\" srcset=\"https:\/\/ecobnb.fr\/blog\/app\/uploads\/sites\/7\/2023\/07\/77172808-a5fc-41f3-87a7-8d7b2ac7e19d-870x490.jpeg 870w, https:\/\/ecobnb.fr\/blog\/app\/uploads\/sites\/7\/2023\/07\/77172808-a5fc-41f3-87a7-8d7b2ac7e19d-570x320.jpeg 570w\" sizes=\"(max-width: 870px) 100vw, 870px\" \/><\/figure>\n<\/figure>\n\n\n\n<figure class=\"wp-container-4 wp-block-gallery-3 wp-block-gallery has-nested-images columns-default is-cropped\">\n<figure class=\"wp-block-image size-large\"><img width=\"870\" height=\"490\" data-id=\"3999\"  src=\"https:\/\/ecobnb.fr\/blog\/app\/uploads\/sites\/7\/2023\/07\/c8e10698-2464-4da3-9a0d-0851cd780095-870x490.jpeg\" alt=\"petit ch\u00e2taignier\" class=\"wp-image-3999\" srcset=\"https:\/\/ecobnb.fr\/blog\/app\/uploads\/sites\/7\/2023\/07\/c8e10698-2464-4da3-9a0d-0851cd780095-870x490.jpeg 870w, https:\/\/ecobnb.fr\/blog\/app\/uploads\/sites\/7\/2023\/07\/c8e10698-2464-4da3-9a0d-0851cd780095-570x320.jpeg 570w\" sizes=\"(max-width: 870px) 100vw, 870px\" \/><\/figure>\n<\/figure>\n\n\n\n<figure class=\"wp-container-6 wp-block-gallery-5 wp-block-gallery has-nested-images columns-default is-cropped\">\n<figure class=\"wp-block-image size-large\"><img width=\"870\" height=\"490\" data-id=\"4000\"  src=\"https:\/\/ecobnb.fr\/blog\/app\/uploads\/sites\/7\/2023\/07\/8917007e-590a-48fb-a23e-422086e43fb2-1-870x490-1-870x490.jpeg\" alt=\"petite ch\u00eane\" class=\"wp-image-4000\" srcset=\"https:\/\/ecobnb.fr\/blog\/app\/uploads\/sites\/7\/2023\/07\/8917007e-590a-48fb-a23e-422086e43fb2-1-870x490-1.jpeg 870w, https:\/\/ecobnb.fr\/blog\/app\/uploads\/sites\/7\/2023\/07\/8917007e-590a-48fb-a23e-422086e43fb2-1-870x490-1-536x302.jpeg 536w, https:\/\/ecobnb.fr\/blog\/app\/uploads\/sites\/7\/2023\/07\/8917007e-590a-48fb-a23e-422086e43fb2-1-870x490-1-768x433.jpeg 768w, https:\/\/ecobnb.fr\/blog\/app\/uploads\/sites\/7\/2023\/07\/8917007e-590a-48fb-a23e-422086e43fb2-1-870x490-1-570x320.jpeg 570w, https:\/\/ecobnb.fr\/blog\/app\/uploads\/sites\/7\/2023\/07\/8917007e-590a-48fb-a23e-422086e43fb2-1-870x490-1-344x194.jpeg 344w\" sizes=\"(max-width: 870px) 100vw, 870px\" \/><figcaption>Ch\u00eane dans la for\u00eat de Savone, photo via Ecobnb<\/figcaption><\/figure>\n<\/figure>\n\n\n\n<p>Le but du project est de <strong>cr\u00e9er une une for\u00eat s\u00e9culaire<\/strong>, sauvage et vi\u00e8rge, qui puisse grandir et se r\u00e9g\u00e9n\u00e9rer librement, en suivant la loi de la nature comme seule loi. <\/p>\n\n\n\n<p>De cette fa\u00e7on, on peut faire vivre et pousser au mieux les arbres qui l&rsquo;habitent, en permettant une meilleure absorption de dioxyde de carbone, en recr\u00e9ant la biodiversit\u00e9 et en nous donnant un v\u00e9ritable espoir de f<strong>aire face au changement climatique<\/strong>.<\/p>\n\n\n\n<h2><a href=\"https:\/\/ecobnb.fr\/blog\/foret-savone-creation-forets-seculaires-italie\/\" target=\"_blank\" rel=\"noreferrer noopener\">Voici comment contribuer au projet de la For\u00eat S\u00e9culaire <\/a><\/h2>\n\n\n\n<p><em>Image de couverture: for\u00eat<strong> <\/strong>de Savone, photo via Ecobnb<\/em><\/p>\n","protected":false},"excerpt":{"rendered":"<p>La plantation d&rsquo;arbres et la cr\u00e9ation de for\u00eats sont des sujets toujours plus actuels. Les arbres symbolisent l&rsquo;espoir, la r\u00e9g\u00e9n\u00e9ration et la transformation. Les plantes sont de plus en plus pr\u00e9sent\u00e9es comme une solution simple, relativement de bas co\u00fbt et facile \u00e0 appliquer pour enrayer le changement climatique. Mais la plantation d&rsquo;arbres peut-elle vraiment nous [&hellip;]<\/p>\n","protected":false},"author":175,"featured_media":3956,"comment_status":"closed","ping_status":"closed","sticky":false,"template":"","format":"standard","meta":[],"categories":[200,195,196,1],"tags":[408,411,410,409],"acf":[],"yoast_head":"<!-- This site is optimized with the Yoast SEO plugin v19.9 - https:\/\/yoast.com\/wordpress\/plugins\/seo\/ -->\n<title>Planter des arbres or cr\u00e9er des for\u00eats s\u00e9culaires - Ecobnb<\/title>\n<meta name=\"description\" content=\"Planter des arbres ne nous sauvera pas du changement climatique, cr\u00e9er des for\u00eats s\u00e9culaires le fera peut-\u00eatre\" \/>\n<meta name=\"robots\" content=\"index, follow, max-snippet:-1, max-image-preview:large, max-video-preview:-1\" \/>\n<link rel=\"canonical\" href=\"https:\/\/ecobnb.fr\/blog\/2023\/07\/planter-arbres-creer-forets-seculaires\/\" \/>\n<meta property=\"og:locale\" content=\"fr_FR\" \/>\n<meta property=\"og:type\" content=\"article\" \/>\n<meta property=\"og:title\" content=\"Planter des arbres or cr\u00e9er des for\u00eats s\u00e9culaires - Ecobnb\" \/>\n<meta property=\"og:description\" content=\"Planter des arbres ne nous sauvera pas du changement climatique, cr\u00e9er des for\u00eats s\u00e9culaires le fera peut-\u00eatre\" \/>\n<meta property=\"og:url\" content=\"https:\/\/ecobnb.fr\/blog\/2023\/07\/planter-arbres-creer-forets-seculaires\/\" \/>\n<meta property=\"og:site_name\" content=\"Ecobnb\" \/>\n<meta property=\"article:published_time\" content=\"2023-07-30T18:08:44+00:00\" \/>\n<meta property=\"article:modified_time\" content=\"2023-08-07T14:00:22+00:00\" \/>\n<meta property=\"og:image\" content=\"https:\/\/ecobnb.fr\/blog\/app\/uploads\/sites\/7\/2023\/07\/piantare-alberi-o-creare-foreste-secolari-1170x490-1.jpeg\" \/>\n\t<meta property=\"og:image:width\" content=\"1170\" \/>\n\t<meta property=\"og:image:height\" content=\"490\" \/>\n\t<meta property=\"og:image:type\" content=\"image\/jpeg\" \/>\n<meta name=\"author\" content=\"Amanda Passerini\" \/>\n<meta name=\"twitter:card\" content=\"summary_large_image\" \/>\n<meta name=\"twitter:label1\" content=\"Written by\" \/>\n\t<meta name=\"twitter:data1\" content=\"Amanda Passerini\" \/>\n\t<meta name=\"twitter:label2\" content=\"Est. reading time\" \/>\n\t<meta name=\"twitter:data2\" content=\"10 minutes\" \/>\n<!-- \/ Yoast SEO plugin. -->","yoast_head_json":{"title":"Planter des arbres or cr\u00e9er des for\u00eats s\u00e9culaires - Ecobnb","description":"Planter des arbres ne nous sauvera pas du changement climatique, cr\u00e9er des for\u00eats s\u00e9culaires le fera peut-\u00eatre","robots":{"index":"index","follow":"follow","max-snippet":"max-snippet:-1","max-image-preview":"max-image-preview:large","max-video-preview":"max-video-preview:-1"},"canonical":"https:\/\/ecobnb.fr\/blog\/2023\/07\/planter-arbres-creer-forets-seculaires\/","og_locale":"fr_FR","og_type":"article","og_title":"Planter des arbres or cr\u00e9er des for\u00eats s\u00e9culaires - Ecobnb","og_description":"Planter des arbres ne nous sauvera pas du changement climatique, cr\u00e9er des for\u00eats s\u00e9culaires le fera peut-\u00eatre","og_url":"https:\/\/ecobnb.fr\/blog\/2023\/07\/planter-arbres-creer-forets-seculaires\/","og_site_name":"Ecobnb","article_published_time":"2023-07-30T18:08:44+00:00","article_modified_time":"2023-08-07T14:00:22+00:00","og_image":[{"width":1170,"height":490,"url":"https:\/\/ecobnb.fr\/blog\/app\/uploads\/sites\/7\/2023\/07\/piantare-alberi-o-creare-foreste-secolari-1170x490-1.jpeg","type":"image\/jpeg"}],"author":"Amanda Passerini","twitter_card":"summary_large_image","twitter_misc":{"Written by":"Amanda Passerini","Est. reading time":"10 minutes"},"schema":{"@context":"https:\/\/schema.org","@graph":[{"@type":"WebPage","@id":"https:\/\/ecobnb.fr\/blog\/2023\/07\/planter-arbres-creer-forets-seculaires\/","url":"https:\/\/ecobnb.fr\/blog\/2023\/07\/planter-arbres-creer-forets-seculaires\/","name":"Planter des arbres or cr\u00e9er des for\u00eats s\u00e9culaires - Ecobnb","isPartOf":{"@id":"https:\/\/ecobnb.fr\/blog\/#website"},"datePublished":"2023-07-30T18:08:44+00:00","dateModified":"2023-08-07T14:00:22+00:00","author":{"@id":"https:\/\/ecobnb.fr\/blog\/#\/schema\/person\/8483f31652d7fa5b2e9f0751b6b3c655"},"description":"Planter des arbres ne nous sauvera pas du changement climatique, cr\u00e9er des for\u00eats s\u00e9culaires le fera peut-\u00eatre","breadcrumb":{"@id":"https:\/\/ecobnb.fr\/blog\/2023\/07\/planter-arbres-creer-forets-seculaires\/#breadcrumb"},"inLanguage":"fr-FR","potentialAction":[{"@type":"ReadAction","target":["https:\/\/ecobnb.fr\/blog\/2023\/07\/planter-arbres-creer-forets-seculaires\/"]}]},{"@type":"BreadcrumbList","@id":"https:\/\/ecobnb.fr\/blog\/2023\/07\/planter-arbres-creer-forets-seculaires\/#breadcrumb","itemListElement":[{"@type":"ListItem","position":1,"name":"Home","item":"https:\/\/ecobnb.fr\/blog\/"},{"@type":"ListItem","position":2,"name":"Planter des arbres ne nous sauvera pas, cr\u00e9er des for\u00eats s\u00e9culaires le fera peut-\u00eatre"}]},{"@type":"WebSite","@id":"https:\/\/ecobnb.fr\/blog\/#website","url":"https:\/\/ecobnb.fr\/blog\/","name":"Ecobnb","description":"Find sustainable accommodation","potentialAction":[{"@type":"SearchAction","target":{"@type":"EntryPoint","urlTemplate":"https:\/\/ecobnb.fr\/blog\/?s={search_term_string}"},"query-input":"required name=search_term_string"}],"inLanguage":"fr-FR"},{"@type":"Person","@id":"https:\/\/ecobnb.fr\/blog\/#\/schema\/person\/8483f31652d7fa5b2e9f0751b6b3c655","name":"Amanda Passerini","image":{"@type":"ImageObject","inLanguage":"fr-FR","@id":"https:\/\/ecobnb.fr\/blog\/#\/schema\/person\/image\/","url":"https:\/\/secure.gravatar.com\/avatar\/24dbaeaf502c91eeca41d0f988399c22?s=96&d=monsterid&r=g","contentUrl":"https:\/\/secure.gravatar.com\/avatar\/24dbaeaf502c91eeca41d0f988399c22?s=96&d=monsterid&r=g","caption":"Amanda Passerini"},"url":"https:\/\/ecobnb.fr\/blog\/author\/amanda\/"}]}},"_links":{"self":[{"href":"https:\/\/ecobnb.fr\/blog\/wp-json\/wp\/v2\/posts\/3954"}],"collection":[{"href":"https:\/\/ecobnb.fr\/blog\/wp-json\/wp\/v2\/posts"}],"about":[{"href":"https:\/\/ecobnb.fr\/blog\/wp-json\/wp\/v2\/types\/post"}],"author":[{"embeddable":true,"href":"https:\/\/ecobnb.fr\/blog\/wp-json\/wp\/v2\/users\/175"}],"replies":[{"embeddable":true,"href":"https:\/\/ecobnb.fr\/blog\/wp-json\/wp\/v2\/comments?post=3954"}],"version-history":[{"count":35,"href":"https:\/\/ecobnb.fr\/blog\/wp-json\/wp\/v2\/posts\/3954\/revisions"}],"predecessor-version":[{"id":4016,"href":"https:\/\/ecobnb.fr\/blog\/wp-json\/wp\/v2\/posts\/3954\/revisions\/4016"}],"wp:featuredmedia":[{"embeddable":true,"href":"https:\/\/ecobnb.fr\/blog\/wp-json\/wp\/v2\/media\/3956"}],"wp:attachment":[{"href":"https:\/\/ecobnb.fr\/blog\/wp-json\/wp\/v2\/media?parent=3954"}],"wp:term":[{"taxonomy":"category","embeddable":true,"href":"https:\/\/ecobnb.fr\/blog\/wp-json\/wp\/v2\/categories?post=3954"},{"taxonomy":"post_tag","embeddable":true,"href":"https:\/\/ecobnb.fr\/blog\/wp-json\/wp\/v2\/tags?post=3954"}],"curies":[{"name":"wp","href":"https:\/\/api.w.org\/{rel}","templated":true}]}}