{"id":4201,"date":"2023-12-25T10:08:40","date_gmt":"2023-12-25T10:08:40","guid":{"rendered":"https:\/\/ecobnb.fr\/blog\/?p=4201"},"modified":"2024-01-10T14:31:04","modified_gmt":"2024-01-10T14:31:04","slug":"parcourir-parenzana-a-velo","status":"publish","type":"post","link":"https:\/\/ecobnb.fr\/blog\/2023\/12\/parcourir-parenzana-a-velo\/","title":{"rendered":"Parcourir la Parenzana \u00e0 v\u00e9lo: tout ce qu&rsquo;il faut savoir"},"content":{"rendered":"\n<h2>Souhaitez-vous explorer la campagne d&rsquo;Istrie, d\u00e9couvrir des villes m\u00e9di\u00e9vales et traverser des viaducs, des ponts et des tunnels fascinants? Et alors, d\u00e9cidez de parcourir la Parenzana \u00e0 v\u00e9lo!<\/h2>\n\n\n\n<h2>La Parenzana: qu&rsquo;est-ce que c&rsquo;est?<\/h2>\n\n\n\n<p>La Parenzana est une <strong>ancienne voie ferr\u00e9e \u00e0 voie \u00e9troite de 123,1 km de long<\/strong>. Elle permettait la connexion entre nations et personnes au d\u00e9but du XXe si\u00e8cle. En particulier, elle reliait 33 endroits qui faisaient partie de l&rsquo;Istria, de Trieste jusqu&rsquo;\u00e0 Porec. Aujourd&rsquo;hui, elle traverse l&rsquo;<strong>Italie<\/strong> (13 km), la <strong>Slovenie<\/strong> (32 km) et la <strong>Croatie<\/strong> (78 km). <\/p>\n\n\n\n<figure class=\"wp-block-image size-large\"><img width=\"870\" height=\"490\" src=\"https:\/\/ecobnb.fr\/blog\/app\/uploads\/sites\/7\/2023\/12\/Parenzana-1_fonte_Parenzana.net_.png-870x490.webp\" alt=\"ancienne photo du chemin de fer de la Parenzana\" class=\"wp-image-4203\" srcset=\"https:\/\/ecobnb.fr\/blog\/app\/uploads\/sites\/7\/2023\/12\/Parenzana-1_fonte_Parenzana.net_.png.webp 870w, https:\/\/ecobnb.fr\/blog\/app\/uploads\/sites\/7\/2023\/12\/Parenzana-1_fonte_Parenzana.net_.png-536x302.webp 536w, https:\/\/ecobnb.fr\/blog\/app\/uploads\/sites\/7\/2023\/12\/Parenzana-1_fonte_Parenzana.net_.png-768x433.webp 768w, https:\/\/ecobnb.fr\/blog\/app\/uploads\/sites\/7\/2023\/12\/Parenzana-1_fonte_Parenzana.net_.png-570x320.webp 570w, https:\/\/ecobnb.fr\/blog\/app\/uploads\/sites\/7\/2023\/12\/Parenzana-1_fonte_Parenzana.net_.png-344x194.webp 344w\" sizes=\"(max-width: 870px) 100vw, 870px\" \/><figcaption>Photo via<a href=\"https:\/\/www.parenzana.net\/en\" target=\"_blank\" rel=\"noreferrer noopener\"> Parenzana.net<\/a><\/figcaption><\/figure>\n\n\n\n<p>Bien qu&rsquo;elle <strong>n&rsquo;ait fonctionn\u00e9 que depuis 33 ans<\/strong>, le chemin de fer constitiait une v\u00e9ritable<strong> planche de salut pour les villages de l&rsquo;Istrie<\/strong>. Les habitants profitaient de la Parenzana pour se d\u00e9placer, mais surtout pour se procurer du vin, de l&rsquo;huile d&rsquo;olive, de la pierre d&rsquo;Istrie, de la chaux, du charbon, du bois et de nombreux produits agricoles. <\/p>\n\n\n\n<figure class=\"wp-block-image\"><img src=\"https:\/\/sb.ecobnb.net\/app\/uploads\/sites\/2\/2020\/07\/Parenzana-2_fonte_Parenzana.net_.png\" alt=\"ancienne photo de la voie ferr\u00e9e de la Parenzana\" class=\"wp-image-53384\"\/><figcaption>Photo via Parenzana.net<\/figcaption><\/figure>\n\n\n\n<h2>Projet de renaissance de la Parenzana<\/h2>\n\n\n\n<p>Une curiosit\u00e9 sur l&rsquo;histoire de la Parenzana? <strong>Mussolini<\/strong>, quand il a commenc\u00e9  la guerre de conqu\u00eate en \u00c9thiopie, <strong>a embarqu\u00e9 une partie des rails sur un bateau pour l&rsquo;Afrique pour les fondre en armes<\/strong>. Cependant, <strong>le bateau a coul\u00e9 <\/strong>dans la Mer M\u00e9ditarran\u00e9e,<strong> tout comme la Parenzana<\/strong>. <\/p>\n\n\n\n<figure class=\"wp-block-embed is-type-video is-provider-youtube wp-block-embed-youtube wp-embed-aspect-16-9 wp-has-aspect-ratio\"><div class=\"wp-block-embed__wrapper\">\n<div class=\"embed-container\"><iframe loading=\"lazy\" title=\"Parenzana II promo video\" width=\"1170\" height=\"658\" src=\"https:\/\/www.youtube.com\/embed\/bVvhF78KPbE?feature=oembed\" frameborder=\"0\" allow=\"accelerometer; autoplay; clipboard-write; encrypted-media; gyroscope; picture-in-picture; web-share\" allowfullscreen><\/iframe><\/div>\n<\/div><\/figure>\n\n\n\n<p>Apr\u00e8s l&rsquo;abandon de la ligne, le chemin de fer a \u00e9t\u00e9 laiss\u00e9 en ruine, jusqu&rsquo;en 2006, qui marque le d\u00e9but du premier projet  de renaissance de la Parenzana. Le projet \u00ab&nbsp;<a href=\"https:\/\/www.parenzana.net\/en\/about-the-project\" target=\"_blank\" rel=\"noreferrer noopener\"><em>Parenzana-le chemin de la sant\u00e9 et de l&rsquo;amiti\u00e9<\/em><\/a> \u00bba commenc\u00e9 \u00e0 <strong>reconvertir la ligne en piste cyclable<\/strong>. Aujourd&rsquo;hui cette ligne de chemin de fer unique a \u00e9t\u00e9 enti\u00e8rement reconvertie en un parcours panoramique, connu comme <strong>l&rsquo;itin\u00e9raire cyclable et de randonn\u00e9e le plus visit\u00e9 d&rsquo;Istrie<\/strong>. <\/p>\n\n\n<div class=\"wp-block-image\">\n<figure class=\"aligncenter size-full\"><img width=\"344\" height=\"194\" src=\"https:\/\/ecobnb.fr\/blog\/app\/uploads\/sites\/7\/2023\/12\/Parenzana-3a_fonte_Parenzana.net_-344x194.png.webp\" alt=\"v\u00e9los qui parcourent la Parenzana\" class=\"wp-image-4229\"\/><figcaption>Photo via Parenzana.net<\/figcaption><\/figure><\/div>\n\n<div class=\"wp-block-image\">\n<figure class=\"aligncenter size-full\"><img width=\"344\" height=\"194\" src=\"https:\/\/ecobnb.fr\/blog\/app\/uploads\/sites\/7\/2023\/12\/image.png\" alt=\"tunnel le long de la Parenzana\" class=\"wp-image-4230\"\/><figcaption>Photo via Parenzana.net<\/figcaption><\/figure><\/div>\n\n\n<h2>Est-il difficile de parcourir la Parenzana \u00e0 v\u00e9lo?<\/h2>\n\n\n\n<p>Tout d&rsquo;abord, il faut savoir qu&rsquo;il y a environ 120 km de <strong>vues idylliques, de parcours cyclables aventureux<\/strong> et le <strong>parfum de l&rsquo;histoire<\/strong> qui vous attendent. Sans aucun doute, se promener le long de la Parenzana peut \u00eatre sp\u00e9cial, mais il sera encore plus memorable d&rsquo;en parcourir  une partie ou m\u00eame la totalit\u00e9 \u00e0 v\u00e9lo. De plus, en faisant ainsi, vous pourrez faire des explorations <strong>en dehors des sentier battus<\/strong>.<\/p>\n\n\n\n<figure class=\"wp-block-image size-full\"><img width=\"464\" height=\"490\" src=\"https:\/\/ecobnb.fr\/blog\/app\/uploads\/sites\/7\/2023\/12\/Parenzana-4_mappa-2.jpg.webp\" alt=\"carte de la parenzana\" class=\"wp-image-4232\" srcset=\"https:\/\/ecobnb.fr\/blog\/app\/uploads\/sites\/7\/2023\/12\/Parenzana-4_mappa-2.jpg.webp 464w, https:\/\/ecobnb.fr\/blog\/app\/uploads\/sites\/7\/2023\/12\/Parenzana-4_mappa-2.jpg-344x363.webp 344w\" sizes=\"(max-width: 464px) 100vw, 464px\" \/><\/figure>\n\n\n\n<p>Faire du v\u00e9lo le long de la Parezana<strong> n&rsquo;est pas compliqu\u00e9<\/strong>, c&rsquo;est en fait une <strong>piste cyclable adapt\u00e9e \u00e0 tout le monde<\/strong>: d\u00e9butants, familles, cyclistes exp\u00e9riment\u00e9s et sportifs. Si vous \u00eates en forme, <strong>il est possible de le faire en une seule journ\u00e9e<\/strong>. Toutefois, <strong>on vous conseille fortement un voyage plus d\u00e9tendu<\/strong>. Prolongez votre voyage \u00e0 <strong>2 ou 3 jours<\/strong>, prenez le temps de vous arr\u00eater, d&rsquo;admirer les paysages, de savourer de d\u00e9licieux <strong>produits bio<\/strong>, de demander aux habitants d&rsquo;authentiques tavernes locales, de participer \u00e0 des <a href=\"https:\/\/www.istra.hr\/en\/events\/20564\" target=\"_blank\" rel=\"noreferrer noopener\">\u00e9v\u00e9nements \u00e9cologiques traditionnels<\/a> et de d\u00e9couvrir l&rsquo;histoire locale.<\/p>\n\n\n\n<figure class=\"wp-block-image size-large\"><img width=\"870\" height=\"490\" src=\"https:\/\/ecobnb.fr\/blog\/app\/uploads\/sites\/7\/2023\/12\/Parenzana-5_fonte_Parenzana.net_.png-870x490.webp\" alt=\"balade \u00e0 v\u00e9lo le long de la parenzana\" class=\"wp-image-4233\" srcset=\"https:\/\/ecobnb.fr\/blog\/app\/uploads\/sites\/7\/2023\/12\/Parenzana-5_fonte_Parenzana.net_.png.webp 870w, https:\/\/ecobnb.fr\/blog\/app\/uploads\/sites\/7\/2023\/12\/Parenzana-5_fonte_Parenzana.net_.png-536x302.webp 536w, https:\/\/ecobnb.fr\/blog\/app\/uploads\/sites\/7\/2023\/12\/Parenzana-5_fonte_Parenzana.net_.png-768x433.webp 768w, https:\/\/ecobnb.fr\/blog\/app\/uploads\/sites\/7\/2023\/12\/Parenzana-5_fonte_Parenzana.net_.png-570x320.webp 570w, https:\/\/ecobnb.fr\/blog\/app\/uploads\/sites\/7\/2023\/12\/Parenzana-5_fonte_Parenzana.net_.png-344x194.webp 344w\" sizes=\"(max-width: 870px) 100vw, 870px\" \/><figcaption>Photo via Parenzana.net<\/figcaption><\/figure>\n\n\n\n<h2>Qu&rsquo;est-ce qu&rsquo;il faut savoir avant de parcourir la Parenzana \u00e0 v\u00e9lo?<\/h2>\n\n\n\n<p>En raison de la <strong>surface non pav\u00e9e<\/strong> \u00e0 certains endroits, <strong>le chemin de la Parenzana ne convient que pour les VTT<\/strong>, et pas pour les v\u00e9los de route ou trekking. Le long du chemin il y a en revanche des <a href=\"http:\/\/www.istria-bike.com\/it\/servizi\/noleggio\" target=\"_blank\" rel=\"noreferrer noopener\">ateliers sp\u00e9cialis\u00e9s dans la r\u00e9paration de v\u00e9los, des agences de location de v\u00e9los et des points d&rsquo;information<\/a>. <\/p>\n\n\n\n<figure class=\"wp-block-image size-large\"><img width=\"870\" height=\"490\" src=\"https:\/\/ecobnb.fr\/blog\/app\/uploads\/sites\/7\/2023\/12\/Parenzana-6_fonte_Parenzana.net_.png-870x490.webp\" alt=\"cycliste parcourant la Parenzana entour\u00e9e par les montagnes\" class=\"wp-image-4207\" srcset=\"https:\/\/ecobnb.fr\/blog\/app\/uploads\/sites\/7\/2023\/12\/Parenzana-6_fonte_Parenzana.net_.png.webp 870w, https:\/\/ecobnb.fr\/blog\/app\/uploads\/sites\/7\/2023\/12\/Parenzana-6_fonte_Parenzana.net_.png-536x302.webp 536w, https:\/\/ecobnb.fr\/blog\/app\/uploads\/sites\/7\/2023\/12\/Parenzana-6_fonte_Parenzana.net_.png-768x433.webp 768w, https:\/\/ecobnb.fr\/blog\/app\/uploads\/sites\/7\/2023\/12\/Parenzana-6_fonte_Parenzana.net_.png-570x320.webp 570w, https:\/\/ecobnb.fr\/blog\/app\/uploads\/sites\/7\/2023\/12\/Parenzana-6_fonte_Parenzana.net_.png-344x194.webp 344w\" sizes=\"(max-width: 870px) 100vw, 870px\" \/><figcaption>Photo via Parenzana.net<\/figcaption><\/figure>\n\n\n\n<h2>Les attractions principales le long de la Parenzana<\/h2>\n\n\n\n<h2>Attractions naturelles et culturelles incontournables <\/h2>\n\n\n\n<figure class=\"wp-block-image size-large\"><img width=\"870\" height=\"490\" src=\"https:\/\/ecobnb.fr\/blog\/app\/uploads\/sites\/7\/2023\/12\/Parenzana-7_Grotta-Baredine.png-870x490.webp\" alt=\"grotte de baredine en Istrie\" class=\"wp-image-4208\" srcset=\"https:\/\/ecobnb.fr\/blog\/app\/uploads\/sites\/7\/2023\/12\/Parenzana-7_Grotta-Baredine.png.webp 870w, https:\/\/ecobnb.fr\/blog\/app\/uploads\/sites\/7\/2023\/12\/Parenzana-7_Grotta-Baredine.png-536x302.webp 536w, https:\/\/ecobnb.fr\/blog\/app\/uploads\/sites\/7\/2023\/12\/Parenzana-7_Grotta-Baredine.png-768x433.webp 768w, https:\/\/ecobnb.fr\/blog\/app\/uploads\/sites\/7\/2023\/12\/Parenzana-7_Grotta-Baredine.png-570x320.webp 570w, https:\/\/ecobnb.fr\/blog\/app\/uploads\/sites\/7\/2023\/12\/Parenzana-7_Grotta-Baredine.png-344x194.webp 344w\" sizes=\"(max-width: 870px) 100vw, 870px\" \/><figcaption>La grotte de Baredine<\/figcaption><\/figure>\n\n\n\n<p>Si vous \u00eates curieux et que vous voulez parcourir plus de terrain \u00e0 v\u00e9lo, vous pouvez faire un petit d\u00e9tour et visiter quelques petits villages, ainsi que d&rsquo;autres attractions sur et hors de l&rsquo;itin\u00e9raire. Des endroits merveilleux tels que la <a href=\"https:\/\/baredine.com\/\" target=\"_blank\" rel=\"noreferrer noopener\">grotte de Baredine<\/a> et la<strong> Basilique Euphrasienne de Porec<\/strong> devraient sans aucun doute faire partie de votre liste. Vous pouvez \u00e9galement p\u00e9daler jusqu&rsquo;\u00e0 Livade  pour visiter le <strong>Mus\u00e9e Parenzana<\/strong>, puis vous arr\u00eater \u00e0 Visinada pour essayer le frisson de <strong>monter sur un vieux mod\u00e8le de locomotive<\/strong>. <\/p>\n\n\n\n<figure class=\"wp-block-image size-large\"><img width=\"870\" height=\"490\" src=\"https:\/\/ecobnb.fr\/blog\/app\/uploads\/sites\/7\/2023\/12\/Parenzana-8_vecchia-locomotiva-a-Visinada_fonte_Parenzana.net_.png-870x490.webp\" alt=\"vieux mod\u00e8le de locomotive \u00e0 Visinada \" class=\"wp-image-4209\" srcset=\"https:\/\/ecobnb.fr\/blog\/app\/uploads\/sites\/7\/2023\/12\/Parenzana-8_vecchia-locomotiva-a-Visinada_fonte_Parenzana.net_.png.webp 870w, https:\/\/ecobnb.fr\/blog\/app\/uploads\/sites\/7\/2023\/12\/Parenzana-8_vecchia-locomotiva-a-Visinada_fonte_Parenzana.net_.png-536x302.webp 536w, https:\/\/ecobnb.fr\/blog\/app\/uploads\/sites\/7\/2023\/12\/Parenzana-8_vecchia-locomotiva-a-Visinada_fonte_Parenzana.net_.png-768x433.webp 768w, https:\/\/ecobnb.fr\/blog\/app\/uploads\/sites\/7\/2023\/12\/Parenzana-8_vecchia-locomotiva-a-Visinada_fonte_Parenzana.net_.png-570x320.webp 570w, https:\/\/ecobnb.fr\/blog\/app\/uploads\/sites\/7\/2023\/12\/Parenzana-8_vecchia-locomotiva-a-Visinada_fonte_Parenzana.net_.png-344x194.webp 344w\" sizes=\"(max-width: 870px) 100vw, 870px\" \/><figcaption>Vieux mod\u00e8le de locomotive \u00e0 Visinada. Via Parenzana.net<\/figcaption><\/figure>\n\n\n\n<h2>Les centres historiques les plus suggestifs le long du chemin<\/h2>\n\n\n\n<p>Autrefois, de n<strong>ombreux centres historiques<\/strong> de la c\u00f4te et de l&rsquo;arri\u00e8re-pays<strong> avaient leur propre gare<\/strong> le long du chemin de fer de la Parenzana. Lorsque vous p\u00e9dalez, prenez donc le temps de vous arr\u00eater dans les <strong>villages m\u00e9di\u00e9vaux<\/strong> les plus embl\u00e9matiques pour donner <strong>une touche vintage<\/strong> \u00e0 cette exp\u00e9rience. <\/p>\n\n\n\n<figure class=\"wp-block-image size-large\"><img width=\"870\" height=\"490\" src=\"https:\/\/ecobnb.fr\/blog\/app\/uploads\/sites\/7\/2023\/12\/Parenzana-9_fonte_Parenzana.net_.png-870x490.webp\" alt=\"visiter l'arri\u00e8re-pays istrien \u00e0 v\u00e9lo\" class=\"wp-image-4210\" srcset=\"https:\/\/ecobnb.fr\/blog\/app\/uploads\/sites\/7\/2023\/12\/Parenzana-9_fonte_Parenzana.net_.png.webp 870w, https:\/\/ecobnb.fr\/blog\/app\/uploads\/sites\/7\/2023\/12\/Parenzana-9_fonte_Parenzana.net_.png-536x302.webp 536w, https:\/\/ecobnb.fr\/blog\/app\/uploads\/sites\/7\/2023\/12\/Parenzana-9_fonte_Parenzana.net_.png-768x433.webp 768w, https:\/\/ecobnb.fr\/blog\/app\/uploads\/sites\/7\/2023\/12\/Parenzana-9_fonte_Parenzana.net_.png-570x320.webp 570w, https:\/\/ecobnb.fr\/blog\/app\/uploads\/sites\/7\/2023\/12\/Parenzana-9_fonte_Parenzana.net_.png-344x194.webp 344w\" sizes=\"(max-width: 870px) 100vw, 870px\" \/><figcaption>Photo via Parenzana.net<\/figcaption><\/figure>\n\n\n\n<p>De <strong>Savudrija<\/strong> et <strong>Buje<\/strong>, vers <strong>Gro\u017enjan<\/strong> &#8211; la ville la plus boh\u00e8me de l&rsquo;Istrie continentale, un v\u00e9ritable paradis pour les artistes. <strong>Zavr\u0161je<\/strong> vous enchantera avec une vue idyllique depuis sa forteresse et vous verrez pourquoi c&rsquo;est le lieu pr\u00e9f\u00e9r\u00e9 pour le tournage de films internationaux. <strong>Oprtalj<\/strong> est charmant pour ses vues \u00e0 d\u00e9couvrir, qui la rendent un endroit id\u00e9al pour prendre un verre \u00e0 l&rsquo;ombre.<\/p>\n\n\n\n<figure class=\"wp-block-image size-large\"><img width=\"870\" height=\"490\" src=\"https:\/\/ecobnb.fr\/blog\/app\/uploads\/sites\/7\/2023\/12\/Parenzana-10_fonte_Parenzana.net_.png-870x490.webp\" alt=\"villages m\u00e9di\u00e9vaux le long de la Parenzana\" class=\"wp-image-4211\" srcset=\"https:\/\/ecobnb.fr\/blog\/app\/uploads\/sites\/7\/2023\/12\/Parenzana-10_fonte_Parenzana.net_.png.webp 870w, https:\/\/ecobnb.fr\/blog\/app\/uploads\/sites\/7\/2023\/12\/Parenzana-10_fonte_Parenzana.net_.png-536x302.webp 536w, https:\/\/ecobnb.fr\/blog\/app\/uploads\/sites\/7\/2023\/12\/Parenzana-10_fonte_Parenzana.net_.png-768x433.webp 768w, https:\/\/ecobnb.fr\/blog\/app\/uploads\/sites\/7\/2023\/12\/Parenzana-10_fonte_Parenzana.net_.png-570x320.webp 570w, https:\/\/ecobnb.fr\/blog\/app\/uploads\/sites\/7\/2023\/12\/Parenzana-10_fonte_Parenzana.net_.png-344x194.webp 344w\" sizes=\"(max-width: 870px) 100vw, 870px\" \/><figcaption> Photo via Parenzana.net<\/figcaption><\/figure>\n\n\n\n<p><strong>Motovun<\/strong> est un centre historique tr\u00e8s c\u00e9l\u00e8bre, car il accueille un int\u00e9ressant <strong>festival international du film<\/strong>. Cette ville m\u00e9di\u00e9vale regorge de lieux permettant de vous sentir comme des stars, en pr\u00e9nant des photos et des selfies avec des <strong>vues imprenables<\/strong>. <strong>Vi\u0161njan <\/strong>vous \u00e9tonnera si vous aimez observer les \u00e9toils: dans ce cas l&rsquo;<strong>observatoire de Vi\u0161njan <\/strong>est un must. <strong>Porec<\/strong> sera certainement votre destination finale, o\u00f9 vous pourrez profiter d&rsquo;un bain de mer bien m\u00e9rit\u00e9.<\/p>\n\n\n\n<figure class=\"wp-block-image size-large\"><img width=\"870\" height=\"490\" src=\"https:\/\/ecobnb.fr\/blog\/app\/uploads\/sites\/7\/2023\/12\/Parenzana-11_fonte_Parenzana.net_.png-870x490.webp\" alt=\"vues imprenables le long de la Parenzana\" class=\"wp-image-4212\" srcset=\"https:\/\/ecobnb.fr\/blog\/app\/uploads\/sites\/7\/2023\/12\/Parenzana-11_fonte_Parenzana.net_.png.webp 870w, https:\/\/ecobnb.fr\/blog\/app\/uploads\/sites\/7\/2023\/12\/Parenzana-11_fonte_Parenzana.net_.png-536x302.webp 536w, https:\/\/ecobnb.fr\/blog\/app\/uploads\/sites\/7\/2023\/12\/Parenzana-11_fonte_Parenzana.net_.png-768x433.webp 768w, https:\/\/ecobnb.fr\/blog\/app\/uploads\/sites\/7\/2023\/12\/Parenzana-11_fonte_Parenzana.net_.png-570x320.webp 570w, https:\/\/ecobnb.fr\/blog\/app\/uploads\/sites\/7\/2023\/12\/Parenzana-11_fonte_Parenzana.net_.png-344x194.webp 344w\" sizes=\"(max-width: 870px) 100vw, 870px\" \/><figcaption>Photo via Parenzana.net<\/figcaption><\/figure>\n\n\n\n<h2>Les vues les plus romantiques o\u00f9 partager des moments inoubliables<\/h2>\n\n\n\n<figure class=\"wp-block-image size-large\"><img width=\"870\" height=\"490\" src=\"https:\/\/ecobnb.fr\/blog\/app\/uploads\/sites\/7\/2023\/12\/Parenzana-12_fonte_Parenzana.net_.png-870x490.webp\" alt=\"moments romantiques Parenzana\" class=\"wp-image-4213\" srcset=\"https:\/\/ecobnb.fr\/blog\/app\/uploads\/sites\/7\/2023\/12\/Parenzana-12_fonte_Parenzana.net_.png.webp 870w, https:\/\/ecobnb.fr\/blog\/app\/uploads\/sites\/7\/2023\/12\/Parenzana-12_fonte_Parenzana.net_.png-536x302.webp 536w, https:\/\/ecobnb.fr\/blog\/app\/uploads\/sites\/7\/2023\/12\/Parenzana-12_fonte_Parenzana.net_.png-768x433.webp 768w, https:\/\/ecobnb.fr\/blog\/app\/uploads\/sites\/7\/2023\/12\/Parenzana-12_fonte_Parenzana.net_.png-570x320.webp 570w, https:\/\/ecobnb.fr\/blog\/app\/uploads\/sites\/7\/2023\/12\/Parenzana-12_fonte_Parenzana.net_.png-344x194.webp 344w\" sizes=\"(max-width: 870px) 100vw, 870px\" \/><figcaption> Photo via Parenzana.net<\/figcaption><\/figure>\n\n\n\n<p>Parfois, vous devrez prendre du recul pour admirer des <strong>vues \u00e0 couper le souffle<\/strong> (et, bien s\u00fbr, prendre un selfie fabuleux). Heureusement, <strong>l&rsquo;Istrie est pleine de paysages naturels majesteux<\/strong>. <strong>Plovania, Groznjan, Antonzi, Motovun et Rakotoule<\/strong> sont les principaux endroit o\u00f9 vous pourrez admirer des vues spectaculaires. Ici, vous serez inspir\u00e9s et <strong>votre envie de continuer \u00e0 voyager sera encore plus grande<\/strong>. <\/p>\n\n\n\n<figure class=\"wp-block-image size-large\"><img width=\"870\" height=\"490\" src=\"https:\/\/ecobnb.fr\/blog\/app\/uploads\/sites\/7\/2023\/12\/Parenzana-13_fonte_Parenzana.net_.png-870x490.webp\" alt=\"vue \u00e0 couper le souffle le long de la Parenzana\" class=\"wp-image-4216\" srcset=\"https:\/\/ecobnb.fr\/blog\/app\/uploads\/sites\/7\/2023\/12\/Parenzana-13_fonte_Parenzana.net_.png.webp 870w, https:\/\/ecobnb.fr\/blog\/app\/uploads\/sites\/7\/2023\/12\/Parenzana-13_fonte_Parenzana.net_.png-536x302.webp 536w, https:\/\/ecobnb.fr\/blog\/app\/uploads\/sites\/7\/2023\/12\/Parenzana-13_fonte_Parenzana.net_.png-768x433.webp 768w, https:\/\/ecobnb.fr\/blog\/app\/uploads\/sites\/7\/2023\/12\/Parenzana-13_fonte_Parenzana.net_.png-570x320.webp 570w, https:\/\/ecobnb.fr\/blog\/app\/uploads\/sites\/7\/2023\/12\/Parenzana-13_fonte_Parenzana.net_.png-344x194.webp 344w\" sizes=\"(max-width: 870px) 100vw, 870px\" \/><figcaption>Photo via Parenzana.net<\/figcaption><\/figure>\n\n\n\n<h2>Et la nourriture, comment est-elle?<\/h2>\n\n\n\n<p>Le long de la Parenzana, vous trouverez plusieurs <strong>restaurants et tavernes proposant d&rsquo;anciennes recette traditionnelles istriennes<\/strong>, adapt\u00e9es aux cyclistes. Le pain et les soupes maison font certainement partie de la vie istrienne d&rsquo;autrefois.<\/p>\n\n\n\n<figure class=\"wp-block-image size-large\"><img width=\"870\" height=\"490\" src=\"https:\/\/ecobnb.fr\/blog\/app\/uploads\/sites\/7\/2023\/12\/Parenzana-14_fonte_Parenzana.net_.png-870x490.webp\" alt=\"cuisine traditionnelle istrienne\" class=\"wp-image-4218\" srcset=\"https:\/\/ecobnb.fr\/blog\/app\/uploads\/sites\/7\/2023\/12\/Parenzana-14_fonte_Parenzana.net_.png.webp 870w, https:\/\/ecobnb.fr\/blog\/app\/uploads\/sites\/7\/2023\/12\/Parenzana-14_fonte_Parenzana.net_.png-536x302.webp 536w, https:\/\/ecobnb.fr\/blog\/app\/uploads\/sites\/7\/2023\/12\/Parenzana-14_fonte_Parenzana.net_.png-768x433.webp 768w, https:\/\/ecobnb.fr\/blog\/app\/uploads\/sites\/7\/2023\/12\/Parenzana-14_fonte_Parenzana.net_.png-570x320.webp 570w, https:\/\/ecobnb.fr\/blog\/app\/uploads\/sites\/7\/2023\/12\/Parenzana-14_fonte_Parenzana.net_.png-344x194.webp 344w\" sizes=\"(max-width: 870px) 100vw, 870px\" \/><figcaption>Photo via Parenzana.net<\/figcaption><\/figure>\n\n\n\n<p>La cuisine locale se base sur l&rsquo;utilisation d&rsquo;\u00e9pices aromatiques, de v\u00e9g\u00e9taux sauvages, de l\u00e9gumes et de fruits de mer. Si les aliments d&rsquo;origine v\u00e9g\u00e9tale sont au c\u0153ur de votre alimentation,<strong> essayez les plants sauvages et les asperges<\/strong>, ainsi que les <strong>plats \u00e0 base de truffe istrienne<\/strong>. Les tavernes traditionnelles proposent des menus avec des <strong>plats exceptionnels<\/strong>, aux produits issus directement de leur potager. Il y a \u00e9galement plusieurs caves o\u00f9 vous pourrez d\u00e9guster des <strong>vins bio et biodynamiques<\/strong>.<\/p>\n\n\n\n<figure class=\"wp-block-embed is-type-video is-provider-youtube wp-block-embed-youtube wp-embed-aspect-16-9 wp-has-aspect-ratio\"><div class=\"wp-block-embed__wrapper\">\n<div class=\"embed-container\"><iframe loading=\"lazy\" title=\"Parenzana II - video - Gourmet\" width=\"1170\" height=\"658\" src=\"https:\/\/www.youtube.com\/embed\/5isJeVA8W1U?feature=oembed\" frameborder=\"0\" allow=\"accelerometer; autoplay; clipboard-write; encrypted-media; gyroscope; picture-in-picture; web-share\" allowfullscreen><\/iframe><\/div>\n<\/div><\/figure>\n\n\n\n<h2>Le meilleur moment pour parcourir la Parenzana \u00e0 v\u00e9lo<\/h2>\n\n\n\n<p>Le meilleur moment pour faire du v\u00e9lo le long de la Parenzana est <strong>d&rsquo;avril \u00e0 fin octobre<\/strong>, lorsque les temp\u00e9ratures quotidiennes peuvent atteindre 19\u00b0C. En <strong>mai<\/strong>, la temp\u00e9rature mensuelle moyenne est d&rsquo;environ 23\u00b0C. Il faut tenir compte des <strong>mois les plus chauds, juillet et ao\u00fbt<\/strong>: le climat est g\u00e9n\u00e9ralement ensoleill\u00e9, entre 26\u00b0C et 32\u00b0C.<\/p>\n\n\n\n<figure class=\"wp-block-image size-large\"><img width=\"870\" height=\"490\" src=\"https:\/\/ecobnb.fr\/blog\/app\/uploads\/sites\/7\/2023\/12\/Parenzana-15_fonte_Parenzana.net_.png-870x490.webp\" alt=\"la parenzana pendant les mois les plus chauds\" class=\"wp-image-4219\" srcset=\"https:\/\/ecobnb.fr\/blog\/app\/uploads\/sites\/7\/2023\/12\/Parenzana-15_fonte_Parenzana.net_.png.webp 870w, https:\/\/ecobnb.fr\/blog\/app\/uploads\/sites\/7\/2023\/12\/Parenzana-15_fonte_Parenzana.net_.png-536x302.webp 536w, https:\/\/ecobnb.fr\/blog\/app\/uploads\/sites\/7\/2023\/12\/Parenzana-15_fonte_Parenzana.net_.png-768x433.webp 768w, https:\/\/ecobnb.fr\/blog\/app\/uploads\/sites\/7\/2023\/12\/Parenzana-15_fonte_Parenzana.net_.png-570x320.webp 570w, https:\/\/ecobnb.fr\/blog\/app\/uploads\/sites\/7\/2023\/12\/Parenzana-15_fonte_Parenzana.net_.png-344x194.webp 344w\" sizes=\"(max-width: 870px) 100vw, 870px\" \/><figcaption>Photo via Parenzana.net<\/figcaption><\/figure>\n\n\n\n<h2>O\u00f9 recharger votre v\u00e9lo \u00e9lectrique?<\/h2>\n\n\n\n<p>Si vous utilisez un v\u00e9lo \u00e9lectrique pour parcourir la Parenzana, vous trouverez <strong>plusieurs stations de recharge pour v\u00e9los \u00e9lectriques<\/strong> le long du chemin aux endroits suivants: <\/p>\n\n\n\n<ul><li>Hostel Parenzana, Buje<\/li><li>Kanal, Motovun<\/li><li>Office de Tourisme de Ka\u0161telir-Labinci<\/li><li>Valamar Diamant Hotel, Porec<\/li><\/ul>\n\n\n\n<p>Et pendant que votre v\u00e9lo \u00e9lectrique se recharge, vous pourrez simplement vous d\u00e9tendre avec une boisson rafra\u00eechissante ou faire une petite balade. <\/p>\n\n\n\n<figure class=\"wp-block-image size-large\"><img width=\"870\" height=\"490\" src=\"https:\/\/ecobnb.fr\/blog\/app\/uploads\/sites\/7\/2023\/12\/Parenzana-16_Fonte_istria-bike.com_.png-870x490.webp\" alt=\"v\u00e9los \u00e9lectriques pour parcourir la parenzana\" class=\"wp-image-4221\" srcset=\"https:\/\/ecobnb.fr\/blog\/app\/uploads\/sites\/7\/2023\/12\/Parenzana-16_Fonte_istria-bike.com_.png.webp 870w, https:\/\/ecobnb.fr\/blog\/app\/uploads\/sites\/7\/2023\/12\/Parenzana-16_Fonte_istria-bike.com_.png-536x302.webp 536w, https:\/\/ecobnb.fr\/blog\/app\/uploads\/sites\/7\/2023\/12\/Parenzana-16_Fonte_istria-bike.com_.png-768x433.webp 768w, https:\/\/ecobnb.fr\/blog\/app\/uploads\/sites\/7\/2023\/12\/Parenzana-16_Fonte_istria-bike.com_.png-570x320.webp 570w, https:\/\/ecobnb.fr\/blog\/app\/uploads\/sites\/7\/2023\/12\/Parenzana-16_Fonte_istria-bike.com_.png-344x194.webp 344w\" sizes=\"(max-width: 870px) 100vw, 870px\" \/><figcaption>Photo via istria-bike.com<\/figcaption><\/figure>\n\n\n\n<h2>O\u00f9 se loger en respectant l&rsquo;environnement?<\/h2>\n\n\n\n<p>Choisissez un <a href=\"http:\/\/www.istria-bike.com\/en\/accomodation\/project-info\" target=\"_blank\" rel=\"noreferrer noopener\">h\u00e9bergement pour les cyclistes en Istrie<\/a> ou essayez la <strong>villa de luxe<\/strong> <a href=\"https:\/\/ecobnb.com\/blog\/2020\/05\/eco-domus-healthy-eco-friendly-villas-istria\/\" target=\"_blank\" rel=\"noreferrer noopener\">Eco Domus<\/a>, entour\u00e9e par la nature, pour des <strong>vacances 100% saines<\/strong>. Les h\u00f4tes d&rsquo;Eco Domus prendront soin de votre confort et de votre s\u00e9curit\u00e9, tout en r\u00e9duisant l&rsquo;impact environnementale et en contribuant au bien-\u00eatre de la soci\u00e9t\u00e9. Ils favorisent l&rsquo;ecomobilit\u00e9 en fournissant aussi des<strong> v\u00e9los \u00e0 leurs clients, totalement gratuitement<\/strong>.<\/p>\n\n\n\n<figure class=\"wp-block-image size-large\"><img width=\"870\" height=\"490\" src=\"https:\/\/ecobnb.fr\/blog\/app\/uploads\/sites\/7\/2023\/12\/Parenzana-17_Villa-Baldasi.png-870x490.webp\" alt=\"piscine dans une villa de luxe EcoDomus en Istrie\" class=\"wp-image-4225\" srcset=\"https:\/\/ecobnb.fr\/blog\/app\/uploads\/sites\/7\/2023\/12\/Parenzana-17_Villa-Baldasi.png.webp 870w, https:\/\/ecobnb.fr\/blog\/app\/uploads\/sites\/7\/2023\/12\/Parenzana-17_Villa-Baldasi.png-536x302.webp 536w, https:\/\/ecobnb.fr\/blog\/app\/uploads\/sites\/7\/2023\/12\/Parenzana-17_Villa-Baldasi.png-768x433.webp 768w, https:\/\/ecobnb.fr\/blog\/app\/uploads\/sites\/7\/2023\/12\/Parenzana-17_Villa-Baldasi.png-570x320.webp 570w, https:\/\/ecobnb.fr\/blog\/app\/uploads\/sites\/7\/2023\/12\/Parenzana-17_Villa-Baldasi.png-344x194.webp 344w\" sizes=\"(max-width: 870px) 100vw, 870px\" \/><figcaption>Villa Balda\u0161i<\/figcaption><\/figure>\n\n\n\n<p>Le v\u00e9lo le long de la Parenzana est devenu un moyen tr\u00e8s populaire de <strong>d\u00e9couvrire cette route embl\u00e9matique<\/strong>. Que vous n&rsquo;en empruntiez une partie ou la totalit\u00e9, sans aucun doute vous vivrez des vacances <strong>enthousiasmantes, inspirantes et durables<\/strong>.<\/p>\n\n\n\n<p><em>Image de couverture: Parenzana.net<\/em><\/p>\n","protected":false},"excerpt":{"rendered":"<p>Souhaitez-vous explorer la campagne d&rsquo;Istrie, d\u00e9couvrir des villes m\u00e9di\u00e9vales et traverser des viaducs, des ponts et des tunnels fascinants? Et alors, d\u00e9cidez de parcourir la Parenzana \u00e0 v\u00e9lo! La Parenzana: qu&rsquo;est-ce que c&rsquo;est? La Parenzana est une ancienne voie ferr\u00e9e \u00e0 voie \u00e9troite de 123,1 km de long. Elle permettait la connexion entre nations et [&hellip;]<\/p>\n","protected":false},"author":175,"featured_media":4227,"comment_status":"closed","ping_status":"closed","sticky":false,"template":"","format":"standard","meta":[],"categories":[195,196,1,199],"tags":[423,421,422,18],"acf":[],"yoast_head":"<!-- This site is optimized with the Yoast SEO plugin v19.9 - https:\/\/yoast.com\/wordpress\/plugins\/seo\/ -->\n<title>Parcourir la Parenzana \u00e0 v\u00e9lo: tout ce qu&#039;il faut savoir - Ecobnb<\/title>\n<meta name=\"description\" content=\"Souhaitez-vous vivre des vacances enthousiasmantes et durables en Istrie? Alors, d\u00e9cidez de parcourir la Parenzana \u00e0 v\u00e9lo!\" \/>\n<meta name=\"robots\" content=\"index, follow, max-snippet:-1, max-image-preview:large, max-video-preview:-1\" \/>\n<link rel=\"canonical\" href=\"https:\/\/ecobnb.fr\/blog\/2023\/12\/parcourir-parenzana-a-velo\/\" \/>\n<meta property=\"og:locale\" content=\"fr_FR\" \/>\n<meta property=\"og:type\" content=\"article\" \/>\n<meta property=\"og:title\" content=\"Parcourir la Parenzana \u00e0 v\u00e9lo: tout ce qu&#039;il faut savoir - Ecobnb\" \/>\n<meta property=\"og:description\" content=\"Souhaitez-vous vivre des vacances enthousiasmantes et durables en Istrie? Alors, d\u00e9cidez de parcourir la Parenzana \u00e0 v\u00e9lo!\" \/>\n<meta property=\"og:url\" content=\"https:\/\/ecobnb.fr\/blog\/2023\/12\/parcourir-parenzana-a-velo\/\" \/>\n<meta property=\"og:site_name\" content=\"Ecobnb\" \/>\n<meta property=\"article:published_time\" content=\"2023-12-25T10:08:40+00:00\" \/>\n<meta property=\"article:modified_time\" content=\"2024-01-10T14:31:04+00:00\" \/>\n<meta property=\"og:image\" content=\"https:\/\/ecobnb.fr\/blog\/app\/uploads\/sites\/7\/2023\/12\/parenzana-in-bicicletta-istria.jpg.webp\" \/>\n\t<meta property=\"og:image:width\" content=\"1170\" \/>\n\t<meta property=\"og:image:height\" content=\"490\" \/>\n\t<meta property=\"og:image:type\" content=\"image\/webp\" \/>\n<meta name=\"author\" content=\"Amanda Passerini\" \/>\n<meta name=\"twitter:card\" content=\"summary_large_image\" \/>\n<meta name=\"twitter:label1\" content=\"Written by\" \/>\n\t<meta name=\"twitter:data1\" content=\"Amanda Passerini\" \/>\n\t<meta name=\"twitter:label2\" content=\"Est. reading time\" \/>\n\t<meta name=\"twitter:data2\" content=\"11 minutes\" \/>\n<!-- \/ Yoast SEO plugin. -->","yoast_head_json":{"title":"Parcourir la Parenzana \u00e0 v\u00e9lo: tout ce qu'il faut savoir - Ecobnb","description":"Souhaitez-vous vivre des vacances enthousiasmantes et durables en Istrie? Alors, d\u00e9cidez de parcourir la Parenzana \u00e0 v\u00e9lo!","robots":{"index":"index","follow":"follow","max-snippet":"max-snippet:-1","max-image-preview":"max-image-preview:large","max-video-preview":"max-video-preview:-1"},"canonical":"https:\/\/ecobnb.fr\/blog\/2023\/12\/parcourir-parenzana-a-velo\/","og_locale":"fr_FR","og_type":"article","og_title":"Parcourir la Parenzana \u00e0 v\u00e9lo: tout ce qu'il faut savoir - Ecobnb","og_description":"Souhaitez-vous vivre des vacances enthousiasmantes et durables en Istrie? Alors, d\u00e9cidez de parcourir la Parenzana \u00e0 v\u00e9lo!","og_url":"https:\/\/ecobnb.fr\/blog\/2023\/12\/parcourir-parenzana-a-velo\/","og_site_name":"Ecobnb","article_published_time":"2023-12-25T10:08:40+00:00","article_modified_time":"2024-01-10T14:31:04+00:00","og_image":[{"width":1170,"height":490,"url":"https:\/\/ecobnb.fr\/blog\/app\/uploads\/sites\/7\/2023\/12\/parenzana-in-bicicletta-istria.jpg.webp","type":"image\/webp"}],"author":"Amanda Passerini","twitter_card":"summary_large_image","twitter_misc":{"Written by":"Amanda Passerini","Est. reading time":"11 minutes"},"schema":{"@context":"https:\/\/schema.org","@graph":[{"@type":"WebPage","@id":"https:\/\/ecobnb.fr\/blog\/2023\/12\/parcourir-parenzana-a-velo\/","url":"https:\/\/ecobnb.fr\/blog\/2023\/12\/parcourir-parenzana-a-velo\/","name":"Parcourir la Parenzana \u00e0 v\u00e9lo: tout ce qu'il faut savoir - Ecobnb","isPartOf":{"@id":"https:\/\/ecobnb.fr\/blog\/#website"},"datePublished":"2023-12-25T10:08:40+00:00","dateModified":"2024-01-10T14:31:04+00:00","author":{"@id":"https:\/\/ecobnb.fr\/blog\/#\/schema\/person\/8483f31652d7fa5b2e9f0751b6b3c655"},"description":"Souhaitez-vous vivre des vacances enthousiasmantes et durables en Istrie? Alors, d\u00e9cidez de parcourir la Parenzana \u00e0 v\u00e9lo!","breadcrumb":{"@id":"https:\/\/ecobnb.fr\/blog\/2023\/12\/parcourir-parenzana-a-velo\/#breadcrumb"},"inLanguage":"fr-FR","potentialAction":[{"@type":"ReadAction","target":["https:\/\/ecobnb.fr\/blog\/2023\/12\/parcourir-parenzana-a-velo\/"]}]},{"@type":"BreadcrumbList","@id":"https:\/\/ecobnb.fr\/blog\/2023\/12\/parcourir-parenzana-a-velo\/#breadcrumb","itemListElement":[{"@type":"ListItem","position":1,"name":"Home","item":"https:\/\/ecobnb.fr\/blog\/"},{"@type":"ListItem","position":2,"name":"Parcourir la Parenzana \u00e0 v\u00e9lo: tout ce qu&#8217;il faut savoir"}]},{"@type":"WebSite","@id":"https:\/\/ecobnb.fr\/blog\/#website","url":"https:\/\/ecobnb.fr\/blog\/","name":"Ecobnb","description":"Find sustainable accommodation","potentialAction":[{"@type":"SearchAction","target":{"@type":"EntryPoint","urlTemplate":"https:\/\/ecobnb.fr\/blog\/?s={search_term_string}"},"query-input":"required name=search_term_string"}],"inLanguage":"fr-FR"},{"@type":"Person","@id":"https:\/\/ecobnb.fr\/blog\/#\/schema\/person\/8483f31652d7fa5b2e9f0751b6b3c655","name":"Amanda Passerini","image":{"@type":"ImageObject","inLanguage":"fr-FR","@id":"https:\/\/ecobnb.fr\/blog\/#\/schema\/person\/image\/","url":"https:\/\/secure.gravatar.com\/avatar\/24dbaeaf502c91eeca41d0f988399c22?s=96&d=monsterid&r=g","contentUrl":"https:\/\/secure.gravatar.com\/avatar\/24dbaeaf502c91eeca41d0f988399c22?s=96&d=monsterid&r=g","caption":"Amanda Passerini"},"url":"https:\/\/ecobnb.fr\/blog\/author\/amanda\/"}]}},"_links":{"self":[{"href":"https:\/\/ecobnb.fr\/blog\/wp-json\/wp\/v2\/posts\/4201"}],"collection":[{"href":"https:\/\/ecobnb.fr\/blog\/wp-json\/wp\/v2\/posts"}],"about":[{"href":"https:\/\/ecobnb.fr\/blog\/wp-json\/wp\/v2\/types\/post"}],"author":[{"embeddable":true,"href":"https:\/\/ecobnb.fr\/blog\/wp-json\/wp\/v2\/users\/175"}],"replies":[{"embeddable":true,"href":"https:\/\/ecobnb.fr\/blog\/wp-json\/wp\/v2\/comments?post=4201"}],"version-history":[{"count":25,"href":"https:\/\/ecobnb.fr\/blog\/wp-json\/wp\/v2\/posts\/4201\/revisions"}],"predecessor-version":[{"id":4354,"href":"https:\/\/ecobnb.fr\/blog\/wp-json\/wp\/v2\/posts\/4201\/revisions\/4354"}],"wp:featuredmedia":[{"embeddable":true,"href":"https:\/\/ecobnb.fr\/blog\/wp-json\/wp\/v2\/media\/4227"}],"wp:attachment":[{"href":"https:\/\/ecobnb.fr\/blog\/wp-json\/wp\/v2\/media?parent=4201"}],"wp:term":[{"taxonomy":"category","embeddable":true,"href":"https:\/\/ecobnb.fr\/blog\/wp-json\/wp\/v2\/categories?post=4201"},{"taxonomy":"post_tag","embeddable":true,"href":"https:\/\/ecobnb.fr\/blog\/wp-json\/wp\/v2\/tags?post=4201"}],"curies":[{"name":"wp","href":"https:\/\/api.w.org\/{rel}","templated":true}]}}