{"id":6100,"date":"2024-12-10T07:38:12","date_gmt":"2024-12-10T07:38:12","guid":{"rendered":"https:\/\/ecobnb.fr\/blog\/?p=6100"},"modified":"2024-12-10T07:40:20","modified_gmt":"2024-12-10T07:40:20","slug":"fermo-marches-histoire-nature-saveurs","status":"publish","type":"post","link":"https:\/\/ecobnb.fr\/blog\/2024\/12\/fermo-marches-histoire-nature-saveurs\/","title":{"rendered":"Fermo, le Bijou Secret des Marches: Histoire, Nature et Saveurs"},"content":{"rendered":"\n<p>Les <strong>Marches<\/strong> sont une r\u00e9gion d&rsquo;une beaut\u00e9 extraordinaire, regorgeant de tr\u00e9sors inestimables, et parmi ses collines se distingue une perle encore m\u00e9connue : <strong>Fermo<\/strong>. Cette ville, nich\u00e9e entre la mer Adriatique et les Monts Sibillini, est un bijou \u00e0 d\u00e9couvrir. Avec un pass\u00e9 ancr\u00e9 dans l&rsquo;\u00e9poque <strong>romaine<\/strong> et <strong>m\u00e9di\u00e9vale<\/strong>, Fermo offre une exp\u00e9rience authentique et inoubliable. Se perdre dans ses ruelles historiques, admirer ses palais aristocratiques et savourer sa <strong>cuisine<\/strong> locale, c&rsquo;est un voyage dans le temps et la tradition. Si tu recherches une destination qui t&rsquo;\u00e9merveille et te fait sentir comme un v\u00e9ritable explorateur, loin des circuits touristiques traditionnels, Fermo t&rsquo;attend.<\/p>\n\n\n\n<h2>Que faire et voir \u00e0 Fermo<\/h2>\n\n\n\n<h3>Place du Peuple et Palais des Prieurs<\/h3>\n\n\n\n<figure class=\"wp-block-image size-large\"><img width=\"870\" height=\"490\" src=\"https:\/\/ecobnb.fr\/blog\/app\/uploads\/sites\/7\/2024\/11\/IMG_0940-870x490.jpeg\" alt=\"Place de peuple\" class=\"wp-image-6102\" srcset=\"https:\/\/ecobnb.fr\/blog\/app\/uploads\/sites\/7\/2024\/11\/IMG_0940.jpeg 870w, https:\/\/ecobnb.fr\/blog\/app\/uploads\/sites\/7\/2024\/11\/IMG_0940-536x302.jpeg 536w, https:\/\/ecobnb.fr\/blog\/app\/uploads\/sites\/7\/2024\/11\/IMG_0940-768x433.jpeg 768w, https:\/\/ecobnb.fr\/blog\/app\/uploads\/sites\/7\/2024\/11\/IMG_0940-570x320.jpeg 570w, https:\/\/ecobnb.fr\/blog\/app\/uploads\/sites\/7\/2024\/11\/IMG_0940-344x194.jpeg 344w\" sizes=\"(max-width: 870px) 100vw, 870px\" \/><figcaption>EDUCATTIVO, CC BY-SA 4.0 , Wikimedia Commons<\/figcaption><\/figure>\n\n\n\n<p>Le c\u0153ur de la ville est sans aucun doute la <strong>Place du Peuple<\/strong> , l&rsquo;une des plus belles places des Marches, o\u00f9 r\u00e8gne une atmosph\u00e8re intemporelle. Entour\u00e9e de portiques et de b\u00e2timents historiques, la place est l&rsquo;endroit id\u00e9al pour <strong>se promener<\/strong>, <strong>d\u00e9guster un caf\u00e9 <\/strong>dans l&rsquo;un des bars ou simplement <strong>admirer l&rsquo;architecture Renaissance<\/strong>. Le <strong>Palais des Prieurs<\/strong> , qui donne sur la place, abrite l&rsquo;une des principales attractions : la <strong>Pinacoth\u00e8que Civique<\/strong>, o\u00f9, parmi d&rsquo;autres magnifiques \u0153uvres, on peut admirer &laquo;&nbsp;L&rsquo;Adoration des Bergers&nbsp;&raquo; de Pieter Paul Rubens.<\/p>\n\n\n\n<h3>La Cath\u00e9drale de Fermo<\/h3>\n\n\n\n<p>Un autre joyau de Fermo est la <strong>Cath\u00e9drale<\/strong> de Santa Maria Assunta, situ\u00e9e sur la colline du Girfalco. La fa\u00e7ade romano-gothique est imposante, mais c&rsquo;est l&rsquo;int\u00e9rieur qui surprend par son \u00e9l\u00e9gance n\u00e9oclassique. La cath\u00e9drale abrite les fondations de l&rsquo;ancienne basilique pal\u00e9ochr\u00e9tienne ainsi que la crypte du XVIIIe si\u00e8cle. De l\u00e0, la vue sur la ville et la <strong>mer<\/strong> est spectaculaire, surtout au coucher du soleil, lorsque les collines se teintent de couleurs chaudes.<\/p>\n\n\n\n<h3>Les Citerne Romaines<\/h3>\n\n\n\n<figure class=\"wp-block-image size-large\"><img width=\"870\" height=\"490\" src=\"https:\/\/ecobnb.fr\/blog\/app\/uploads\/sites\/7\/2024\/11\/IMG_0941-870x490.jpeg\" alt=\"Les cisternes \" class=\"wp-image-6103\" srcset=\"https:\/\/ecobnb.fr\/blog\/app\/uploads\/sites\/7\/2024\/11\/IMG_0941.jpeg 870w, https:\/\/ecobnb.fr\/blog\/app\/uploads\/sites\/7\/2024\/11\/IMG_0941-536x302.jpeg 536w, https:\/\/ecobnb.fr\/blog\/app\/uploads\/sites\/7\/2024\/11\/IMG_0941-768x433.jpeg 768w, https:\/\/ecobnb.fr\/blog\/app\/uploads\/sites\/7\/2024\/11\/IMG_0941-570x320.jpeg 570w, https:\/\/ecobnb.fr\/blog\/app\/uploads\/sites\/7\/2024\/11\/IMG_0941-344x194.jpeg 344w\" sizes=\"(max-width: 870px) 100vw, 870px\" \/><figcaption>Diego Baglieri, CC BY-SA 4.0 , Wikimedia Commons<\/figcaption><\/figure>\n\n\n\n<p>Fermo cache aussi des tr\u00e9sors souterrains. Les <strong>Cisternes<\/strong> <strong>Romaines<\/strong> sont l&rsquo;une des attractions les plus fascinantes de la ville et constituent l&rsquo;un des complexes de citernes les plus anciens et les mieux conserv\u00e9s au monde. Construites entre le Ier si\u00e8cle avant J.-C. et le Ier si\u00e8cle apr\u00e8s J.-C., les cisternes \u00e9taient utilis\u00e9es pour collecter et distribuer l&rsquo;eau et, avec leurs plus de 30 salles, elles t\u00e9moignent de l&rsquo;avanc\u00e9e de <strong>l&rsquo;art<\/strong> <strong>hydraulique<\/strong> \u00e0 l&rsquo;\u00e9poque <strong>august\u00e9enne<\/strong>. Parcourir ces labyrinthes souterrains est une exp\u00e9rience <strong>captivante<\/strong> et <strong>unique<\/strong>.<\/p>\n\n\n\n<h3>Le Th\u00e9\u00e2tre de l&rsquo;Aigle<\/h3>\n\n\n\n<p>Pour les amateurs d&rsquo;art et de culture, le <strong>Th\u00e9\u00e2tre de l&rsquo;Aigle<\/strong> est un lieu incontournable. Inaugur\u00e9 en 1791, c&rsquo;est l&rsquo;un des plus grands th\u00e9\u00e2tres historiques des Marches et il enchante avec son plafond d\u00e9cor\u00e9 et son grand lustre \u00e0 56 bras en fer dor\u00e9 et en feuilles de bois. Ce th\u00e9\u00e2tre accueille encore aujourd&rsquo;hui des <strong>spectacles<\/strong> de musique, de danse et de th\u00e9\u00e2tre, permettant aux visiteurs de vivre une exp\u00e9rience artistique dans un cadre extraordinaire. Si vous visitez Fermo pendant la saison th\u00e9\u00e2trale, assister \u00e0 un spectacle ici est une exp\u00e9rience qui vaut vraiment le d\u00e9tour.<\/p>\n\n\n\n<h3>La Biblioth\u00e8que Spezioli<\/h3>\n\n\n\n<p>La <strong>Biblioth\u00e8que Spezioli<\/strong> abrite des volumes rares et anciens, et c&rsquo;est un v\u00e9ritable paradis pour les amateurs de livres et d&rsquo;histoire. Avec ses 3 000 manuscrits, 127 codex et 300 000 documents, la Biblioth\u00e8que de Fermo est, tant par la quantit\u00e9 que par la qualit\u00e9, l&rsquo;une des plus importantes d&rsquo;Italie.<\/p>\n\n\n\n<h2>Excursions Authentiques entre Montagnes et Mer<\/h2>\n\n\n\n<h3>Randonn\u00e9es dans la nature de Fermo<\/h3>\n\n\n\n<figure class=\"wp-block-image size-large\"><img width=\"870\" height=\"490\" src=\"https:\/\/ecobnb.fr\/blog\/app\/uploads\/sites\/7\/2024\/11\/IMG_0942-870x490.png\" alt=\"La nature \" class=\"wp-image-6104\" srcset=\"https:\/\/ecobnb.fr\/blog\/app\/uploads\/sites\/7\/2024\/11\/IMG_0942.png 870w, https:\/\/ecobnb.fr\/blog\/app\/uploads\/sites\/7\/2024\/11\/IMG_0942-536x302.png 536w, https:\/\/ecobnb.fr\/blog\/app\/uploads\/sites\/7\/2024\/11\/IMG_0942-768x433.png 768w, https:\/\/ecobnb.fr\/blog\/app\/uploads\/sites\/7\/2024\/11\/IMG_0942-570x320.png 570w, https:\/\/ecobnb.fr\/blog\/app\/uploads\/sites\/7\/2024\/11\/IMG_0942-344x194.png 344w\" sizes=\"(max-width: 870px) 100vw, 870px\" \/><figcaption>Photo de Canva <\/figcaption><\/figure>\n\n\n\n<p>Fermo, avec son atmosph\u00e8re envo\u00fbtante et ses tr\u00e9sors cach\u00e9s, n\u2019est que le d\u00e9but. \u00c0 quelques kilom\u00e8tres de l\u00e0, les <strong>Monts Sibyllins<\/strong> invitent \u00e0 une immersion totale dans la nature. Le rugissement de l&rsquo;eau d\u00e9valant la <strong>Gola<\/strong> <strong>dell&rsquo;Infernaccio<\/strong> et le vent qui caresse le visage au sommet du <strong>Monte Vettore<\/strong> ne sont que quelques-unes des sensations que l&rsquo;on peut \u00e9prouver en explorant ce <a href=\"https:\/\/ecobnb.fr\/blog\/\" target=\"_blank\" rel=\"noreferrer noopener\">parc national<\/a>. Des sentiers pour tous les go\u00fbts serpentent \u00e0 travers for\u00eats, prairies et gorges, offrant des rencontres uniques avec la <strong>faune<\/strong> locale, comme le majestueux loup <strong>appenninique<\/strong> et l&rsquo;imposante aigle royal.<\/p>\n\n\n\n<p>Mais Fermo, c\u2019est aussi la mer. La c\u00f4te des Marches, avec ses <strong>plages<\/strong> de sable dor\u00e9 et ses eaux cristallines, se trouve \u00e0 quelques pas de la ville. Du <strong>Lido di Fermo<\/strong> au <strong>Lido di San Tommaso<\/strong>, en passant par <strong>Casabianca<\/strong> et la pittoresque <strong>Marina Palmense<\/strong> au pied de <strong>Torre di Palme<\/strong>, la c\u00f4te de Fermo est un encha\u00eenement de panoramas \u00e0 couper le souffle, de plages dor\u00e9es et de galets polis. Un v\u00e9ritable havre de paix et de divertissement, id\u00e9al pour se d\u00e9tendre sous le soleil ou pratiquer des sports nautiques.<\/p>\n\n\n\n<h2>Exp\u00e9riences \u0152nogastronomiques : Les Saveurs de Fermo<\/h2>\n\n\n\n<figure class=\"wp-block-image size-large\"><img width=\"870\" height=\"490\" src=\"https:\/\/ecobnb.fr\/blog\/app\/uploads\/sites\/7\/2024\/11\/IMG_0943-870x490.png\" alt=\"Nourriture\" class=\"wp-image-6105\" srcset=\"https:\/\/ecobnb.fr\/blog\/app\/uploads\/sites\/7\/2024\/11\/IMG_0943.png 870w, https:\/\/ecobnb.fr\/blog\/app\/uploads\/sites\/7\/2024\/11\/IMG_0943-536x302.png 536w, https:\/\/ecobnb.fr\/blog\/app\/uploads\/sites\/7\/2024\/11\/IMG_0943-768x433.png 768w, https:\/\/ecobnb.fr\/blog\/app\/uploads\/sites\/7\/2024\/11\/IMG_0943-570x320.png 570w, https:\/\/ecobnb.fr\/blog\/app\/uploads\/sites\/7\/2024\/11\/IMG_0943-344x194.png 344w\" sizes=\"(max-width: 870px) 100vw, 870px\" \/><figcaption>Photo de Canva <\/figcaption><\/figure>\n\n\n\n<p>Il est impossible de quitter Fermo sans avoir go\u00fbt\u00e9 aux d\u00e9lices de la <strong>cuisine<\/strong> des Marches ! Parmi les plats typiques, on retrouve les <strong>olives<\/strong> <strong>all\u2019ascolana<\/strong>, les <strong>vincisgrassi<\/strong> (une sorte de <strong>lasagnes<\/strong> traditionnelle de la r\u00e9gion) et le <strong>ciauscolo<\/strong>, un <strong>saucisson<\/strong> tendre que l&rsquo;on \u00e9tale comme un <strong>p\u00e2t\u00e9<\/strong>. Pour un d\u00eener inoubliable, go\u00fbtez ces plats et bien d&rsquo;autres dans une osteria ou une trattoria du centre-ville, en les accompagnant peut-\u00eatre de <strong>vins<\/strong> des Marches comme le <strong>Rosso Conero<\/strong> ou le <strong>Verdicchio<\/strong> dei Castelli di Jesi.<\/p>\n\n\n\n<h2>O\u00f9 Loger : Durabilit\u00e9 et Luxe<\/h2>\n\n\n\n<figure class=\"wp-block-image size-full\"><img width=\"770\" height=\"431\" src=\"https:\/\/ecobnb.fr\/blog\/app\/uploads\/sites\/7\/2024\/11\/IMG_0944.webp\" alt=\"La nature, Fermo, Marche\" class=\"wp-image-6106\" srcset=\"https:\/\/ecobnb.fr\/blog\/app\/uploads\/sites\/7\/2024\/11\/IMG_0944.webp 770w, https:\/\/ecobnb.fr\/blog\/app\/uploads\/sites\/7\/2024\/11\/IMG_0944-536x300.webp 536w, https:\/\/ecobnb.fr\/blog\/app\/uploads\/sites\/7\/2024\/11\/IMG_0944-768x430.webp 768w, https:\/\/ecobnb.fr\/blog\/app\/uploads\/sites\/7\/2024\/11\/IMG_0944-570x320.webp 570w, https:\/\/ecobnb.fr\/blog\/app\/uploads\/sites\/7\/2024\/11\/IMG_0944-344x193.webp 344w\" sizes=\"(max-width: 770px) 100vw, 770px\" \/><\/figure>\n\n\n\n<figure class=\"wp-container-2 wp-block-gallery-1 wp-block-gallery has-nested-images columns-default is-cropped\">\n<figure class=\"wp-block-image size-large\"><img width=\"344\" height=\"193\" data-id=\"6109\"  src=\"https:\/\/ecobnb.fr\/blog\/app\/uploads\/sites\/7\/2024\/11\/IMG_0945.webp\" alt=\"Les hotels \" class=\"wp-image-6109\"\/><\/figure>\n\n\n\n<figure class=\"wp-block-image size-large\"><img width=\"344\" height=\"193\" data-id=\"6107\"  src=\"https:\/\/ecobnb.fr\/blog\/app\/uploads\/sites\/7\/2024\/11\/IMG_0946.webp\" alt=\"\" class=\"wp-image-6107\"\/><\/figure>\n\n\n\n<figure class=\"wp-block-image size-large\"><img width=\"344\" height=\"193\" data-id=\"6108\"  src=\"https:\/\/ecobnb.fr\/blog\/app\/uploads\/sites\/7\/2024\/11\/IMG_0947.webp\" alt=\"\" class=\"wp-image-6108\"\/><\/figure>\n<\/figure>\n\n\n\n<p>Mais o\u00f9 <strong>dormir<\/strong> pour vivre une exp\u00e9rience <strong>inoubliable<\/strong> et surtout <strong>durable<\/strong> \u00e0 Fermo ? Dans les <strong>collines<\/strong> ondul\u00e9es du centre des Marches, entre les plages labellis\u00e9es &laquo;&nbsp;Bandiera Blu&nbsp;&raquo; de l&rsquo;Adriatique et les fascinants Monts Sibyllins, se trouve <a href=\"https:\/\/ecobnb.it\/IT-fermo\/appartamento\/award-winning-eco-apartments\/KhFKg\" target=\"_blank\" rel=\"noreferrer noopener\"><strong>Casal dei Fichi<\/strong><\/a>, une maison de campagne transform\u00e9e en 6 grands et luxueux appartements <strong>\u00e9cologiques<\/strong>, chacun avec sa terrasse ou son jardin priv\u00e9. Dans le parc, vous trouverez un jardin biologique, un verger et un jardin d&rsquo;herbes aromatiques, ainsi qu&rsquo;une piscine chauff\u00e9e de 15 x 5 m\u00e8tres.<\/p>\n\n\n\n<p>Fermo est une ville qui sait surprendre par son <strong>histoire<\/strong>, sa <strong>culture<\/strong> et ses <strong>paysages<\/strong>. C&rsquo;est une destination parfaite pour ceux qui souhaitent explorer une ville italienne loin du tourisme de masse, mais riche en beaut\u00e9s \u00e0 d\u00e9couvrir. Si vous recherchez une destination qui vous \u00e9tonne \u00e0 chaque coin de rue, Fermo pourrait bien \u00eatre exactement ce que vous cherchez !<\/p>\n","protected":false},"excerpt":{"rendered":"<p>Les Marches sont une r\u00e9gion d&rsquo;une beaut\u00e9 extraordinaire, regorgeant de tr\u00e9sors inestimables, et parmi ses collines se distingue une perle encore m\u00e9connue : Fermo. Cette ville, nich\u00e9e entre la mer Adriatique et les Monts Sibillini, est un bijou \u00e0 d\u00e9couvrir. Avec un pass\u00e9 ancr\u00e9 dans l&rsquo;\u00e9poque romaine et m\u00e9di\u00e9vale, Fermo offre une exp\u00e9rience authentique et [&hellip;]<\/p>\n","protected":false},"author":189,"featured_media":6111,"comment_status":"closed","ping_status":"closed","sticky":false,"template":"","format":"standard","meta":[],"categories":[199,202],"tags":[484,72,219,486,18],"acf":[],"yoast_head":"<!-- This site is optimized with the Yoast SEO plugin v19.9 - https:\/\/yoast.com\/wordpress\/plugins\/seo\/ -->\n<title>Fermo, le Bijou Secret des Marches: Histoire, Nature et Saveurs<\/title>\n<meta name=\"description\" content=\"D\u00e9couvrez Fermo, un joyau cach\u00e9 des Marches entre mer et montagnes, riche en histoire, nature et aventures authentiques.\" \/>\n<meta name=\"robots\" content=\"index, follow, max-snippet:-1, max-image-preview:large, max-video-preview:-1\" \/>\n<link rel=\"canonical\" href=\"https:\/\/ecobnb.fr\/blog\/2024\/12\/fermo-marches-histoire-nature-saveurs\/\" \/>\n<meta property=\"og:locale\" content=\"fr_FR\" \/>\n<meta property=\"og:type\" content=\"article\" \/>\n<meta property=\"og:title\" content=\"Fermo, le Bijou Secret des Marches: Histoire, Nature et Saveurs\" \/>\n<meta property=\"og:description\" content=\"D\u00e9couvrez Fermo, un joyau cach\u00e9 des Marches entre mer et montagnes, riche en histoire, nature et aventures authentiques.\" \/>\n<meta property=\"og:url\" content=\"https:\/\/ecobnb.fr\/blog\/2024\/12\/fermo-marches-histoire-nature-saveurs\/\" \/>\n<meta property=\"og:site_name\" content=\"Ecobnb\" \/>\n<meta property=\"article:published_time\" content=\"2024-12-10T07:38:12+00:00\" \/>\n<meta property=\"article:modified_time\" content=\"2024-12-10T07:40:20+00:00\" \/>\n<meta property=\"og:image\" content=\"https:\/\/ecobnb.fr\/blog\/app\/uploads\/sites\/7\/2024\/11\/IMG_0939-1.png\" \/>\n\t<meta property=\"og:image:width\" content=\"1170\" \/>\n\t<meta property=\"og:image:height\" content=\"490\" \/>\n\t<meta property=\"og:image:type\" content=\"image\/png\" \/>\n<meta name=\"author\" content=\"Giulia Bellini\" \/>\n<meta name=\"twitter:card\" content=\"summary_large_image\" \/>\n<meta name=\"twitter:label1\" content=\"Written by\" \/>\n\t<meta name=\"twitter:data1\" content=\"Giulia Bellini\" \/>\n\t<meta name=\"twitter:label2\" content=\"Est. reading time\" \/>\n\t<meta name=\"twitter:data2\" content=\"7 minutes\" \/>\n<!-- \/ Yoast SEO plugin. -->","yoast_head_json":{"title":"Fermo, le Bijou Secret des Marches: Histoire, Nature et Saveurs","description":"D\u00e9couvrez Fermo, un joyau cach\u00e9 des Marches entre mer et montagnes, riche en histoire, nature et aventures authentiques.","robots":{"index":"index","follow":"follow","max-snippet":"max-snippet:-1","max-image-preview":"max-image-preview:large","max-video-preview":"max-video-preview:-1"},"canonical":"https:\/\/ecobnb.fr\/blog\/2024\/12\/fermo-marches-histoire-nature-saveurs\/","og_locale":"fr_FR","og_type":"article","og_title":"Fermo, le Bijou Secret des Marches: Histoire, Nature et Saveurs","og_description":"D\u00e9couvrez Fermo, un joyau cach\u00e9 des Marches entre mer et montagnes, riche en histoire, nature et aventures authentiques.","og_url":"https:\/\/ecobnb.fr\/blog\/2024\/12\/fermo-marches-histoire-nature-saveurs\/","og_site_name":"Ecobnb","article_published_time":"2024-12-10T07:38:12+00:00","article_modified_time":"2024-12-10T07:40:20+00:00","og_image":[{"width":1170,"height":490,"url":"https:\/\/ecobnb.fr\/blog\/app\/uploads\/sites\/7\/2024\/11\/IMG_0939-1.png","type":"image\/png"}],"author":"Giulia Bellini","twitter_card":"summary_large_image","twitter_misc":{"Written by":"Giulia Bellini","Est. reading time":"7 minutes"},"schema":{"@context":"https:\/\/schema.org","@graph":[{"@type":"WebPage","@id":"https:\/\/ecobnb.fr\/blog\/2024\/12\/fermo-marches-histoire-nature-saveurs\/","url":"https:\/\/ecobnb.fr\/blog\/2024\/12\/fermo-marches-histoire-nature-saveurs\/","name":"Fermo, le Bijou Secret des Marches: Histoire, Nature et Saveurs","isPartOf":{"@id":"https:\/\/ecobnb.fr\/blog\/#website"},"datePublished":"2024-12-10T07:38:12+00:00","dateModified":"2024-12-10T07:40:20+00:00","author":{"@id":"https:\/\/ecobnb.fr\/blog\/#\/schema\/person\/ed954736690eba09fb18863433684b0c"},"description":"D\u00e9couvrez Fermo, un joyau cach\u00e9 des Marches entre mer et montagnes, riche en histoire, nature et aventures authentiques.","breadcrumb":{"@id":"https:\/\/ecobnb.fr\/blog\/2024\/12\/fermo-marches-histoire-nature-saveurs\/#breadcrumb"},"inLanguage":"fr-FR","potentialAction":[{"@type":"ReadAction","target":["https:\/\/ecobnb.fr\/blog\/2024\/12\/fermo-marches-histoire-nature-saveurs\/"]}]},{"@type":"BreadcrumbList","@id":"https:\/\/ecobnb.fr\/blog\/2024\/12\/fermo-marches-histoire-nature-saveurs\/#breadcrumb","itemListElement":[{"@type":"ListItem","position":1,"name":"Home","item":"https:\/\/ecobnb.fr\/blog\/"},{"@type":"ListItem","position":2,"name":"Fermo, le Bijou Secret des Marches: Histoire, Nature et Saveurs"}]},{"@type":"WebSite","@id":"https:\/\/ecobnb.fr\/blog\/#website","url":"https:\/\/ecobnb.fr\/blog\/","name":"Ecobnb","description":"Find sustainable accommodation","potentialAction":[{"@type":"SearchAction","target":{"@type":"EntryPoint","urlTemplate":"https:\/\/ecobnb.fr\/blog\/?s={search_term_string}"},"query-input":"required name=search_term_string"}],"inLanguage":"fr-FR"},{"@type":"Person","@id":"https:\/\/ecobnb.fr\/blog\/#\/schema\/person\/ed954736690eba09fb18863433684b0c","name":"Giulia Bellini","image":{"@type":"ImageObject","inLanguage":"fr-FR","@id":"https:\/\/ecobnb.fr\/blog\/#\/schema\/person\/image\/","url":"https:\/\/secure.gravatar.com\/avatar\/6389ae4ea32bead2b8fa70db43610195?s=96&d=monsterid&r=g","contentUrl":"https:\/\/secure.gravatar.com\/avatar\/6389ae4ea32bead2b8fa70db43610195?s=96&d=monsterid&r=g","caption":"Giulia Bellini"},"description":"Mi chiamo Giulia e studio lingue moderne. Sono una persona che ha sempre voglia di sperimentare e vivere nuove esperienze. Amo viaggiare e scoprire il mondo.","url":"https:\/\/ecobnb.fr\/blog\/author\/giuliabellini\/"}]}},"_links":{"self":[{"href":"https:\/\/ecobnb.fr\/blog\/wp-json\/wp\/v2\/posts\/6100"}],"collection":[{"href":"https:\/\/ecobnb.fr\/blog\/wp-json\/wp\/v2\/posts"}],"about":[{"href":"https:\/\/ecobnb.fr\/blog\/wp-json\/wp\/v2\/types\/post"}],"author":[{"embeddable":true,"href":"https:\/\/ecobnb.fr\/blog\/wp-json\/wp\/v2\/users\/189"}],"replies":[{"embeddable":true,"href":"https:\/\/ecobnb.fr\/blog\/wp-json\/wp\/v2\/comments?post=6100"}],"version-history":[{"count":9,"href":"https:\/\/ecobnb.fr\/blog\/wp-json\/wp\/v2\/posts\/6100\/revisions"}],"predecessor-version":[{"id":6121,"href":"https:\/\/ecobnb.fr\/blog\/wp-json\/wp\/v2\/posts\/6100\/revisions\/6121"}],"wp:featuredmedia":[{"embeddable":true,"href":"https:\/\/ecobnb.fr\/blog\/wp-json\/wp\/v2\/media\/6111"}],"wp:attachment":[{"href":"https:\/\/ecobnb.fr\/blog\/wp-json\/wp\/v2\/media?parent=6100"}],"wp:term":[{"taxonomy":"category","embeddable":true,"href":"https:\/\/ecobnb.fr\/blog\/wp-json\/wp\/v2\/categories?post=6100"},{"taxonomy":"post_tag","embeddable":true,"href":"https:\/\/ecobnb.fr\/blog\/wp-json\/wp\/v2\/tags?post=6100"}],"curies":[{"name":"wp","href":"https:\/\/api.w.org\/{rel}","templated":true}]}}