{"id":6262,"date":"2025-03-04T18:40:03","date_gmt":"2025-03-04T18:40:03","guid":{"rendered":"https:\/\/ecobnb.fr\/blog\/?p=6262"},"modified":"2025-03-04T18:44:51","modified_gmt":"2025-03-04T18:44:51","slug":"oasis-ecologique-crete-senesi-antico-granaione","status":"publish","type":"post","link":"https:\/\/ecobnb.fr\/blog\/2025\/03\/oasis-ecologique-crete-senesi-antico-granaione\/","title":{"rendered":"Une oasis \u00e9cologique dans les Crete Senesi\u00a0: L\u2019Antico Granaione est racont\u00e9"},"content":{"rendered":"\n<h2>Un voyage entre paysages \u00e0 couper le souffle et choix verts au c\u0153ur de la Toscane<\/h2>\n\n\n\n<p>Dans le pittoresque village de Serre di Rapolano, en province de <strong><a href=\"https:\/\/ecobnb.fr\/sienne\/guide\" target=\"_blank\" rel=\"noreferrer noopener\">Sienne<\/a><\/strong>, <strong>Antico Granaione<\/strong> est une r\u00e9sidence d\u2019\u00e9poque qui offre une exp\u00e9rience <strong>unique<\/strong> au c\u0153ur des <strong>Crete Senesi<\/strong>. Id\u00e9al pour ceux qui recherchent la d\u00e9tente, la nature et l\u2019authenticit\u00e9, le B&amp; B est situ\u00e9 \u00e0 proximit\u00e9 des c\u00e9l\u00e8bres thermes de Rapolano, entour\u00e9 de paysages \u00e0 couper le souffle.<\/p>\n\n\n\n<p>La structure, soigneusement restaur\u00e9e, conserve son \u00e2me authentique avec travertin, briques et plafonds en poutres anciennes. Au centre, une cour fascinante s\u2019ouvre, orn\u00e9e d\u2019un puits du XVIII\u00e8me si\u00e8cle o\u00f9 le temps semble s\u2019\u00eatre arr\u00eat\u00e9.<\/p>\n\n\n\n<figure class=\"wp-block-image size-large\"><img width=\"870\" height=\"490\" src=\"https:\/\/ecobnb.fr\/blog\/app\/uploads\/sites\/7\/2025\/02\/IMG_1204-870x490.jpeg\" alt=\"La ville \" class=\"wp-image-6264\" srcset=\"https:\/\/ecobnb.fr\/blog\/app\/uploads\/sites\/7\/2025\/02\/IMG_1204.jpeg 870w, https:\/\/ecobnb.fr\/blog\/app\/uploads\/sites\/7\/2025\/02\/IMG_1204-536x302.jpeg 536w, https:\/\/ecobnb.fr\/blog\/app\/uploads\/sites\/7\/2025\/02\/IMG_1204-768x433.jpeg 768w, https:\/\/ecobnb.fr\/blog\/app\/uploads\/sites\/7\/2025\/02\/IMG_1204-570x320.jpeg 570w, https:\/\/ecobnb.fr\/blog\/app\/uploads\/sites\/7\/2025\/02\/IMG_1204-344x194.jpeg 344w\" sizes=\"(max-width: 870px) 100vw, 870px\" \/><figcaption>Le B&amp;B Antico Granaione et le village de Serre di Rapolano<\/figcaption><\/figure>\n\n\n\n<p>Nomm\u00e9 aux <strong>Ecobnb Awards<\/strong>, l\u2019Antico Granaione n\u2019est pas seulement une structure d\u2019h\u00e9bergement <strong>\u00e9co-durable<\/strong>\u00a0: c\u2019est une r\u00e9sidence historique qui raconte le charme authentique des <strong>Crete<\/strong> <strong>Senesi<\/strong>. Nous avons eu le plaisir d\u2019interviewer Amedeo, le propri\u00e9taire de cette structure unique, pour <strong>d\u00e9couvrir<\/strong> sa philosophie et l\u2019itin\u00e9raire qui l\u2019a conduit \u00e0 en faire un exemple de tourisme \u00e9cologique.<\/p>\n\n\n\n<h3>Qu\u2019est-ce qui a d\u00e9clench\u00e9 votre passion pour la durabilit\u00e9 environnementale ?<\/h3>\n\n\n\n<p>La conscience de vivre dans un territoire <strong>extraordinaire<\/strong> qui doit \u00eatre prot\u00e9g\u00e9 chaque jour. C\u2019est \u00e0 la fois un privil\u00e8ge et une responsabilit\u00e9.<\/p>\n\n\n\n<figure class=\"wp-block-image size-large\"><img width=\"870\" height=\"490\" src=\"https:\/\/ecobnb.fr\/blog\/app\/uploads\/sites\/7\/2025\/02\/IMG_1205-870x490.jpeg\" alt=\"La r\u00e9sidence \" class=\"wp-image-6265\" srcset=\"https:\/\/ecobnb.fr\/blog\/app\/uploads\/sites\/7\/2025\/02\/IMG_1205.jpeg 870w, https:\/\/ecobnb.fr\/blog\/app\/uploads\/sites\/7\/2025\/02\/IMG_1205-536x302.jpeg 536w, https:\/\/ecobnb.fr\/blog\/app\/uploads\/sites\/7\/2025\/02\/IMG_1205-768x433.jpeg 768w, https:\/\/ecobnb.fr\/blog\/app\/uploads\/sites\/7\/2025\/02\/IMG_1205-570x320.jpeg 570w, https:\/\/ecobnb.fr\/blog\/app\/uploads\/sites\/7\/2025\/02\/IMG_1205-344x194.jpeg 344w\" sizes=\"(max-width: 870px) 100vw, 870px\" \/><figcaption>La R\u00e9sidence d\u2019\u00c9poque Ancien Granaione<\/figcaption><\/figure>\n\n\n\n<h3>Quels sont les aspects fondamentaux de votre parcours de d\u00e9veloppement durable ?<\/h3>\n\n\n\n<p>Nous visons \u00e0 minimiser <strong>l\u2019impact<\/strong> <strong>environnemental<\/strong> gr\u00e2ce aux bonnes pratiques de gestion des installations. Nous essayons \u00e9galement de <strong>sensibiliser<\/strong> nos clients en les invitant \u00e0 vivre une exp\u00e9rience durable pendant leur s\u00e9jour.<\/p>\n\n\n\n<h3>Comment d\u00e9cririez-vous votre h\u00f4te id\u00e9al ?<\/h3>\n\n\n\n<p><strong>L\u2019\u00e9co-voyageur id\u00e9al<\/strong> est celui qui choisit de d\u00e9couvrir le territoire \u00e0 travers les sentiers et les chemins qui le traversent, en se plongeant dans la <strong>nature<\/strong> et la <strong>culture<\/strong> locale.<\/p>\n\n\n\n<figure class=\"wp-block-image size-large\"><img width=\"870\" height=\"490\" src=\"https:\/\/ecobnb.fr\/blog\/app\/uploads\/sites\/7\/2025\/02\/IMG_1207-870x490.jpeg\" alt=\"La nature \" class=\"wp-image-6266\" srcset=\"https:\/\/ecobnb.fr\/blog\/app\/uploads\/sites\/7\/2025\/02\/IMG_1207.jpeg 870w, https:\/\/ecobnb.fr\/blog\/app\/uploads\/sites\/7\/2025\/02\/IMG_1207-536x302.jpeg 536w, https:\/\/ecobnb.fr\/blog\/app\/uploads\/sites\/7\/2025\/02\/IMG_1207-768x433.jpeg 768w, https:\/\/ecobnb.fr\/blog\/app\/uploads\/sites\/7\/2025\/02\/IMG_1207-570x320.jpeg 570w, https:\/\/ecobnb.fr\/blog\/app\/uploads\/sites\/7\/2025\/02\/IMG_1207-344x194.jpeg 344w\" sizes=\"(max-width: 870px) 100vw, 870px\" \/><figcaption>Marcher dans les Crete Senesi. Photos via Canva PRO<\/figcaption><\/figure>\n\n\n\n<h3>Quelle critique vous a le plus excit\u00e9 ?<\/h3>\n\n\n\n<p>Un commentaire a soulign\u00e9 la possibilit\u00e9 de vivre un s\u00e9jour \u00e0 un <strong>rythme<\/strong> <strong>lent<\/strong>, immerg\u00e9 dans la <strong>tranquillit\u00e9<\/strong> et la <strong>beaut\u00e9<\/strong> du paysage. Il nous a fait comprendre que notre philosophie est appr\u00e9ci\u00e9e et que nous pouvons transmettre la valeur de notre travail.<\/p>\n\n\n\n<h3>Nous d\u00e9mentis un mythe&nbsp;: &laquo;&nbsp;Durable&nbsp;&raquo; veut forc\u00e9ment dire &laquo;&nbsp;cher&nbsp;&raquo; ?<\/h3>\n\n\n\n<p>Pas n\u00e9cessairement! Par exemple, nous achetons des mati\u00e8res premi\u00e8res aupr\u00e8s de producteurs locaux, ce qui <strong>r\u00e9duit<\/strong> les transports et <strong>soutient<\/strong> l\u2019\u00e9conomie du territoire. Cela montre que l\u2019\u00e9cologie et l\u2019\u00e9conomie peuvent aller de pair, il suffit de faire des choix \u00e9clair\u00e9s<\/p>\n\n\n\n<figure class=\"wp-block-image size-large\"><img width=\"870\" height=\"490\" src=\"https:\/\/ecobnb.fr\/blog\/app\/uploads\/sites\/7\/2025\/02\/IMG_1208-870x490.jpeg\" alt=\"Une chambre \" class=\"wp-image-6267\" srcset=\"https:\/\/ecobnb.fr\/blog\/app\/uploads\/sites\/7\/2025\/02\/IMG_1208.jpeg 870w, https:\/\/ecobnb.fr\/blog\/app\/uploads\/sites\/7\/2025\/02\/IMG_1208-536x302.jpeg 536w, https:\/\/ecobnb.fr\/blog\/app\/uploads\/sites\/7\/2025\/02\/IMG_1208-768x433.jpeg 768w, https:\/\/ecobnb.fr\/blog\/app\/uploads\/sites\/7\/2025\/02\/IMG_1208-570x320.jpeg 570w, https:\/\/ecobnb.fr\/blog\/app\/uploads\/sites\/7\/2025\/02\/IMG_1208-344x194.jpeg 344w\" sizes=\"(max-width: 870px) 100vw, 870px\" \/><figcaption>Une chambre <\/figcaption><\/figure>\n\n\n\n<h3>Quelles initiatives vertes vous donnent le plus de satisfaction ? Et lesquelles vos invit\u00e9s appr\u00e9cient-ils le plus ?<\/h3>\n\n\n\n<p>Certainement l\u2019attention \u00e0 l\u2019utilisation <strong>responsable<\/strong> de l\u2019eau et de l\u2019\u00e9nergie, les produits \u00e0 z\u00e9ro kilom\u00e8tre et les d\u00e9tergents naturels. Nos clients remarquent et appr\u00e9cient ces d\u00e9tails, qui rendent leur s\u00e9jour <strong>authentique<\/strong> et en harmonie avec <strong>l\u2019environnement<\/strong>.<\/p>\n\n\n\n<h3>Comment les valeurs d\u2019Ecobnb se refl\u00e8tent-elles dans votre structure ?<\/h3>\n\n\n\n<p>Les valeurs <strong>d\u2019Ecobnb<\/strong> ont \u00e9t\u00e9 pour nous une grande motivation. Nous croyons fermement que le tourisme doit devenir une ressource en harmonie avec la nature et nous sommes fiers de contribuer \u00e0 diffuser cette vision.<\/p>\n\n\n\n<figure class=\"wp-block-image size-large\"><img width=\"870\" height=\"490\" src=\"https:\/\/ecobnb.fr\/blog\/app\/uploads\/sites\/7\/2025\/02\/IMG_1209-870x490.jpeg\" alt=\"Le paysage \" class=\"wp-image-6268\" srcset=\"https:\/\/ecobnb.fr\/blog\/app\/uploads\/sites\/7\/2025\/02\/IMG_1209.jpeg 870w, https:\/\/ecobnb.fr\/blog\/app\/uploads\/sites\/7\/2025\/02\/IMG_1209-536x302.jpeg 536w, https:\/\/ecobnb.fr\/blog\/app\/uploads\/sites\/7\/2025\/02\/IMG_1209-768x433.jpeg 768w, https:\/\/ecobnb.fr\/blog\/app\/uploads\/sites\/7\/2025\/02\/IMG_1209-570x320.jpeg 570w, https:\/\/ecobnb.fr\/blog\/app\/uploads\/sites\/7\/2025\/02\/IMG_1209-344x194.jpeg 344w\" sizes=\"(max-width: 870px) 100vw, 870px\" \/><figcaption>Lever de soleil sur les Crete Senesi. Photos via Canva PRO<\/figcaption><\/figure>\n\n\n\n<h2>Une invitation \u00e0 la lenteur<\/h2>\n\n\n\n<p><a href=\"https:\/\/ecobnb.fr\/IT-siena\/bed-breakfast\/antico-granaione-residenza-d-epoca\/NFRtb\" target=\"_blank\" rel=\"noreferrer noopener\"><strong>Au Granaione<\/strong><\/a>, chaque d\u00e9tail invite \u00e0 ralentir, respirer et profiter de la beaut\u00e9 du moment. Des aurores sur les Crete Senesi aux parfums de la cuisine locale, chaque instant est une <strong>\u00e9motion<\/strong> qui restera grav\u00e9e dans vos <strong>souvenirs<\/strong>.<\/p>\n","protected":false},"excerpt":{"rendered":"<p>Un voyage entre paysages \u00e0 couper le souffle et choix verts au c\u0153ur de la Toscane Dans le pittoresque village de Serre di Rapolano, en province de Sienne, Antico Granaione est une r\u00e9sidence d\u2019\u00e9poque qui offre une exp\u00e9rience unique au c\u0153ur des Crete Senesi. Id\u00e9al pour ceux qui recherchent la d\u00e9tente, la nature et l\u2019authenticit\u00e9, [&hellip;]<\/p>\n","protected":false},"author":189,"featured_media":6263,"comment_status":"closed","ping_status":"closed","sticky":false,"template":"","format":"standard","meta":[],"categories":[198,195,199,202],"tags":[],"acf":[],"yoast_head":"<!-- This site is optimized with the Yoast SEO plugin v19.9 - https:\/\/yoast.com\/wordpress\/plugins\/seo\/ -->\n<title>Antico Granaione: une oasis \u00e9cologique dans les Crete Senesi<\/title>\n<meta name=\"description\" content=\"D\u00e9tendez-vous \u00e0 l&#039;Antico Granaione, un h\u00e9bergement \u00e9cologique au c\u0153ur des Crete Senesi. D\u00e9couvrez notre guide pour un week-end de r\u00eave.\" \/>\n<meta name=\"robots\" content=\"index, follow, max-snippet:-1, max-image-preview:large, max-video-preview:-1\" \/>\n<link rel=\"canonical\" href=\"https:\/\/ecobnb.fr\/blog\/2025\/03\/oasis-ecologique-crete-senesi-antico-granaione\/\" \/>\n<meta property=\"og:locale\" content=\"fr_FR\" \/>\n<meta property=\"og:type\" content=\"article\" \/>\n<meta property=\"og:title\" content=\"Antico Granaione: une oasis \u00e9cologique dans les Crete Senesi\" \/>\n<meta property=\"og:description\" content=\"D\u00e9tendez-vous \u00e0 l&#039;Antico Granaione, un h\u00e9bergement \u00e9cologique au c\u0153ur des Crete Senesi. D\u00e9couvrez notre guide pour un week-end de r\u00eave.\" \/>\n<meta property=\"og:url\" content=\"https:\/\/ecobnb.fr\/blog\/2025\/03\/oasis-ecologique-crete-senesi-antico-granaione\/\" \/>\n<meta property=\"og:site_name\" content=\"Ecobnb\" \/>\n<meta property=\"article:published_time\" content=\"2025-03-04T18:40:03+00:00\" \/>\n<meta property=\"article:modified_time\" content=\"2025-03-04T18:44:51+00:00\" \/>\n<meta property=\"og:image\" content=\"https:\/\/ecobnb.fr\/blog\/app\/uploads\/sites\/7\/2025\/02\/IMG_1203.jpeg\" \/>\n\t<meta property=\"og:image:width\" content=\"1170\" \/>\n\t<meta property=\"og:image:height\" content=\"490\" \/>\n\t<meta property=\"og:image:type\" content=\"image\/jpeg\" \/>\n<meta name=\"author\" content=\"Giulia Bellini\" \/>\n<meta name=\"twitter:card\" content=\"summary_large_image\" \/>\n<meta name=\"twitter:label1\" content=\"Written by\" \/>\n\t<meta name=\"twitter:data1\" content=\"Giulia Bellini\" \/>\n\t<meta name=\"twitter:label2\" content=\"Est. reading time\" \/>\n\t<meta name=\"twitter:data2\" content=\"4 minutes\" \/>\n<!-- \/ Yoast SEO plugin. -->","yoast_head_json":{"title":"Antico Granaione: une oasis \u00e9cologique dans les Crete Senesi","description":"D\u00e9tendez-vous \u00e0 l'Antico Granaione, un h\u00e9bergement \u00e9cologique au c\u0153ur des Crete Senesi. D\u00e9couvrez notre guide pour un week-end de r\u00eave.","robots":{"index":"index","follow":"follow","max-snippet":"max-snippet:-1","max-image-preview":"max-image-preview:large","max-video-preview":"max-video-preview:-1"},"canonical":"https:\/\/ecobnb.fr\/blog\/2025\/03\/oasis-ecologique-crete-senesi-antico-granaione\/","og_locale":"fr_FR","og_type":"article","og_title":"Antico Granaione: une oasis \u00e9cologique dans les Crete Senesi","og_description":"D\u00e9tendez-vous \u00e0 l'Antico Granaione, un h\u00e9bergement \u00e9cologique au c\u0153ur des Crete Senesi. D\u00e9couvrez notre guide pour un week-end de r\u00eave.","og_url":"https:\/\/ecobnb.fr\/blog\/2025\/03\/oasis-ecologique-crete-senesi-antico-granaione\/","og_site_name":"Ecobnb","article_published_time":"2025-03-04T18:40:03+00:00","article_modified_time":"2025-03-04T18:44:51+00:00","og_image":[{"width":1170,"height":490,"url":"https:\/\/ecobnb.fr\/blog\/app\/uploads\/sites\/7\/2025\/02\/IMG_1203.jpeg","type":"image\/jpeg"}],"author":"Giulia Bellini","twitter_card":"summary_large_image","twitter_misc":{"Written by":"Giulia Bellini","Est. reading time":"4 minutes"},"schema":{"@context":"https:\/\/schema.org","@graph":[{"@type":"WebPage","@id":"https:\/\/ecobnb.fr\/blog\/2025\/03\/oasis-ecologique-crete-senesi-antico-granaione\/","url":"https:\/\/ecobnb.fr\/blog\/2025\/03\/oasis-ecologique-crete-senesi-antico-granaione\/","name":"Antico Granaione: une oasis \u00e9cologique dans les Crete Senesi","isPartOf":{"@id":"https:\/\/ecobnb.fr\/blog\/#website"},"datePublished":"2025-03-04T18:40:03+00:00","dateModified":"2025-03-04T18:44:51+00:00","author":{"@id":"https:\/\/ecobnb.fr\/blog\/#\/schema\/person\/ed954736690eba09fb18863433684b0c"},"description":"D\u00e9tendez-vous \u00e0 l'Antico Granaione, un h\u00e9bergement \u00e9cologique au c\u0153ur des Crete Senesi. D\u00e9couvrez notre guide pour un week-end de r\u00eave.","breadcrumb":{"@id":"https:\/\/ecobnb.fr\/blog\/2025\/03\/oasis-ecologique-crete-senesi-antico-granaione\/#breadcrumb"},"inLanguage":"fr-FR","potentialAction":[{"@type":"ReadAction","target":["https:\/\/ecobnb.fr\/blog\/2025\/03\/oasis-ecologique-crete-senesi-antico-granaione\/"]}]},{"@type":"BreadcrumbList","@id":"https:\/\/ecobnb.fr\/blog\/2025\/03\/oasis-ecologique-crete-senesi-antico-granaione\/#breadcrumb","itemListElement":[{"@type":"ListItem","position":1,"name":"Home","item":"https:\/\/ecobnb.fr\/blog\/"},{"@type":"ListItem","position":2,"name":"Une oasis \u00e9cologique dans les Crete Senesi\u00a0: L\u2019Antico Granaione est racont\u00e9"}]},{"@type":"WebSite","@id":"https:\/\/ecobnb.fr\/blog\/#website","url":"https:\/\/ecobnb.fr\/blog\/","name":"Ecobnb","description":"Find sustainable accommodation","potentialAction":[{"@type":"SearchAction","target":{"@type":"EntryPoint","urlTemplate":"https:\/\/ecobnb.fr\/blog\/?s={search_term_string}"},"query-input":"required name=search_term_string"}],"inLanguage":"fr-FR"},{"@type":"Person","@id":"https:\/\/ecobnb.fr\/blog\/#\/schema\/person\/ed954736690eba09fb18863433684b0c","name":"Giulia Bellini","image":{"@type":"ImageObject","inLanguage":"fr-FR","@id":"https:\/\/ecobnb.fr\/blog\/#\/schema\/person\/image\/","url":"https:\/\/secure.gravatar.com\/avatar\/6389ae4ea32bead2b8fa70db43610195?s=96&d=monsterid&r=g","contentUrl":"https:\/\/secure.gravatar.com\/avatar\/6389ae4ea32bead2b8fa70db43610195?s=96&d=monsterid&r=g","caption":"Giulia Bellini"},"description":"Mi chiamo Giulia e studio lingue moderne. Sono una persona che ha sempre voglia di sperimentare e vivere nuove esperienze. Amo viaggiare e scoprire il mondo.","url":"https:\/\/ecobnb.fr\/blog\/author\/giuliabellini\/"}]}},"_links":{"self":[{"href":"https:\/\/ecobnb.fr\/blog\/wp-json\/wp\/v2\/posts\/6262"}],"collection":[{"href":"https:\/\/ecobnb.fr\/blog\/wp-json\/wp\/v2\/posts"}],"about":[{"href":"https:\/\/ecobnb.fr\/blog\/wp-json\/wp\/v2\/types\/post"}],"author":[{"embeddable":true,"href":"https:\/\/ecobnb.fr\/blog\/wp-json\/wp\/v2\/users\/189"}],"replies":[{"embeddable":true,"href":"https:\/\/ecobnb.fr\/blog\/wp-json\/wp\/v2\/comments?post=6262"}],"version-history":[{"count":2,"href":"https:\/\/ecobnb.fr\/blog\/wp-json\/wp\/v2\/posts\/6262\/revisions"}],"predecessor-version":[{"id":6334,"href":"https:\/\/ecobnb.fr\/blog\/wp-json\/wp\/v2\/posts\/6262\/revisions\/6334"}],"wp:featuredmedia":[{"embeddable":true,"href":"https:\/\/ecobnb.fr\/blog\/wp-json\/wp\/v2\/media\/6263"}],"wp:attachment":[{"href":"https:\/\/ecobnb.fr\/blog\/wp-json\/wp\/v2\/media?parent=6262"}],"wp:term":[{"taxonomy":"category","embeddable":true,"href":"https:\/\/ecobnb.fr\/blog\/wp-json\/wp\/v2\/categories?post=6262"},{"taxonomy":"post_tag","embeddable":true,"href":"https:\/\/ecobnb.fr\/blog\/wp-json\/wp\/v2\/tags?post=6262"}],"curies":[{"name":"wp","href":"https:\/\/api.w.org\/{rel}","templated":true}]}}