{"id":6274,"date":"2025-02-11T19:24:10","date_gmt":"2025-02-11T19:24:10","guid":{"rendered":"https:\/\/ecobnb.fr\/blog\/?p=6274"},"modified":"2025-02-11T19:29:26","modified_gmt":"2025-02-11T19:29:26","slug":"sentiers-sculptures-vaia-oeuvres-bois-martalar","status":"publish","type":"post","link":"https:\/\/ecobnb.fr\/blog\/2025\/02\/sentiers-sculptures-vaia-oeuvres-bois-martalar\/","title":{"rendered":"Sur les sentiers des sculptures de Vaia\u00a0: les \u0153uvres en bois de Marco Martalar"},"content":{"rendered":"\n<p>Les sculptures de <strong>Marco<\/strong> <strong>Martalar<\/strong>, artiste du bois de renomm\u00e9e mondiale, racontent une histoire de renaissance et de connexion avec la nature. Avec les restes des arbres ravag\u00e9s par la temp\u00eate Vaia de 2018, Martalar a cr\u00e9\u00e9 des \u0153uvres d\u2019art uniques et suggestives, diss\u00e9min\u00e9es dans les for\u00eats et les montagnes du <a href=\"https:\/\/ecobnb.fr\/blog\/2023\/06\/comment-trouver-hebergements-ecologiques\/\" target=\"_blank\" rel=\"noreferrer noopener\">Trentin<\/a> et de la V\u00e9n\u00e9tie. Chacune de ces sculptures est un hommage \u00e0 la nature et un message d\u2019espoir, de m\u00e9moire et de r\u00e9g\u00e9n\u00e9ration.<\/p>\n\n\n\n<p>Pr\u00e9parez votre sac \u00e0 dos et d\u00e9couvrez avec nous quelques-unes de ses <strong>\u0153uvres<\/strong> les plus <strong>fascinantes<\/strong>, parmi des for\u00eats enchant\u00e9es et des panoramas \u00e0 couper le souffle!<\/p>\n\n\n\n<h2>Le Dragon Vaia de Lavarone<\/h2>\n\n\n\n<h3>Un g\u00e9ant en bois qui raconte une histoire de r\u00e9silience<\/h3>\n\n\n\n<figure class=\"wp-block-image size-large\"><img width=\"870\" height=\"490\" src=\"https:\/\/ecobnb.fr\/blog\/app\/uploads\/sites\/7\/2025\/02\/IMG_1222-870x490.jpeg\" alt=\"Le dragon \" class=\"wp-image-6276\" srcset=\"https:\/\/ecobnb.fr\/blog\/app\/uploads\/sites\/7\/2025\/02\/IMG_1222.jpeg 870w, https:\/\/ecobnb.fr\/blog\/app\/uploads\/sites\/7\/2025\/02\/IMG_1222-536x302.jpeg 536w, https:\/\/ecobnb.fr\/blog\/app\/uploads\/sites\/7\/2025\/02\/IMG_1222-768x433.jpeg 768w, https:\/\/ecobnb.fr\/blog\/app\/uploads\/sites\/7\/2025\/02\/IMG_1222-570x320.jpeg 570w, https:\/\/ecobnb.fr\/blog\/app\/uploads\/sites\/7\/2025\/02\/IMG_1222-344x194.jpeg 344w\" sizes=\"(max-width: 870px) 100vw, 870px\" \/><\/figure>\n\n\n\n<p>Parmi toutes les <strong>sculptures<\/strong>, la <strong>Dragon Vaia Regeneration<\/strong> est sans aucun doute la plus embl\u00e9matique. Avec ses 16 m\u00e8tres de long, 7 m\u00e8tres de haut et un poids de 6 tonnes de bois carbonis\u00e9, c\u2019est la plus grande sculpture de dragon en bois au monde.<\/p>\n\n\n\n<p>Cette \u0153uvre <strong>majestueuse<\/strong> est un symbole de <strong>r\u00e9silience<\/strong>&nbsp;: sa version originale, connue sous le nom de &laquo;&nbsp;<strong>Dragon ail\u00e9 de Magr\u00e8<\/strong>&laquo;&nbsp;, a \u00e9t\u00e9 d\u00e9truite par un incendie en 2023, mais elle est ressuscit\u00e9e en 2024 \u00e0 partir de ses cendres.<\/p>\n\n\n\n<p>Le sentier du dragon est un circuit id\u00e9al pour les familles, qui peut \u00e9galement \u00eatre parcouru en v\u00e9lo \u00e9lectrique. En hiver, il se transforme en un itin\u00e9raire <strong>magique<\/strong> pour les raquettes! Vous commencez par le parking Pal\u00f9, en suivant les indications pour <strong>Magr\u00e8<\/strong> <strong>Tablat<\/strong>. Apr\u00e8s avoir admir\u00e9 le Dragon, vous pouvez continuer le sentier en descente vers le lac de <strong>Lavarone<\/strong>, o\u00f9 il est possible de profiter d\u2019une pause <strong>r\u00e9g\u00e9n\u00e9rante<\/strong>.<\/p>\n\n\n\n<p><strong>Info<\/strong>: <a href=\"https:\/\/www.google.it\/maps\/place\/Drago+Vaia+Regeneration\/@45.9442779,11.2759817,797m\/data=!3m2!1e3!4b1!4m6!3m5!1s0x4778a3f65c4e03f7:0xe016e92d67571f4!8m2!3d45.9442742!4d11.2785566!16s%2Fg%2F11rjjjcw8v?entry=ttu&amp;g_ep=EgoyMDI1MDEyOS4xIKXMDSoASAFQAw%3D%3D\" target=\"_blank\" rel=\"noreferrer noopener\">google maps<\/a><\/p>\n\n\n\n<figure class=\"wp-block-image size-large\"><img width=\"870\" height=\"490\" src=\"https:\/\/ecobnb.fr\/blog\/app\/uploads\/sites\/7\/2025\/02\/IMG_1223-870x490.jpeg\" alt=\"Un cycliste \" class=\"wp-image-6277\" srcset=\"https:\/\/ecobnb.fr\/blog\/app\/uploads\/sites\/7\/2025\/02\/IMG_1223.jpeg 870w, https:\/\/ecobnb.fr\/blog\/app\/uploads\/sites\/7\/2025\/02\/IMG_1223-536x302.jpeg 536w, https:\/\/ecobnb.fr\/blog\/app\/uploads\/sites\/7\/2025\/02\/IMG_1223-768x433.jpeg 768w, https:\/\/ecobnb.fr\/blog\/app\/uploads\/sites\/7\/2025\/02\/IMG_1223-570x320.jpeg 570w, https:\/\/ecobnb.fr\/blog\/app\/uploads\/sites\/7\/2025\/02\/IMG_1223-344x194.jpeg 344w\" sizes=\"(max-width: 870px) 100vw, 870px\" \/><\/figure>\n\n\n\n<h2>2.La Lupa del Lagorai \u00e0 Vetriolo Terme<\/h2>\n\n\n\n<h3>La gardienne silencieuse de la Valsugana<\/h3>\n\n\n\n<p>R\u00e9alis\u00e9e avec environ 2000 morceaux de bois r\u00e9cup\u00e9r\u00e9s, la <strong>Lupa del Lagorai<\/strong> incarne la force et l\u2019\u00e9l\u00e9gance d\u2019un des animaux les plus embl\u00e9matiques de <strong>l\u2019\u00e9cosyst\u00e8me<\/strong> <strong>alpin<\/strong>. Situ\u00e9e \u00e0 1600 m\u00e8tres d\u2019altitude, elle offre une vue spectaculaire sur la Valsugana et les lacs de <strong>Levico<\/strong> et <strong>Caldonazzo<\/strong>.<\/p>\n\n\n\n<p>Le parcours commence \u00e0 <strong>Vetriolo<\/strong> <strong>Terme<\/strong> et serpente le long de routes goudronn\u00e9es et de chemins de terre, en passant par le pittoresque Pian della Casara. En continuant, vous atteignez la <strong>Cima<\/strong> <strong>Panarotta<\/strong>, d\u2019o\u00f9 vous pouvez profiter d\u2019une vue spectaculaire, avant de revenir au point de d\u00e9part.<\/p>\n\n\n\n<p><strong>Info<\/strong>: <a href=\"https:\/\/www.google.it\/maps\/place\/%22Lupa+del+Lagorai%22+di+Marco+Martalar\/@46.0427421,11.3249976,796m\/data=!3m2!1e3!4b1!4m6!3m5!1s0x47789b3dfb7f2b2f:0x905cea0e6f2a95dc!8m2!3d46.0427384!4d11.3275725!16s%2Fg%2F11tcbkks1g?entry=ttu&amp;g_ep=EgoyMDI1MDEyOS4xIKXMDSoASAFQAw%3D%3D\" target=\"_blank\" rel=\"noreferrer noopener\">google maps<\/a><\/p>\n\n\n\n<figure class=\"wp-block-embed is-type-video is-provider-youtube wp-block-embed-youtube wp-embed-aspect-16-9 wp-has-aspect-ratio\"><div class=\"wp-block-embed__wrapper\">\n<div class=\"embed-container\"><iframe loading=\"lazy\" title=\"Lupa del Lagorai\" width=\"1170\" height=\"658\" src=\"https:\/\/www.youtube.com\/embed\/1nFzcXggT_A?feature=oembed&#038;enablejsapi=1&#038;origin=https:\/\/ecobnb.fr\" frameborder=\"0\" allow=\"accelerometer; autoplay; clipboard-write; encrypted-media; gyroscope; picture-in-picture; web-share\" referrerpolicy=\"strict-origin-when-cross-origin\" allowfullscreen><\/iframe><\/div>\n<\/div><\/figure>\n\n\n\n<h2>3. L\u2019Aigle Vaia de Marcesina<\/h2>\n\n\n\n<h3>Le rapace qui domine la Valsugana<\/h3>\n\n\n\n<p>Avec ses 7 m\u00e8tres de haut et 5 m\u00e8tres de long, l\u2019Aigle de Vaia est la plus grande sculpture en <strong>bois<\/strong> d\u2019Europe. Situ\u00e9e \u00e0 Monte Cucco, dans la basse <strong>Valsugana<\/strong>, elle repr\u00e9sente la libert\u00e9 et la puissance du majestueux rapace alpin.<\/p>\n\n\n\n<p>Le chemin le plus facile pour y arriver part du Refuge Valmaron, traverse le Refuge <strong>Marcesina<\/strong> et le Refuge <strong>Barricata<\/strong>, et culmine en moins de 5 minutes \u00e0 pied du point <strong>panoramique<\/strong> o\u00f9 se trouve l\u2019\u0153uvre.<\/p>\n\n\n\n<p><strong>Info<\/strong>:<a href=\"https:\/\/www.google.it\/maps\/place\/%22Aquila+Vaia+di+Marcesina%22+di+Marco+Martalar\/@45.9795885,11.5919471,797m\/data=!3m2!1e3!4b1!4m6!3m5!1s0x4778eb4865f2c7cb:0x95ea117553890b7a!8m2!3d45.9795848!4d11.594522!16s%2Fg%2F11v12z9k4k?entry=ttu&amp;g_ep=EgoyMDI1MDEyOS4xIKXMDSoASAFQAw%3D%3D\" target=\"_blank\" rel=\"noreferrer noopener\"> google maps<\/a><\/p>\n\n\n\n<figure class=\"wp-block-embed is-type-video is-provider-youtube wp-block-embed-youtube wp-embed-aspect-16-9 wp-has-aspect-ratio\"><div class=\"wp-block-embed__wrapper\">\n<div class=\"embed-container\"><iframe loading=\"lazy\" title=\"L&#039;aquila Vaia - Piana di Marcesina\" width=\"1170\" height=\"658\" src=\"https:\/\/www.youtube.com\/embed\/KIRQ9UCZFdI?feature=oembed&#038;enablejsapi=1&#038;origin=https:\/\/ecobnb.fr\" frameborder=\"0\" allow=\"accelerometer; autoplay; clipboard-write; encrypted-media; gyroscope; picture-in-picture; web-share\" referrerpolicy=\"strict-origin-when-cross-origin\" allowfullscreen><\/iframe><\/div>\n<\/div><\/figure>\n\n\n\n<h2>4. L\u2019Ours du Pradel \u00e0 Molveno<\/h2>\n\n\n\n<h3>Un g\u00e9ant de bois dans les Dolomites de Brenta<\/h3>\n\n\n\n<p>Immerg\u00e9e au c\u0153ur des <strong>Dolomites<\/strong> de <strong>Brenta<\/strong>, la sculpture de l\u2019ours du Pradel c\u00e9l\u00e8bre le lien entre l\u2019homme et l\u2019ours brun, symbole de la faune alpine. Avec ses 6 m\u00e8tres de haut et 8 de long, c\u2019est l\u2019une des \u0153uvres les plus impressionnantes de Martalar.<\/p>\n\n\n\n<p>Il est situ\u00e9 \u00e0 proximit\u00e9 du refuge Montanara, accessible par la t\u00e9l\u00e9cabine La Panoramica et le t\u00e9l\u00e9si\u00e8ge Pradel &#8211; Palon di Tovre. Pour les amateurs de trekking, le sentier panoramique de Pradel \u00e0 la Montanara est une merveilleuse alternative, avec des <strong>panoramas<\/strong> \u00e9poustouflants tout au long du parcours.<\/p>\n\n\n\n<p>Info: <a href=\"https:\/\/www.google.it\/maps\/place\/%22Orso+del+Pradel%22+di+Marco+Martalar\/@46.1592823,10.9486092,794m\/data=!3m1!1e3!4m10!1m2!2m1!1sL%E2%80%99Orso+del+Pradel+a+Molveno!3m6!1s0x478267004fbfad65:0x5d3e57dfc7f508df!8m2!3d46.1592823!4d10.9533728!15sCh1M4oCZT3JzbyBkZWwgUHJhZGVsIGEgTW9sdmVub1obIhlvcnNvIGRlbCBwcmFkZWwgYSBtb2x2ZW5vkgESdG91cmlzdF9hdHRyYWN0aW9umgEjQ2haRFNVaE5NRzluUzBWSlEwRm5TVU5JZDNWWVVWQkJFQUXgAQD6AQUIhAIQIg!16s%2Fg%2F11lmhtp72j?entry=ttu&amp;g_ep=EgoyMDI1MDEyOS4xIKXMDSoASAFQAw%3D%3D\" target=\"_blank\" rel=\"noreferrer noopener\">google maps<\/a><\/p>\n\n\n\n<figure class=\"wp-block-embed is-type-video is-provider-youtube wp-block-embed-youtube wp-embed-aspect-16-9 wp-has-aspect-ratio\"><div class=\"wp-block-embed__wrapper\">\n<div class=\"embed-container\"><iframe loading=\"lazy\" title=\"Orso Vaia \u00e8 nato #orso #tempestavaia #martalar #pradel #molveno #trentinoaltoadige\" width=\"1170\" height=\"658\" src=\"https:\/\/www.youtube.com\/embed\/3QdE-SJetAo?feature=oembed&#038;enablejsapi=1&#038;origin=https:\/\/ecobnb.fr\" frameborder=\"0\" allow=\"accelerometer; autoplay; clipboard-write; encrypted-media; gyroscope; picture-in-picture; web-share\" referrerpolicy=\"strict-origin-when-cross-origin\" allowfullscreen><\/iframe><\/div>\n<\/div><\/figure>\n\n\n\n<h2>5. Le Griffon Vaia du Tesino<\/h2>\n\n\n\n<h3>Union entre le Trentin et la V\u00e9n\u00e9tie<\/h3>\n\n\n\n<p>Symbole de l\u2019union entre le <strong>Trentin<\/strong> et la <strong>V\u00e9n\u00e9tie<\/strong>, le <strong>Vaia<\/strong> est une figure mythologique qui fusionne l\u2019aigle du Trentin et le lion ail\u00e9 v\u00e9nitien. Situ\u00e9e \u00e0 la limite des deux r\u00e9gions, la sculpture domine le bassin du Tesino et offre une vue exceptionnelle sur Cima d\u2019Asta.<\/p>\n\n\n\n<p>Pour y arriver, vous pouvez vous garer \u00e0 <strong>Celado<\/strong>, en choisissant entre deux points de d\u00e9part\u00a0: le restaurant Ai Larici ou le restaurant Al Cacciatore. Pour les plus aventureux, le parcours commence \u00e0 Castel Tesino, o\u00f9 sur la Piazza San Giorgio se trouvent des indications pour un sentier de 3,4 km, qui peut \u00eatre parcouru en une heure et demie environ.<\/p>\n\n\n\n<p><strong>Info<\/strong>: <a href=\"https:\/\/www.google.it\/maps\/place\/%22Grifone+Vaia+del+Tesino%22+di+Marco+Martalar\/@46.0471287,11.6448412,796m\/data=!3m2!1e3!4b1!4m6!3m5!1s0x4778ed8706b6f597:0xe941da9b07ed181e!8m2!3d46.047125!4d11.6474161!16s%2Fg%2F11tf3yv85c?entry=ttu&amp;g_ep=EgoyMDI1MDEyOS4xIKXMDSoASAFQAw%3D%3D\" target=\"_blank\" rel=\"noreferrer noopener\">google maps<\/a><\/p>\n\n\n\n<figure class=\"wp-block-embed is-type-video is-provider-youtube wp-block-embed-youtube wp-embed-aspect-16-9 wp-has-aspect-ratio\"><div class=\"wp-block-embed__wrapper\">\n<div class=\"embed-container\"><iframe loading=\"lazy\" title=\"Grifone di vaia\" width=\"1170\" height=\"658\" src=\"https:\/\/www.youtube.com\/embed\/NASi2TyMcqk?feature=oembed&#038;enablejsapi=1&#038;origin=https:\/\/ecobnb.fr\" frameborder=\"0\" allow=\"accelerometer; autoplay; clipboard-write; encrypted-media; gyroscope; picture-in-picture; web-share\" referrerpolicy=\"strict-origin-when-cross-origin\" allowfullscreen><\/iframe><\/div>\n<\/div><\/figure>\n\n\n\n<h2>6. Le Haflinger de Strembo<\/h2>\n\n\n\n<h3>L\u2019hommage au cheval symbole du Val Rendena<\/h3>\n\n\n\n<p>C\u00e9l\u00e9brant le l\u00e9gendaire cheval haflinger, symbole de <strong>l\u2019agriculture<\/strong> du Val Rendena, le cheval Vaia est l\u2019une des sculptures les plus impressionnantes de Martalar. Haute de 7 m\u00e8tres et r\u00e9alis\u00e9e en bois de m\u00e9l\u00e8ze, c\u2019est le plus grand cheval en bois d\u2019Europe.<\/p>\n\n\n\n<p>Cette \u0153uvre est situ\u00e9e dans le parc Giorgio Ducoli \u00e0 <strong>Strembo<\/strong>, au c\u0153ur du parc naturel <strong>Adamello<\/strong> Brenta, et est facilement accessible \u00e0 pied ou en v\u00e9lo depuis la piste cyclable de Val Rendena. Alternativement, si vous partez \u00e0 pied ou en v\u00e9lo \u00e9lectrique de <strong>Pinzolo<\/strong>, vous pouvez suivre le sentier de la sant\u00e9 qui traverse la for\u00eat pour arriver \u00e0 Caderzone Terme et de l\u00e0, en quelques minutes, atteindre la sculpture.<\/p>\n\n\n\n<p><strong>Info<\/strong>: <a href=\"https:\/\/www.google.it\/maps\/place\/%22Haflinger%22+di+Marco+Martalar\/@46.1230941,10.7516741,795m\/data=!3m2!1e3!4b1!4m6!3m5!1s0x478243b658b71be9:0x5f991f5c9020777a!8m2!3d46.1230904!4d10.754249!16s%2Fg%2F11vjfsm709?entry=ttu&amp;g_ep=EgoyMDI1MDEyOS4xIKXMDSoASAFQAw%3D%3D\" target=\"_blank\" rel=\"noreferrer noopener\">google map<\/a><\/p>\n\n\n\n<figure class=\"wp-block-embed is-type-video is-provider-youtube wp-block-embed-youtube wp-embed-aspect-16-9 wp-has-aspect-ratio\"><div class=\"wp-block-embed__wrapper\">\n<div class=\"embed-container\"><iframe loading=\"lazy\" title=\"Cavallo Haflinger di Strembo (TN)\" width=\"1170\" height=\"658\" src=\"https:\/\/www.youtube.com\/embed\/Hwp6djWYnyw?feature=oembed&#038;enablejsapi=1&#038;origin=https:\/\/ecobnb.fr\" frameborder=\"0\" allow=\"accelerometer; autoplay; clipboard-write; encrypted-media; gyroscope; picture-in-picture; web-share\" referrerpolicy=\"strict-origin-when-cross-origin\" allowfullscreen><\/iframe><\/div>\n<\/div><\/figure>\n\n\n\n<h2>7. La Gardienne sur l\u2019\u00eele de la Chartreuse<\/h2>\n\n\n\n<h3>De la montagne \u00e0 la mer, l\u2019appel de la lagune<\/h3>\n\n\n\n<p>\u00c0 <strong>Venise<\/strong>, sur l\u2019\u00eele de la Chartreuse, Martalar a r\u00e9alis\u00e9 &laquo;&nbsp;La Custode&nbsp;&raquo;, une suggestive figure f\u00e9minine de 3 m\u00e8tres de haut, cr\u00e9\u00e9e avec des branches et des \u00e9corces de d\u00e9chets r\u00e9cup\u00e9r\u00e9es par le nettoyage de l\u2019\u00eele et les cordes des ferries. Une \u0153uvre qui invite \u00e0 r\u00e9fl\u00e9chir sur la protection de l\u2019environnement.<\/p>\n\n\n\n<p>Pour la visiter, prenez le vaporetto ligne 4.1 de la gare de Venise Santa Lucia et descendez \u00e0 l\u2019arr\u00eat <strong>Certosa<\/strong>. Le trajet dure environ 40 minutes.<\/p>\n\n\n\n<p><strong>Info<\/strong>: <a href=\"https:\/\/www.google.it\/maps\/place\/%22La+Custode%22+di+Marco+Martalar\/@45.4314704,12.3677664,805m\/data=!3m2!1e3!4b1!4m6!3m5!1s0x477eaf4a70334523:0x19ef74a79bb45b12!8m2!3d45.4314667!4d12.3703413!16s%2Fg%2F11q1vr49g0?entry=ttu&amp;g_ep=EgoyMDI1MDEyOS4xIKXMDSoASAFQAw%3D%3D\" target=\"_blank\" rel=\"noreferrer noopener\">google maps<\/a><\/p>\n\n\n\n<figure class=\"wp-block-embed is-type-video is-provider-youtube wp-block-embed-youtube wp-embed-aspect-16-9 wp-has-aspect-ratio\"><div class=\"wp-block-embed__wrapper\">\n<div class=\"embed-container\"><iframe loading=\"lazy\" title=\"&quot;La custode&quot; \/&quot;The caretaker&quot; Certosa - Venezia\" width=\"1170\" height=\"658\" src=\"https:\/\/www.youtube.com\/embed\/h24_XsXnT9Q?feature=oembed&#038;enablejsapi=1&#038;origin=https:\/\/ecobnb.fr\" frameborder=\"0\" allow=\"accelerometer; autoplay; clipboard-write; encrypted-media; gyroscope; picture-in-picture; web-share\" referrerpolicy=\"strict-origin-when-cross-origin\" allowfullscreen><\/iframe><\/div>\n<\/div><\/figure>\n\n\n\n<h2>Un voyage entre art et nature<\/h2>\n\n\n\n<p>Les sentiers de la sculpture de Vaia ne sont pas seulement un itin\u00e9raire <strong>artistique<\/strong>, mais une <strong>exp\u00e9rience<\/strong> <strong>\u00e9motionnelle<\/strong> qui c\u00e9l\u00e8bre la r\u00e9silience de la nature et le talent de Marco Matalar. Ces <strong>\u0153uvres<\/strong> transforment les signes de la <strong>destruction<\/strong> en symboles <strong>d\u2019espoir<\/strong> et de <strong>renaissance<\/strong>, nous invitant \u00e0 red\u00e9couvrir le lien profond entre l\u2019homme et <strong>l\u2019environnement<\/strong>. Pr\u00eat \u00e0 partir pour cette aventure entre <strong>art<\/strong> et <strong>nature<\/strong> ?<\/p>\n","protected":false},"excerpt":{"rendered":"<p>Les sculptures de Marco Martalar, artiste du bois de renomm\u00e9e mondiale, racontent une histoire de renaissance et de connexion avec la nature. Avec les restes des arbres ravag\u00e9s par la temp\u00eate Vaia de 2018, Martalar a cr\u00e9\u00e9 des \u0153uvres d\u2019art uniques et suggestives, diss\u00e9min\u00e9es dans les for\u00eats et les montagnes du Trentin et de la [&hellip;]<\/p>\n","protected":false},"author":189,"featured_media":6275,"comment_status":"closed","ping_status":"closed","sticky":false,"template":"","format":"standard","meta":[],"categories":[195],"tags":[493,219,233,494,495],"acf":[],"yoast_head":"<!-- This site is optimized with the Yoast SEO plugin v19.9 - https:\/\/yoast.com\/wordpress\/plugins\/seo\/ -->\n<title>Sculptures de Vaia : 7 chemins entre art et nature - Ecobnb<\/title>\n<meta name=\"description\" content=\"Vous voulez d\u00e9couvrir les c\u00e9l\u00e8bres et belles sculptures de Vaia? Ici vous trouverez une liste des plus importantes!\" \/>\n<meta name=\"robots\" content=\"index, follow, max-snippet:-1, max-image-preview:large, max-video-preview:-1\" \/>\n<link rel=\"canonical\" href=\"https:\/\/ecobnb.fr\/blog\/2025\/02\/sentiers-sculptures-vaia-oeuvres-bois-martalar\/\" \/>\n<meta property=\"og:locale\" content=\"fr_FR\" \/>\n<meta property=\"og:type\" content=\"article\" \/>\n<meta property=\"og:title\" content=\"Sculptures de Vaia : 7 chemins entre art et nature - Ecobnb\" \/>\n<meta property=\"og:description\" content=\"Vous voulez d\u00e9couvrir les c\u00e9l\u00e8bres et belles sculptures de Vaia? Ici vous trouverez une liste des plus importantes!\" \/>\n<meta property=\"og:url\" content=\"https:\/\/ecobnb.fr\/blog\/2025\/02\/sentiers-sculptures-vaia-oeuvres-bois-martalar\/\" \/>\n<meta property=\"og:site_name\" content=\"Ecobnb\" \/>\n<meta property=\"article:published_time\" content=\"2025-02-11T19:24:10+00:00\" \/>\n<meta property=\"article:modified_time\" content=\"2025-02-11T19:29:26+00:00\" \/>\n<meta property=\"og:image\" content=\"https:\/\/ecobnb.fr\/blog\/app\/uploads\/sites\/7\/2025\/02\/IMG_1221.jpeg\" \/>\n\t<meta property=\"og:image:width\" content=\"1170\" \/>\n\t<meta property=\"og:image:height\" content=\"490\" \/>\n\t<meta property=\"og:image:type\" content=\"image\/jpeg\" \/>\n<meta name=\"author\" content=\"Giulia Bellini\" \/>\n<meta name=\"twitter:card\" content=\"summary_large_image\" \/>\n<meta name=\"twitter:label1\" content=\"Written by\" \/>\n\t<meta name=\"twitter:data1\" content=\"Giulia Bellini\" \/>\n\t<meta name=\"twitter:label2\" content=\"Est. reading time\" \/>\n\t<meta name=\"twitter:data2\" content=\"6 minutes\" \/>\n<!-- \/ Yoast SEO plugin. -->","yoast_head_json":{"title":"Sculptures de Vaia : 7 chemins entre art et nature - Ecobnb","description":"Vous voulez d\u00e9couvrir les c\u00e9l\u00e8bres et belles sculptures de Vaia? Ici vous trouverez une liste des plus importantes!","robots":{"index":"index","follow":"follow","max-snippet":"max-snippet:-1","max-image-preview":"max-image-preview:large","max-video-preview":"max-video-preview:-1"},"canonical":"https:\/\/ecobnb.fr\/blog\/2025\/02\/sentiers-sculptures-vaia-oeuvres-bois-martalar\/","og_locale":"fr_FR","og_type":"article","og_title":"Sculptures de Vaia : 7 chemins entre art et nature - Ecobnb","og_description":"Vous voulez d\u00e9couvrir les c\u00e9l\u00e8bres et belles sculptures de Vaia? Ici vous trouverez une liste des plus importantes!","og_url":"https:\/\/ecobnb.fr\/blog\/2025\/02\/sentiers-sculptures-vaia-oeuvres-bois-martalar\/","og_site_name":"Ecobnb","article_published_time":"2025-02-11T19:24:10+00:00","article_modified_time":"2025-02-11T19:29:26+00:00","og_image":[{"width":1170,"height":490,"url":"https:\/\/ecobnb.fr\/blog\/app\/uploads\/sites\/7\/2025\/02\/IMG_1221.jpeg","type":"image\/jpeg"}],"author":"Giulia Bellini","twitter_card":"summary_large_image","twitter_misc":{"Written by":"Giulia Bellini","Est. reading time":"6 minutes"},"schema":{"@context":"https:\/\/schema.org","@graph":[{"@type":"WebPage","@id":"https:\/\/ecobnb.fr\/blog\/2025\/02\/sentiers-sculptures-vaia-oeuvres-bois-martalar\/","url":"https:\/\/ecobnb.fr\/blog\/2025\/02\/sentiers-sculptures-vaia-oeuvres-bois-martalar\/","name":"Sculptures de Vaia : 7 chemins entre art et nature - Ecobnb","isPartOf":{"@id":"https:\/\/ecobnb.fr\/blog\/#website"},"datePublished":"2025-02-11T19:24:10+00:00","dateModified":"2025-02-11T19:29:26+00:00","author":{"@id":"https:\/\/ecobnb.fr\/blog\/#\/schema\/person\/ed954736690eba09fb18863433684b0c"},"description":"Vous voulez d\u00e9couvrir les c\u00e9l\u00e8bres et belles sculptures de Vaia? Ici vous trouverez une liste des plus importantes!","breadcrumb":{"@id":"https:\/\/ecobnb.fr\/blog\/2025\/02\/sentiers-sculptures-vaia-oeuvres-bois-martalar\/#breadcrumb"},"inLanguage":"fr-FR","potentialAction":[{"@type":"ReadAction","target":["https:\/\/ecobnb.fr\/blog\/2025\/02\/sentiers-sculptures-vaia-oeuvres-bois-martalar\/"]}]},{"@type":"BreadcrumbList","@id":"https:\/\/ecobnb.fr\/blog\/2025\/02\/sentiers-sculptures-vaia-oeuvres-bois-martalar\/#breadcrumb","itemListElement":[{"@type":"ListItem","position":1,"name":"Home","item":"https:\/\/ecobnb.fr\/blog\/"},{"@type":"ListItem","position":2,"name":"Sur les sentiers des sculptures de Vaia\u00a0: les \u0153uvres en bois de Marco Martalar"}]},{"@type":"WebSite","@id":"https:\/\/ecobnb.fr\/blog\/#website","url":"https:\/\/ecobnb.fr\/blog\/","name":"Ecobnb","description":"Find sustainable accommodation","potentialAction":[{"@type":"SearchAction","target":{"@type":"EntryPoint","urlTemplate":"https:\/\/ecobnb.fr\/blog\/?s={search_term_string}"},"query-input":"required name=search_term_string"}],"inLanguage":"fr-FR"},{"@type":"Person","@id":"https:\/\/ecobnb.fr\/blog\/#\/schema\/person\/ed954736690eba09fb18863433684b0c","name":"Giulia Bellini","image":{"@type":"ImageObject","inLanguage":"fr-FR","@id":"https:\/\/ecobnb.fr\/blog\/#\/schema\/person\/image\/","url":"https:\/\/secure.gravatar.com\/avatar\/6389ae4ea32bead2b8fa70db43610195?s=96&d=monsterid&r=g","contentUrl":"https:\/\/secure.gravatar.com\/avatar\/6389ae4ea32bead2b8fa70db43610195?s=96&d=monsterid&r=g","caption":"Giulia Bellini"},"description":"Mi chiamo Giulia e studio lingue moderne. Sono una persona che ha sempre voglia di sperimentare e vivere nuove esperienze. Amo viaggiare e scoprire il mondo.","url":"https:\/\/ecobnb.fr\/blog\/author\/giuliabellini\/"}]}},"_links":{"self":[{"href":"https:\/\/ecobnb.fr\/blog\/wp-json\/wp\/v2\/posts\/6274"}],"collection":[{"href":"https:\/\/ecobnb.fr\/blog\/wp-json\/wp\/v2\/posts"}],"about":[{"href":"https:\/\/ecobnb.fr\/blog\/wp-json\/wp\/v2\/types\/post"}],"author":[{"embeddable":true,"href":"https:\/\/ecobnb.fr\/blog\/wp-json\/wp\/v2\/users\/189"}],"replies":[{"embeddable":true,"href":"https:\/\/ecobnb.fr\/blog\/wp-json\/wp\/v2\/comments?post=6274"}],"version-history":[{"count":6,"href":"https:\/\/ecobnb.fr\/blog\/wp-json\/wp\/v2\/posts\/6274\/revisions"}],"predecessor-version":[{"id":6287,"href":"https:\/\/ecobnb.fr\/blog\/wp-json\/wp\/v2\/posts\/6274\/revisions\/6287"}],"wp:featuredmedia":[{"embeddable":true,"href":"https:\/\/ecobnb.fr\/blog\/wp-json\/wp\/v2\/media\/6275"}],"wp:attachment":[{"href":"https:\/\/ecobnb.fr\/blog\/wp-json\/wp\/v2\/media?parent=6274"}],"wp:term":[{"taxonomy":"category","embeddable":true,"href":"https:\/\/ecobnb.fr\/blog\/wp-json\/wp\/v2\/categories?post=6274"},{"taxonomy":"post_tag","embeddable":true,"href":"https:\/\/ecobnb.fr\/blog\/wp-json\/wp\/v2\/tags?post=6274"}],"curies":[{"name":"wp","href":"https:\/\/api.w.org\/{rel}","templated":true}]}}