{"id":756,"date":"2016-07-01T07:46:26","date_gmt":"2016-07-01T07:46:26","guid":{"rendered":"https:\/\/ecobnb.fr\/blog\/?p=756"},"modified":"2024-04-13T17:38:17","modified_gmt":"2024-04-13T17:38:17","slug":"marcher-bois-italie","status":"publish","type":"post","link":"https:\/\/ecobnb.fr\/blog\/2016\/07\/marcher-bois-italie\/","title":{"rendered":"Marcher dans les bois sauve de pens\u00e9es n\u00e9gatives"},"content":{"rendered":"<p><strong>Marcher dans les bois<\/strong> aide \u00e0 combattre les pens\u00e9es n\u00e9gatives: \u00e0 le confirmer, il y a une <strong>nouvelle \u00e9tude<\/strong>, publi\u00e9e dans le magazine <em>Proceedings of the National Academy of Sciences<\/em>, men\u00e9e \u00e0 l&rsquo;Universit\u00e9 de Stanford par le chercheur <strong>Gregory Bratman<\/strong>.<\/p>\n<p>L&rsquo;<strong>\u00e9tude<\/strong> (que vous pouvez lire <strong><a href=\"http:\/\/www.pnas.org\/content\/112\/28\/8567.full.pdf\" target=\"_blank\" rel=\"noopener\">ici<\/a><\/strong>\u00a0en anglais) a impliqu\u00e9 38 sujets qui vivent dans les zones urbaines.\u00a0Les personnes ont \u00e9t\u00e9 soumis \u00e0 un questionnaire destin\u00e9 \u00e0 mesurer la tendance dans la formulation de <strong>pens\u00e9es n\u00e9gatives<\/strong> et des scans du cerveau sur le cortex pr\u00e9frontal subgenual, particuli\u00e8rement actif quand on formule des pens\u00e9es n\u00e9gatives.\u00a0Ensuite, ils ont \u00e9t\u00e9 divis\u00e9s en deux groupes: un groupe a march\u00e9 pendant 90 minutes dans un parc pr\u00e8s de Standford, tandis que l&rsquo;autre a march\u00e9 dans une rue fr\u00e9quent\u00e9e \u00e0 Palo Alto.<\/p>\n<p><img class=\"alignnone wp-image-762 size-full\" src=\"https:\/\/ecobnb.fr\/blog\/app\/uploads\/sites\/7\/2016\/06\/photo-1440965514975-4b4c4f29a39e-870x490.jpeg\" alt=\"Marcher dans les bois sauve de pens\u00e9es n\u00e9gatives\" width=\"870\" height=\"490\" srcset=\"https:\/\/ecobnb.fr\/blog\/app\/uploads\/sites\/7\/2016\/06\/photo-1440965514975-4b4c4f29a39e-870x490.jpeg 870w, https:\/\/ecobnb.fr\/blog\/app\/uploads\/sites\/7\/2016\/06\/photo-1440965514975-4b4c4f29a39e-870x490-536x302.jpeg 536w, https:\/\/ecobnb.fr\/blog\/app\/uploads\/sites\/7\/2016\/06\/photo-1440965514975-4b4c4f29a39e-870x490-570x320.jpeg 570w, https:\/\/ecobnb.fr\/blog\/app\/uploads\/sites\/7\/2016\/06\/photo-1440965514975-4b4c4f29a39e-870x490-344x194.jpeg 344w\" sizes=\"(max-width: 870px) 100vw, 870px\" \/><\/p>\n<h2>Les effets b\u00e9n\u00e9fiques de marcher dans les bois<\/h2>\n<p>Qui a march\u00e9 <strong>en contact avec la nature<\/strong> a montr\u00e9 une diminution de la formulation de pens\u00e9es n\u00e9gatives et un <strong>changement positif de l&rsquo;humeur.<\/strong> Lorsque nous nous trouvons plong\u00e9s dans la nature, au milieu des arbres et de la v\u00e9g\u00e9tation, notre rythme cardiaque ralentit, la pr\u00e9ssion est abaiss\u00e9e et <strong>l&rsquo;humeur am\u00e9liore rapidement<\/strong>.<\/p>\n<p>Donc, si l&rsquo;urbanisation apporte de nombreux avantages, elle a aussi ses inconv\u00e9nients.\u00a0Jamais plus qu&rsquo;aujourd&rsquo;hui, l&rsquo;homme vit loin de la nature: environ 50 % de la population mondiale vit dans les villes et les pr\u00e9visions disent que en 2050, nous allons atteindre le seuil de 70%. <strong>L&rsquo;urbanisation<\/strong> est souvent associ\u00e9e \u00e0 des niveaux plus \u00e9lev\u00e9s de la <strong>maladie mentale<\/strong>, tels que les troubles de l&rsquo;anxi\u00e9t\u00e9 et la d\u00e9pression. Il semble donc qu&rsquo;il y a un lien entre<strong> l&rsquo;exp\u00e9rience de la nature et de la sant\u00e9 mentale.<\/strong><\/p>\n<h2>10 id\u00e9es pour se r\u00e9fugier (et marcher) \u00e0 travers les bois en Italie<\/h2>\n<p>Il est souvent difficile de vivre en<strong> contact quotidien avec la nature<\/strong> et il devient de plus en plus important de <strong>vivre cette exp\u00e9rience<\/strong> et de retrouver ce bien-\u00eatre au moins en vacances. Voici 5 id\u00e9es pour un <strong>week-end de d\u00e9tente<\/strong> et de <strong>promenades dans les bois:<\/strong><\/p>\n<h3>1. Une colline enti\u00e8re, entour\u00e9e de verdure et de silence, en Toscane<\/h3>\n<p><img class=\"alignnone wp-image-4783 size-large\" src=\"https:\/\/ecobnb.fr\/blog\/app\/uploads\/sites\/7\/2016\/07\/agrivilla-i-pini-870x490.jpg\" alt=\"Une colline enti\u00e8re, entour\u00e9e de verdure et de silence, en Toscane\" width=\"870\" height=\"490\" srcset=\"https:\/\/ecobnb.fr\/blog\/app\/uploads\/sites\/7\/2016\/07\/agrivilla-i-pini.jpg 870w, https:\/\/ecobnb.fr\/blog\/app\/uploads\/sites\/7\/2016\/07\/agrivilla-i-pini-536x302.jpg 536w, https:\/\/ecobnb.fr\/blog\/app\/uploads\/sites\/7\/2016\/07\/agrivilla-i-pini-768x433.jpg 768w, https:\/\/ecobnb.fr\/blog\/app\/uploads\/sites\/7\/2016\/07\/agrivilla-i-pini-570x320.jpg 570w, https:\/\/ecobnb.fr\/blog\/app\/uploads\/sites\/7\/2016\/07\/agrivilla-i-pini-344x194.jpg 344w\" sizes=\"(max-width: 870px) 100vw, 870px\" \/><\/p>\n<p>Ici, toute une colline parsem\u00e9e de pins, de cypr\u00e8s, d&rsquo;oliviers et de vignes vous attend. Une oasis d\u00e9toxifiante et curative o\u00f9 vous pourrez retrouver l&rsquo;harmonie avec la nature et red\u00e9couvrir le plaisir de marcher dans les bois. La piscine naturelle d&rsquo;eau sal\u00e9e et la nourriture biologique et locale font de ce lieu une v\u00e9ritable perle de durabilit\u00e9.<\/p>\n<p><strong>Info : <a href=\"https:\/\/ecobnb.fr\/IT-siena\/farm-house\/vegan-agrivilla-i-pini\/cD551\" target=\"_blank\" rel=\"noopener\">Agrivilla i Pini v\u00e9g\u00e9talienne<\/a><\/strong><\/p>\n<h3>2. Une maison dans les bois du Pi\u00e9mont<\/h3>\n<p><img class=\"alignnone size-full wp-image-1975\" src=\"https:\/\/ecobnb.fr\/blog\/app\/uploads\/sites\/7\/2016\/07\/DSCF2431.jpg\" alt=\"Casa Payer, une maison \u00e9cologique dans les bois, dans le Pi\u00e9mont\" width=\"2176\" height=\"1448\" srcset=\"https:\/\/ecobnb.fr\/blog\/app\/uploads\/sites\/7\/2016\/07\/DSCF2431.jpg 2176w, https:\/\/ecobnb.fr\/blog\/app\/uploads\/sites\/7\/2016\/07\/DSCF2431-536x357.jpg 536w, https:\/\/ecobnb.fr\/blog\/app\/uploads\/sites\/7\/2016\/07\/DSCF2431-344x229.jpg 344w\" sizes=\"(max-width: 2176px) 100vw, 2176px\" \/><\/p>\n\n\t\t<style type=\"text\/css\">\n\t\t\t#gallery-1 {\n\t\t\t\tmargin: auto;\n\t\t\t}\n\t\t\t#gallery-1 .gallery-item {\n\t\t\t\tfloat: left;\n\t\t\t\tmargin-top: 10px;\n\t\t\t\ttext-align: center;\n\t\t\t\twidth: 50%;\n\t\t\t}\n\t\t\t#gallery-1 img {\n\t\t\t\tborder: 2px solid #cfcfcf;\n\t\t\t}\n\t\t\t#gallery-1 .gallery-caption {\n\t\t\t\tmargin-left: 0;\n\t\t\t}\n\t\t\t\/* see gallery_shortcode() in wp-includes\/media.php *\/\n\t\t<\/style>\n\t\t<div id='gallery-1' class='gallery galleryid-756 gallery-columns-2 gallery-size-medium'><dl class='gallery-item'>\n\t\t\t<dt class='gallery-icon landscape'>\n\t\t\t\t<a href='https:\/\/ecobnb.fr\/blog\/2016\/07\/marcher-bois-italie\/802632ff681f43ef7df666f1df164075297b6413\/#main'><img width=\"536\" height=\"300\" src=\"https:\/\/ecobnb.fr\/blog\/app\/uploads\/sites\/7\/2016\/07\/802632ff681f43ef7df666f1df164075297b6413-536x300.jpeg\" class=\"attachment-medium size-medium\" alt=\"Casa Payer, une maison \u00e9cologique dans les bois, dans le Pi\u00e9mont\" srcset=\"https:\/\/ecobnb.fr\/blog\/app\/uploads\/sites\/7\/2016\/07\/802632ff681f43ef7df666f1df164075297b6413-536x300.jpeg 536w, https:\/\/ecobnb.fr\/blog\/app\/uploads\/sites\/7\/2016\/07\/802632ff681f43ef7df666f1df164075297b6413-570x320.jpeg 570w, https:\/\/ecobnb.fr\/blog\/app\/uploads\/sites\/7\/2016\/07\/802632ff681f43ef7df666f1df164075297b6413-344x193.jpeg 344w, https:\/\/ecobnb.fr\/blog\/app\/uploads\/sites\/7\/2016\/07\/802632ff681f43ef7df666f1df164075297b6413.jpeg 770w\" sizes=\"(max-width: 536px) 100vw, 536px\" \/><\/a>\n\t\t\t<\/dt><\/dl><dl class='gallery-item'>\n\t\t\t<dt class='gallery-icon landscape'>\n\t\t\t\t<a href='https:\/\/ecobnb.fr\/blog\/2016\/07\/marcher-bois-italie\/4e7686c009c0ca51caa8d6ff7a2f551b3f4b5997\/#main'><img width=\"536\" height=\"300\" src=\"https:\/\/ecobnb.fr\/blog\/app\/uploads\/sites\/7\/2016\/07\/4e7686c009c0ca51caa8d6ff7a2f551b3f4b5997-536x300.jpeg\" class=\"attachment-medium size-medium\" alt=\"\" srcset=\"https:\/\/ecobnb.fr\/blog\/app\/uploads\/sites\/7\/2016\/07\/4e7686c009c0ca51caa8d6ff7a2f551b3f4b5997-536x300.jpeg 536w, https:\/\/ecobnb.fr\/blog\/app\/uploads\/sites\/7\/2016\/07\/4e7686c009c0ca51caa8d6ff7a2f551b3f4b5997-570x320.jpeg 570w, https:\/\/ecobnb.fr\/blog\/app\/uploads\/sites\/7\/2016\/07\/4e7686c009c0ca51caa8d6ff7a2f551b3f4b5997-344x193.jpeg 344w, https:\/\/ecobnb.fr\/blog\/app\/uploads\/sites\/7\/2016\/07\/4e7686c009c0ca51caa8d6ff7a2f551b3f4b5997.jpeg 770w\" sizes=\"(max-width: 536px) 100vw, 536px\" \/><\/a>\n\t\t\t<\/dt><\/dl><br style=\"clear: both\" \/>\n\t\t<\/div>\n\n<p>Trouvez votre <strong>chambre d&rsquo;h\u00f4tes v\u00e9g\u00e9talienne<\/strong> entour\u00e9e des for\u00eats de bouleaux d&rsquo;<strong>Alta Val Pellice<\/strong>, dans le Pi\u00e9mont, et d\u00e9couvrez la belle histoire de Luca et Paola qui l&rsquo;ont cr\u00e9\u00e9e en mettant l&rsquo;accent sur la durabilit\u00e9. Ce seront des vacances d\u00e9di\u00e9es \u00e0 la d\u00e9tente et \u00e0 la d\u00e9couverte. <strong>Info:\u00a0<a href=\"https:\/\/ecobnb.fr\/IT-torino\/bed-breakfast\/casa-payer-b-b-veg-nel-bosco\/QFDx5\" target=\"_blank\" rel=\"noopener\">Casa Payer<\/a><\/strong><\/p>\n<h3>3. Une petite maison dans les bois \u00e0 15 minutes de la mer de la Toscane<\/h3>\n<p><img class=\"alignnone wp-image-765 size-full\" src=\"https:\/\/ecobnb.fr\/blog\/app\/uploads\/sites\/7\/2016\/06\/2526a9412c0a374f95deff8e234996422e0b4330.jpeg\" alt=\"Une petite maison dans les bois \u00e0 15 minutes de la mer de la Toscane\" width=\"770\" height=\"431\" srcset=\"https:\/\/ecobnb.fr\/blog\/app\/uploads\/sites\/7\/2016\/06\/2526a9412c0a374f95deff8e234996422e0b4330.jpeg 770w, https:\/\/ecobnb.fr\/blog\/app\/uploads\/sites\/7\/2016\/06\/2526a9412c0a374f95deff8e234996422e0b4330-536x300.jpeg 536w, https:\/\/ecobnb.fr\/blog\/app\/uploads\/sites\/7\/2016\/06\/2526a9412c0a374f95deff8e234996422e0b4330-570x320.jpeg 570w, https:\/\/ecobnb.fr\/blog\/app\/uploads\/sites\/7\/2016\/06\/2526a9412c0a374f95deff8e234996422e0b4330-344x193.jpeg 344w\" sizes=\"(max-width: 770px) 100vw, 770px\" \/><\/p>\n<p>Une maison plong\u00e9e dans le silence des bois de ch\u00e2taigniers, qu&rsquo;on peut rejoindre seulement \u00e0 pied en 10 minutes, <strong>\u00e0 Azzano di Seravezza<\/strong>, \u00e0 15 km de la mer de la Versilia en Toscane. Info: <strong><a href=\"https:\/\/ecobnb.it\/IT-lucca\/bed-breakfast\/la-casina-nel-bosco\/HzQc9\" target=\"_blank\" rel=\"noopener\">La Casina nel Bosco<\/a><\/strong><\/p>\n<h3>4. Un abri \u00e9cologique pour d\u00e9couvrir la vie des for\u00eats, dans le Trentin<\/h3>\n<p><img class=\"alignnone wp-image-766 size-full\" src=\"https:\/\/ecobnb.fr\/blog\/app\/uploads\/sites\/7\/2016\/06\/849066cde78b1ca1116f4a7a44bb8a926a4ae0a1.jpeg\" alt=\"Un abri \u00e9cologique pour d\u00e9couvrir la vie des for\u00eats, dans le Trentin\" width=\"770\" height=\"431\" srcset=\"https:\/\/ecobnb.fr\/blog\/app\/uploads\/sites\/7\/2016\/06\/849066cde78b1ca1116f4a7a44bb8a926a4ae0a1.jpeg 770w, https:\/\/ecobnb.fr\/blog\/app\/uploads\/sites\/7\/2016\/06\/849066cde78b1ca1116f4a7a44bb8a926a4ae0a1-536x300.jpeg 536w, https:\/\/ecobnb.fr\/blog\/app\/uploads\/sites\/7\/2016\/06\/849066cde78b1ca1116f4a7a44bb8a926a4ae0a1-570x320.jpeg 570w, https:\/\/ecobnb.fr\/blog\/app\/uploads\/sites\/7\/2016\/06\/849066cde78b1ca1116f4a7a44bb8a926a4ae0a1-344x193.jpeg 344w\" sizes=\"(max-width: 770px) 100vw, 770px\" \/><\/p>\n<p>Au c\u0153ur du <strong>Parc Naturel Adamello Brenta<\/strong>, vous attend pour une maison \u00e9cologique entour\u00e9e par la v\u00e9g\u00e9tation. Vous pourrez d\u00e9couvrirez la vie des bois, en \u00e9coutant le rugissement du cerf. Info: <strong><a href=\"https:\/\/ecobnb.it\/IT-trento\/residence-o-appartamento\/casa-natura-villa-santi\/zZ7tg\" target=\"_blank\" rel=\"noopener\">Casa Natura Villa Santi<\/a><\/strong><\/p>\n<h3>5. L&rsquo;immersion totale dans la nature de la campagne sicilienne<\/h3>\n<p><img class=\"alignnone wp-image-767 size-full\" src=\"https:\/\/ecobnb.fr\/blog\/app\/uploads\/sites\/7\/2016\/06\/61a2a84de9cc7ee6e37ea31e17a39a7ce10fbb76.jpeg\" alt=\"L'immersion totale dans la nature de la campagne sicilienne\" width=\"770\" height=\"431\" srcset=\"https:\/\/ecobnb.fr\/blog\/app\/uploads\/sites\/7\/2016\/06\/61a2a84de9cc7ee6e37ea31e17a39a7ce10fbb76.jpeg 770w, https:\/\/ecobnb.fr\/blog\/app\/uploads\/sites\/7\/2016\/06\/61a2a84de9cc7ee6e37ea31e17a39a7ce10fbb76-536x300.jpeg 536w, https:\/\/ecobnb.fr\/blog\/app\/uploads\/sites\/7\/2016\/06\/61a2a84de9cc7ee6e37ea31e17a39a7ce10fbb76-570x320.jpeg 570w, https:\/\/ecobnb.fr\/blog\/app\/uploads\/sites\/7\/2016\/06\/61a2a84de9cc7ee6e37ea31e17a39a7ce10fbb76-344x193.jpeg 344w\" sizes=\"(max-width: 770px) 100vw, 770px\" \/><\/p>\n<p>Des v\u00e9los \u00e0 disposition , un grand jardin en style arabe et autour une nature vierge o\u00f9 faire de la randonn\u00e9e&#8230; Nous sommes en <strong>Sicile<\/strong>, dans la campagne de Trapani. Info: <strong><a href=\"https:\/\/ecobnb.it\/IT-trapani\/bed-breakfast\/baglio-case-colomba\/LbPSb\" target=\"_blank\" rel=\"noopener\">Baglio Case Colomba<\/a><\/strong><\/p>\n<h3>6. Votre cabane dans les arbres, dans les bois de Friuli Venezia Giulia<\/h3>\n<p><img class=\"alignnone wp-image-768 size-full\" src=\"https:\/\/ecobnb.fr\/blog\/app\/uploads\/sites\/7\/2016\/06\/232722e3813c79fb523f51cc1f23d6c205f72c5a.jpeg\" alt=\"Votre cabane dans les arbres, dans les bois de Friuli Venezia Giulia\" width=\"770\" height=\"431\" srcset=\"https:\/\/ecobnb.fr\/blog\/app\/uploads\/sites\/7\/2016\/06\/232722e3813c79fb523f51cc1f23d6c205f72c5a.jpeg 770w, https:\/\/ecobnb.fr\/blog\/app\/uploads\/sites\/7\/2016\/06\/232722e3813c79fb523f51cc1f23d6c205f72c5a-536x300.jpeg 536w, https:\/\/ecobnb.fr\/blog\/app\/uploads\/sites\/7\/2016\/06\/232722e3813c79fb523f51cc1f23d6c205f72c5a-570x320.jpeg 570w, https:\/\/ecobnb.fr\/blog\/app\/uploads\/sites\/7\/2016\/06\/232722e3813c79fb523f51cc1f23d6c205f72c5a-344x193.jpeg 344w\" sizes=\"(max-width: 770px) 100vw, 770px\" \/><\/p>\n<p>Un village touristique unique et insolite dans le vert du <strong>Parc des Dolomites du Friuli<\/strong>, pour d\u00e9couvrir dans une nouvelle fa\u00e7on de la nature, en dormant dans de petites maisons sur les arbres. Info: <strong><a href=\"https:\/\/ecobnb.it\/IT-pordenone\/campeggio\/tree-village\/G2GtP\" target=\"_blank\" rel=\"noopener\">Tree Village<\/a><\/strong><\/p>\n<h3>7. Bio-nourriture et nature dans les collines de Orvieto<\/h3>\n<p><img class=\"alignnone wp-image-769 size-full\" src=\"https:\/\/ecobnb.fr\/blog\/app\/uploads\/sites\/7\/2016\/06\/21bbbb6f6daa1237bf93b4ff143d62dcf10b3dcf.jpeg\" alt=\"Bio-nourriture et nature dans les collines de Orvieto\" width=\"770\" height=\"431\" srcset=\"https:\/\/ecobnb.fr\/blog\/app\/uploads\/sites\/7\/2016\/06\/21bbbb6f6daa1237bf93b4ff143d62dcf10b3dcf.jpeg 770w, https:\/\/ecobnb.fr\/blog\/app\/uploads\/sites\/7\/2016\/06\/21bbbb6f6daa1237bf93b4ff143d62dcf10b3dcf-536x300.jpeg 536w, https:\/\/ecobnb.fr\/blog\/app\/uploads\/sites\/7\/2016\/06\/21bbbb6f6daa1237bf93b4ff143d62dcf10b3dcf-570x320.jpeg 570w, https:\/\/ecobnb.fr\/blog\/app\/uploads\/sites\/7\/2016\/06\/21bbbb6f6daa1237bf93b4ff143d62dcf10b3dcf-344x193.jpeg 344w\" sizes=\"(max-width: 770px) 100vw, 770px\" \/><\/p>\n<p>Une retraite au c\u0153ur de l&rsquo;oasis naturelle du Mont Peglia et du <strong>Parc de la rivi\u00e8re Tibre<\/strong>, pour vous immerger dans la nature intacte \u00e0 quelques pas des belles villes de l&rsquo;Ombrie. Info: <strong><a href=\"https:\/\/ecobnb.it\/IT-terni\/agriturismo\/fattoria-ma-falda\/xW7Ns\" target=\"_blank\" rel=\"noopener\">Fattoria Ma&rsquo; Falda<\/a><\/strong><\/p>\n<h3>8. Une cabane dans les arbres en France<\/h3>\n<p><img class=\"alignnone wp-image-4781 size-large\" src=\"https:\/\/ecobnb.fr\/blog\/app\/uploads\/sites\/7\/2016\/07\/orion-1-870x490.jpg\" alt=\"Une cabane dans les arbres en France\" width=\"870\" height=\"490\" srcset=\"https:\/\/ecobnb.fr\/blog\/app\/uploads\/sites\/7\/2016\/07\/orion-1.jpg 870w, https:\/\/ecobnb.fr\/blog\/app\/uploads\/sites\/7\/2016\/07\/orion-1-536x302.jpg 536w, https:\/\/ecobnb.fr\/blog\/app\/uploads\/sites\/7\/2016\/07\/orion-1-768x433.jpg 768w, https:\/\/ecobnb.fr\/blog\/app\/uploads\/sites\/7\/2016\/07\/orion-1-570x320.jpg 570w, https:\/\/ecobnb.fr\/blog\/app\/uploads\/sites\/7\/2016\/07\/orion-1-344x194.jpg 344w\" sizes=\"(max-width: 870px) 100vw, 870px\" \/><\/p>\n<p>Renouez avec la nature en dormant dans une cabane dans les arbres nich\u00e9e dans les bois \u00e0 proximit\u00e9 du village m\u00e9di\u00e9val de Saint-Paul de Vence et de la C\u00f4te d&rsquo;Azur. Le panier petit-d\u00e9jeuner est compos\u00e9 d&rsquo;ingr\u00e9dients biologiques, de fruits de saison, de pain et de confitures maison.<\/p>\n<p><strong>Infos<\/strong>\u00a0:<a href=\"https:\/\/ecobnb.fr\/FR-alpes-maritimes\/resort\/orion-treehouses\/3ZDz0\" target=\"_blank\" rel=\"noopener\"><strong> Cabanes dans les arbres d&rsquo;Orion<\/strong><\/a><\/p>\n<h3>9. Un lieu enchant\u00e9 dans le c\u0153ur du Cilento<\/h3>\n<p><img class=\"alignnone wp-image-772 size-full\" src=\"https:\/\/ecobnb.fr\/blog\/app\/uploads\/sites\/7\/2016\/06\/fdcca05bd9acd21080a5360f6300c8a97c16f154-2.jpeg\" alt=\"Un lieu enchant\u00e9 dans le c\u0153ur du Cilento, Italie\" width=\"770\" height=\"431\" srcset=\"https:\/\/ecobnb.fr\/blog\/app\/uploads\/sites\/7\/2016\/06\/fdcca05bd9acd21080a5360f6300c8a97c16f154-2.jpeg 770w, https:\/\/ecobnb.fr\/blog\/app\/uploads\/sites\/7\/2016\/06\/fdcca05bd9acd21080a5360f6300c8a97c16f154-2-536x300.jpeg 536w, https:\/\/ecobnb.fr\/blog\/app\/uploads\/sites\/7\/2016\/06\/fdcca05bd9acd21080a5360f6300c8a97c16f154-2-570x320.jpeg 570w, https:\/\/ecobnb.fr\/blog\/app\/uploads\/sites\/7\/2016\/06\/fdcca05bd9acd21080a5360f6300c8a97c16f154-2-344x193.jpeg 344w\" sizes=\"(max-width: 770px) 100vw, 770px\" \/><\/p>\n<p>Dans le caract\u00e9ristique <strong>village de Torchiara<\/strong>, il y a une belle demeure historique, entour\u00e9e d&rsquo;oliviers et de la maquis m\u00e9diterran\u00e9en, pour des vacances entre la mer et les montagnes d&rsquo;Amalfi Gebilson ou Alburni. Info: <strong><a href=\"https:\/\/ecobnb.it\/IT-salerno\/resort\/borgo-riccio-slowholiday-in-cilento\/6WLrP\" target=\"_blank\" rel=\"noopener\">Borgo Riccio SlowHoliday \u00e0 Cilento<\/a><\/strong><\/p>\n<h3>10. Sur les pentes du Mont Amiata<\/h3>\n<p><img class=\"alignnone wp-image-773 size-full\" src=\"https:\/\/ecobnb.fr\/blog\/app\/uploads\/sites\/7\/2016\/06\/bdd9f88a9b82f3627fb027d856400b4204c1c82f.jpeg\" alt=\"Sur les pentes du Mont Amiata, italie\" width=\"770\" height=\"431\" srcset=\"https:\/\/ecobnb.fr\/blog\/app\/uploads\/sites\/7\/2016\/06\/bdd9f88a9b82f3627fb027d856400b4204c1c82f.jpeg 770w, https:\/\/ecobnb.fr\/blog\/app\/uploads\/sites\/7\/2016\/06\/bdd9f88a9b82f3627fb027d856400b4204c1c82f-536x300.jpeg 536w, https:\/\/ecobnb.fr\/blog\/app\/uploads\/sites\/7\/2016\/06\/bdd9f88a9b82f3627fb027d856400b4204c1c82f-570x320.jpeg 570w, https:\/\/ecobnb.fr\/blog\/app\/uploads\/sites\/7\/2016\/06\/bdd9f88a9b82f3627fb027d856400b4204c1c82f-344x193.jpeg 344w\" sizes=\"(max-width: 770px) 100vw, 770px\" \/><\/p>\n<p>R\u00e9fugiez-vous dans la nature entre le <strong>Mont Amiata<\/strong> et la vall\u00e9e sauvage de la rivi\u00e8re Fiora, dans un charmant B&amp;B respectueux de l&rsquo;environnement, pr\u00e8s de la station thermale de Saturnia. Info: <strong><a href=\"https:\/\/ecobnb.it\/IT-grosseto\/bed-breakfast\/b-b-agriturismo-podere-di-maggio\/507GT\" target=\"_blank\" rel=\"noopener\">B&amp;B Podere di Maggio<\/a><\/strong><\/p>\n","protected":false},"excerpt":{"rendered":"<p>Marcher dans les bois aide \u00e0 combattre les pens\u00e9es n\u00e9gatives: \u00e0 le confirmer, il y a une nouvelle \u00e9tude, publi\u00e9e dans le magazine Proceedings of the National Academy of Sciences, men\u00e9e \u00e0 l&rsquo;Universit\u00e9 de Stanford par le chercheur Gregory Bratman. L&rsquo;\u00e9tude (que vous pouvez lire ici\u00a0en anglais) a impliqu\u00e9 38 sujets qui vivent dans les [&hellip;]<\/p>\n","protected":false},"author":45,"featured_media":761,"comment_status":"closed","ping_status":"open","sticky":false,"template":"","format":"standard","meta":[],"categories":[200,195],"tags":[134,136,137,133,135,139,138,88],"acf":[],"yoast_head":"<!-- This site is optimized with the Yoast SEO plugin v19.9 - https:\/\/yoast.com\/wordpress\/plugins\/seo\/ -->\n<title>Marcher dans les bois sauve de pens\u00e9es n\u00e9gatives - Ecobnb<\/title>\n<meta name=\"description\" content=\"Marcher dans les bois a des effets positifs incroyables sur le cerveau, diminuant les pens\u00e9es n\u00e9gatives. Id\u00e9es pour se r\u00e9fugier \u00e0 travers les bois en Italie\" \/>\n<meta name=\"robots\" content=\"index, follow, max-snippet:-1, max-image-preview:large, max-video-preview:-1\" \/>\n<link rel=\"canonical\" href=\"https:\/\/ecobnb.fr\/blog\/2016\/07\/marcher-bois-italie\/\" \/>\n<meta property=\"og:locale\" content=\"fr_FR\" \/>\n<meta property=\"og:type\" content=\"article\" \/>\n<meta property=\"og:title\" content=\"Marcher dans les bois sauve de pens\u00e9es n\u00e9gatives - Ecobnb\" \/>\n<meta property=\"og:description\" content=\"Marcher dans les bois a des effets positifs incroyables sur le cerveau, diminuant les pens\u00e9es n\u00e9gatives. Id\u00e9es pour se r\u00e9fugier \u00e0 travers les bois en Italie\" \/>\n<meta property=\"og:url\" content=\"https:\/\/ecobnb.fr\/blog\/2016\/07\/marcher-bois-italie\/\" \/>\n<meta property=\"og:site_name\" content=\"Ecobnb\" \/>\n<meta property=\"article:published_time\" content=\"2016-07-01T07:46:26+00:00\" \/>\n<meta property=\"article:modified_time\" content=\"2024-04-13T17:38:17+00:00\" \/>\n<meta property=\"og:image\" content=\"https:\/\/ecobnb.fr\/blog\/app\/uploads\/sites\/7\/2016\/06\/photo-1446553009413-64b9505cacb0.jpeg\" \/>\n\t<meta property=\"og:image:width\" content=\"1170\" \/>\n\t<meta property=\"og:image:height\" content=\"490\" \/>\n\t<meta property=\"og:image:type\" content=\"image\/jpeg\" \/>\n<meta name=\"author\" content=\"Lucia Violi\" \/>\n<meta name=\"twitter:card\" content=\"summary_large_image\" \/>\n<meta name=\"twitter:label1\" content=\"Written by\" \/>\n\t<meta name=\"twitter:data1\" content=\"Lucia Violi\" \/>\n\t<meta name=\"twitter:label2\" content=\"Est. reading time\" \/>\n\t<meta name=\"twitter:data2\" content=\"7 minutes\" \/>\n<!-- \/ Yoast SEO plugin. -->","yoast_head_json":{"title":"Marcher dans les bois sauve de pens\u00e9es n\u00e9gatives - Ecobnb","description":"Marcher dans les bois a des effets positifs incroyables sur le cerveau, diminuant les pens\u00e9es n\u00e9gatives. Id\u00e9es pour se r\u00e9fugier \u00e0 travers les bois en Italie","robots":{"index":"index","follow":"follow","max-snippet":"max-snippet:-1","max-image-preview":"max-image-preview:large","max-video-preview":"max-video-preview:-1"},"canonical":"https:\/\/ecobnb.fr\/blog\/2016\/07\/marcher-bois-italie\/","og_locale":"fr_FR","og_type":"article","og_title":"Marcher dans les bois sauve de pens\u00e9es n\u00e9gatives - Ecobnb","og_description":"Marcher dans les bois a des effets positifs incroyables sur le cerveau, diminuant les pens\u00e9es n\u00e9gatives. Id\u00e9es pour se r\u00e9fugier \u00e0 travers les bois en Italie","og_url":"https:\/\/ecobnb.fr\/blog\/2016\/07\/marcher-bois-italie\/","og_site_name":"Ecobnb","article_published_time":"2016-07-01T07:46:26+00:00","article_modified_time":"2024-04-13T17:38:17+00:00","og_image":[{"width":1170,"height":490,"url":"https:\/\/ecobnb.fr\/blog\/app\/uploads\/sites\/7\/2016\/06\/photo-1446553009413-64b9505cacb0.jpeg","type":"image\/jpeg"}],"author":"Lucia Violi","twitter_card":"summary_large_image","twitter_misc":{"Written by":"Lucia Violi","Est. reading time":"7 minutes"},"schema":{"@context":"https:\/\/schema.org","@graph":[{"@type":"WebPage","@id":"https:\/\/ecobnb.fr\/blog\/2016\/07\/marcher-bois-italie\/","url":"https:\/\/ecobnb.fr\/blog\/2016\/07\/marcher-bois-italie\/","name":"Marcher dans les bois sauve de pens\u00e9es n\u00e9gatives - Ecobnb","isPartOf":{"@id":"https:\/\/ecobnb.fr\/blog\/#website"},"datePublished":"2016-07-01T07:46:26+00:00","dateModified":"2024-04-13T17:38:17+00:00","author":{"@id":"https:\/\/ecobnb.fr\/blog\/#\/schema\/person\/11d6023fb7305d806b5425d5100d35ce"},"description":"Marcher dans les bois a des effets positifs incroyables sur le cerveau, diminuant les pens\u00e9es n\u00e9gatives. Id\u00e9es pour se r\u00e9fugier \u00e0 travers les bois en Italie","breadcrumb":{"@id":"https:\/\/ecobnb.fr\/blog\/2016\/07\/marcher-bois-italie\/#breadcrumb"},"inLanguage":"fr-FR","potentialAction":[{"@type":"ReadAction","target":["https:\/\/ecobnb.fr\/blog\/2016\/07\/marcher-bois-italie\/"]}]},{"@type":"BreadcrumbList","@id":"https:\/\/ecobnb.fr\/blog\/2016\/07\/marcher-bois-italie\/#breadcrumb","itemListElement":[{"@type":"ListItem","position":1,"name":"Home","item":"https:\/\/ecobnb.fr\/blog\/"},{"@type":"ListItem","position":2,"name":"Marcher dans les bois sauve de pens\u00e9es n\u00e9gatives"}]},{"@type":"WebSite","@id":"https:\/\/ecobnb.fr\/blog\/#website","url":"https:\/\/ecobnb.fr\/blog\/","name":"Ecobnb","description":"Find sustainable accommodation","potentialAction":[{"@type":"SearchAction","target":{"@type":"EntryPoint","urlTemplate":"https:\/\/ecobnb.fr\/blog\/?s={search_term_string}"},"query-input":"required name=search_term_string"}],"inLanguage":"fr-FR"},{"@type":"Person","@id":"https:\/\/ecobnb.fr\/blog\/#\/schema\/person\/11d6023fb7305d806b5425d5100d35ce","name":"Lucia Violi","image":{"@type":"ImageObject","inLanguage":"fr-FR","@id":"https:\/\/ecobnb.fr\/blog\/#\/schema\/person\/image\/","url":"https:\/\/secure.gravatar.com\/avatar\/021337ef2223019fa81bf70de2e118ee?s=96&d=monsterid&r=g","contentUrl":"https:\/\/secure.gravatar.com\/avatar\/021337ef2223019fa81bf70de2e118ee?s=96&d=monsterid&r=g","caption":"Lucia Violi"},"description":"Parmigiana di origine, ma trentina di adozione, sono una grande sognatrice; in qualunque viaggio, amo portare con me uno zaino capiente, dove raccogliere e portare a casa emozioni, avventure e nuove conoscenze; adoro la montagna e la natura. Affascinata da tutto ci\u00f2 che \u00e8 \u201caltro\u201d dopo aver trascorso alcuni periodi all\u2019estero, tra cui Scozia e Francia, mi appassiono al turismo laureandomi in International Tourism in Svizzera. Tra le mie passioni, adoro provare diversi tipi di te, nel tempo libero salgo in sella alla mia TREK e pedalo e quando non pedalo... amo stare con la mia family e i miei amici.","url":"https:\/\/ecobnb.fr\/blog\/author\/violilucia\/"}]}},"_links":{"self":[{"href":"https:\/\/ecobnb.fr\/blog\/wp-json\/wp\/v2\/posts\/756"}],"collection":[{"href":"https:\/\/ecobnb.fr\/blog\/wp-json\/wp\/v2\/posts"}],"about":[{"href":"https:\/\/ecobnb.fr\/blog\/wp-json\/wp\/v2\/types\/post"}],"author":[{"embeddable":true,"href":"https:\/\/ecobnb.fr\/blog\/wp-json\/wp\/v2\/users\/45"}],"replies":[{"embeddable":true,"href":"https:\/\/ecobnb.fr\/blog\/wp-json\/wp\/v2\/comments?post=756"}],"version-history":[{"count":14,"href":"https:\/\/ecobnb.fr\/blog\/wp-json\/wp\/v2\/posts\/756\/revisions"}],"predecessor-version":[{"id":4786,"href":"https:\/\/ecobnb.fr\/blog\/wp-json\/wp\/v2\/posts\/756\/revisions\/4786"}],"wp:featuredmedia":[{"embeddable":true,"href":"https:\/\/ecobnb.fr\/blog\/wp-json\/wp\/v2\/media\/761"}],"wp:attachment":[{"href":"https:\/\/ecobnb.fr\/blog\/wp-json\/wp\/v2\/media?parent=756"}],"wp:term":[{"taxonomy":"category","embeddable":true,"href":"https:\/\/ecobnb.fr\/blog\/wp-json\/wp\/v2\/categories?post=756"},{"taxonomy":"post_tag","embeddable":true,"href":"https:\/\/ecobnb.fr\/blog\/wp-json\/wp\/v2\/tags?post=756"}],"curies":[{"name":"wp","href":"https:\/\/api.w.org\/{rel}","templated":true}]}}